{"id":24315,"date":"2022-01-24T13:57:50","date_gmt":"2022-01-24T16:57:50","guid":{"rendered":"https:\/\/grandepremio.com\/es\/2022\/01\/24\/albon-revela-falta-de-tests-antes-de-debut-el-piloto-menos-preparado\/"},"modified":"2022-01-24T13:59:54","modified_gmt":"2022-01-24T16:59:54","slug":"albon-revela-falta-de-tests-antes-de-debut-el-piloto-menos-preparado","status":"publish","type":"post","link":"https:\/\/grandepremio.com\/es\/f1\/albon-revela-falta-de-tests-antes-de-debut-el-piloto-menos-preparado\/","title":{"rendered":"Albon revela falta de tests antes de debut en 2019: \u201cEl piloto con menos preparaci\u00f3n\u201d"},"content":{"rendered":"\n<p class=\"wp-block-paragraph\"><a href=\"https:\/\/grandepremio.com\/es\/\/f1\/williams-anuncia-a-albon-en-lugar-de-russell-y-sigue-con-latifi-para-2022\/\">Alexander Albon volver\u00e1 a la parrilla de la F\u00f3rmula 1 en 2022<\/a>, y por primera vez no correr\u00e1 en uno de los equipos de Red Bull: ser\u00e1 piloto de Williams, en sustituci\u00f3n de George Russell -que se fue a Mercedes-. Y recordando su trayectoria en la categor\u00eda, que comenz\u00f3 en 2019 con Toro Rosso (ahora AlphaTauri), Albon cree que no tuvo la preparaci\u00f3n necesaria para estar en la m\u00e1xima categor\u00eda del automovilismo, ya que se enter\u00f3 de la noticia a \u00faltima hora y no tuvo tiempo de entrenar lo suficiente.<\/p>\n\n\n\n<p class=\"wp-block-paragraph\">&#8220;Fui uno de los pilotos menos preparados de la historia para entrar en la F\u00f3rmula 1&#8221;, coment\u00f3 Albon al podcast del portal Motor Sport Magazine. &#8220;Porque creo que todo el mundo hace pruebas antes de llegar a la F1, pero mi primer test fue literalmente el primer d\u00eda en Barcelona [en pretemporada], y eso fue todo. \u00a1Y yo gir\u00e9! Hice un trompo inmediatamente en la cuarta curva y pens\u00e9: &#8216;Dios, \u00bfen qu\u00e9 me he metido?<\/p>\n\n\n\n<p class=\"wp-block-paragraph\">Albon dijo que su objetivo siempre hab\u00eda sido llegar a la F\u00f3rmula 1. Sin embargo, ya ten\u00eda un acuerdo para defender a Nissan en la categor\u00eda de monoplazas el\u00e9ctricos de la F\u00f3rmula E. Al cerrar su participaci\u00f3n en la temporada 2018 de F2, el tailand\u00e9s recibi\u00f3 a \u00faltima hora la posibilidad de ir a Toro Rosso en 2019.<\/p>\n\n\n\n<p class=\"wp-block-paragraph\"><strong>\u00a1Conoce el canal de Gran Premio en\u00a0<a href=\"https:\/\/www.youtube.com\/c\/GrandePremioTV\">YouTube<\/a>!<br>\u00a1Sigue a Gran Premio en\u00a0<a href=\"https:\/\/twitter.com\/granpremioes\" target=\"_blank\" rel=\"noreferrer noopener\">Twitter\u00a0<\/a>y en\u00a0<a href=\"https:\/\/instagram.com\/granpremio_es\" target=\"_blank\" rel=\"noreferrer noopener\">Instagram<\/a>!<\/strong><\/p>\n\n\n\n<figure class=\"wp-block-image size-large\"><img decoding=\"async\" src=\"https:\/\/grandepremio.com\/es\/\/wp-content\/uploads\/2022\/01\/SI201908021152_news-1024x683.jpg\" alt=\"\" class=\"wp-image-50190\"\/><figcaption>Alex Albon record\u00f3 sus inicios en la F\u00f3rmula 1 con Toro Rosso en 2019. (Foto: Peter Fox\/Getty Images)<\/figcaption><\/figure>\n\n\n\n<p class=\"wp-block-paragraph\">&#8220;Sucedi\u00f3 en el \u00faltimo minuto. No quiero entrar en detalles sobre c\u00f3mo ocurri\u00f3, pero fue complicado&#8221;, explic\u00f3. &#8220;Evidentemente, ya estaba en en Nissan, as\u00ed que no fue tan f\u00e1cil pasar de la F\u00f3rmula E a la F\u00f3rmula 1&#8221;, admiti\u00f3.<\/p>\n\n\n\n<p class=\"wp-block-paragraph\">&#8220;Por supuesto, como cualquier piloto de mi edad, siempre quise estar en la F\u00f3rmula 1&#8221;, subray\u00f3. &#8220;Es el objetivo que ten\u00eda desde que era un ni\u00f1o. Pero s\u00ed, tuvimos que llegar a un acuerdo, y una vez que lo hicimos, eso fue todo&#8221;, coment\u00f3.<\/p>\n\n\n\n<p class=\"wp-block-paragraph\">Adem\u00e1s del acuerdo para conducir en la F\u00f3rmula E, Albon admiti\u00f3 que no esperaba la invitaci\u00f3n porque no hab\u00eda participado en los programas del equipo durante todo el a\u00f1o, un m\u00e9todo utilizado para iniciar la adaptaci\u00f3n de los j\u00f3venes pilotos que aspiran a ascender a la F1. As\u00ed, el tailand\u00e9s expres\u00f3 toda la sorpresa con la que recibi\u00f3 la noticia de que estar\u00eda en la categor\u00eda al a\u00f1o siguiente.<\/p>\n\n\n\n<figure class=\"wp-block-image size-large\"><img decoding=\"async\" src=\"https:\/\/grandepremio.com\/es\/\/wp-content\/uploads\/2022\/01\/SI201908020956_news-1024x683.jpg\" alt=\"\" class=\"wp-image-50191\"\/><figcaption>Toro Rosso STR14 de 2019, el primer auto de Alex Albon en la F\u00f3rmula 1. (Foto: Charles Coates\/Getty Images)<\/figcaption><\/figure>\n\n\n\n<p class=\"wp-block-paragraph\">&#8220;Fue un proceso muy r\u00e1pido&#8221;, declar\u00f3 Albon. &#8220;Y en ning\u00fan momento hasta el final de la temporada, en Rusia [en la F2], hab\u00eda pensado que la F1 era posible. Como estuve tanto tiempo sin formar parte de un programa, no me invitaron a hacerlo, no hab\u00eda tenido ese tipo de oportunidad&#8221;, reconoci\u00f3.<\/p>\n\n\n\n<p class=\"wp-block-paragraph\">&#8220;Y de repente, en las dos \u00faltimas carreras de mi carrera en la F2, me llega esta oportunidad y me voy a la F1&#8221;, a\u00f1adi\u00f3.<\/p>\n\n\n\n<p class=\"wp-block-paragraph\">Todav\u00eda en su primera temporada en la F\u00f3rmula 1, Albon ascendi\u00f3 a Red Bull para formar parte del equipo principal en lugar de Pierre Gasly, que regres\u00f3 a AlphaTauri por su falta de adaptaci\u00f3n. El tailand\u00e9s hizo la temporada 2020 completa como compa\u00f1ero de Max Verstappen y, sin resultados satisfactorios, abandon\u00f3 el equipo en 2021 para darle paso al mexicano Sergio P\u00e9rez.<\/p>\n","protected":false},"excerpt":{"rendered":"<p>Alex Albon, piloto de Williams para la temporada 2022 de F\u00f3rmula 1, record\u00f3 su imprevisto debut en la categor\u00eda con Toro Rosso en 2019.<\/p>\n","protected":false},"author":0,"featured_media":1010048764,"comment_status":"closed","ping_status":"closed","sticky":false,"template":"","format":"standard","meta":{"42wp_featured_image_caption":"","42wp_featured_image_credits":"","42wp_featured_video":"","42wp_featured_image_hidden":false,"42wp_authors_list":[],"footnotes":""},"categories":[5],"tags":[262,508,181,2004,1233,1495,179,249,206,846],"42wp_author":[14223],"class_list":["post-24315","post","type-post","status-publish","format-standard","has-post-thumbnail","hentry","category-f1","tag-alex-albon","tag-alphatauri","tag-f1","tag-f1-2019","tag-f1-2021","tag-f1-2022","tag-formula-1","tag-max-verstappen","tag-red-bull","tag-toro-rosso","42wp_author-esteban-nieto"],"_links":{"self":[{"href":"https:\/\/grandepremio.com\/es\/wp-json\/wp\/v2\/posts\/24315","targetHints":{"allow":["GET"]}}],"collection":[{"href":"https:\/\/grandepremio.com\/es\/wp-json\/wp\/v2\/posts"}],"about":[{"href":"https:\/\/grandepremio.com\/es\/wp-json\/wp\/v2\/types\/post"}],"replies":[{"embeddable":true,"href":"https:\/\/grandepremio.com\/es\/wp-json\/wp\/v2\/comments?post=24315"}],"version-history":[{"count":0,"href":"https:\/\/grandepremio.com\/es\/wp-json\/wp\/v2\/posts\/24315\/revisions"}],"wp:featuredmedia":[{"embeddable":true,"href":"https:\/\/grandepremio.com\/es\/wp-json\/wp\/v2\/media\/1010048764"}],"wp:attachment":[{"href":"https:\/\/grandepremio.com\/es\/wp-json\/wp\/v2\/media?parent=24315"}],"wp:term":[{"taxonomy":"category","embeddable":true,"href":"https:\/\/grandepremio.com\/es\/wp-json\/wp\/v2\/categories?post=24315"},{"taxonomy":"post_tag","embeddable":true,"href":"https:\/\/grandepremio.com\/es\/wp-json\/wp\/v2\/tags?post=24315"},{"taxonomy":"42wp_author","embeddable":true,"href":"https:\/\/grandepremio.com\/es\/wp-json\/wp\/v2\/42wp_author?post=24315"}],"curies":[{"name":"wp","href":"https:\/\/api.w.org\/{rel}","templated":true}]}}