{"id":24328,"date":"2022-01-22T16:56:20","date_gmt":"2022-01-22T19:56:20","guid":{"rendered":"https:\/\/grandepremio.com\/es\/2022\/01\/22\/ogier-se-impone-ante-loeb-en-el-penultimo-dia-del-rally-de-montecarlo\/"},"modified":"2022-01-22T17:00:32","modified_gmt":"2022-01-22T20:00:32","slug":"ogier-se-impone-ante-loeb-en-el-penultimo-dia-del-rally-de-montecarlo","status":"publish","type":"post","link":"https:\/\/grandepremio.com\/es\/rally\/ogier-se-impone-ante-loeb-en-el-penultimo-dia-del-rally-de-montecarlo\/","title":{"rendered":"Ogier se impone ante Loeb en el pen\u00faltimo d\u00eda del Rally de Montecarlo"},"content":{"rendered":"\n<p class=\"wp-block-paragraph\">S\u00e9bastien Ogier captur\u00f3 la punta este s\u00e1bado en la pen\u00faltima jornada <a href=\"https:\/\/grandepremio.com\/es\/\/rally\/fourmaux-vuelca-y-cae-a-un-precipicio-en-el-inicio-del-rally-de-montecarlo\/\">del Rally de Montecarlo<\/a>, que abre la temporada 2022 del WRC. El franc\u00e9s, vigente campe\u00f3n de la competici\u00f3n, super\u00f3 al nueve veces campe\u00f3n S\u00e9bastien Loeb y qued\u00f3 como nuevo l\u00edder la prueba por delante de su connacional.<\/p>\n\n\n\n<p class=\"wp-block-paragraph\">En condiciones adversas, con nieve y hielo en la pista, Ogier gan\u00f3 a bordo de su Toyota Yaris GR dos de las tres pruebas de la ma\u00f1ana en Montecarlo. La carrera contra Loeb fue muy re\u00f1ida, decidida sobre todo por la elecci\u00f3n de los neum\u00e1ticos, aumentando la ventaja a 21s en la clasificaci\u00f3n general.<\/p>\n\n\n\n<p class=\"wp-block-paragraph\"><strong>\u00a1Conoce el canal de Gran Premio en&nbsp;<a href=\"https:\/\/www.youtube.com\/c\/GrandePremioTV\">YouTube<\/a>!<br>\u00a1Sigue a Gran Premio en&nbsp;<a href=\"https:\/\/twitter.com\/granpremioes\" target=\"_blank\" rel=\"noreferrer noopener\">Twitter&nbsp;<\/a>y en&nbsp;<a href=\"https:\/\/instagram.com\/granpremio_es\" target=\"_blank\" rel=\"noreferrer noopener\">Instagram<\/a>!<\/strong><\/p>\n\n\n\n<figure class=\"wp-block-video\"><video class=\"video-js vjs-big-play-centered\" data-gp-vjs=\"1\" controls src=\"https:\/\/www.grandepremio.com\/br\/wp-content\/uploads\/2022\/01\/Adrien-Fourmaux-acidente-rally-Monte-Carlo.mp4\"><\/video><figcaption>El accidente de Adrien Fourmaux en el Rally de Montecarlo. Tanto piloto como copiloto resultaron ilesos. (Video: WRC)<\/figcaption><\/figure>\n\n\n\n<p class=\"wp-block-paragraph\">Loeb, con un Ford Puma, cerr\u00f3 la jornada con un segundo puesto en la general. Craig Breen, tambi\u00e9n del \u00f3valo obtuvo el tercer puesto. Kalle Rovanper\u00e4, Gus Greensmith y Thierry Neuville completan los seis primeros puestos hasta el momento.<\/p>\n\n\n\n<p class=\"wp-block-paragraph\">El d\u00eda a\u00fan estuvo marcado por algunos accidentes. Elfyn Evans, Thierry Neuville y \u00d6tt Tanak fueron algunas de las v\u00edctimas de las duras condiciones del principado. As\u00edmismo, durante la actividad del viernes, el franc\u00e9s Adrien Fourmaux cay\u00f3 con su Ford Puma a un precipicio de 30 metros, aunque sin consecuencias f\u00edsicas.<\/p>\n\n\n\n<p class=\"wp-block-paragraph\">La primera prueba del Campeonato del Mundo de Rally de este a\u00f1o concluye el domingo, con otras cuatro etapas disputadas en Montecarlo para coronar al primer vencedor de la temporada 2022.<\/p>\n","protected":false},"excerpt":{"rendered":"<p>S\u00e9bastien Ogier, con Toyota Yaris, lidera la clasificaci\u00f3n general cuando resta un d\u00eda para el final del Rally de Montecarlo del WRC. <\/p>\n","protected":false},"author":0,"featured_media":1010050133,"comment_status":"closed","ping_status":"closed","sticky":false,"template":"","format":"standard","meta":{"42wp_featured_image_caption":"","42wp_featured_image_credits":"","42wp_featured_video":"","42wp_featured_image_hidden":false,"42wp_authors_list":[],"footnotes":""},"categories":[9],"tags":[2105,452,2103,2017,2107,2108,1226],"42wp_author":[14223],"class_list":["post-24328","post","type-post","status-publish","format-standard","has-post-thumbnail","hentry","category-rally","tag-ford-puma","tag-rally","tag-rally-de-montecarlo","tag-sebastien-loeb-3","tag-sebastien-ogier-2","tag-toyota-yaris","tag-wrc","42wp_author-esteban-nieto"],"_links":{"self":[{"href":"https:\/\/grandepremio.com\/es\/wp-json\/wp\/v2\/posts\/24328","targetHints":{"allow":["GET"]}}],"collection":[{"href":"https:\/\/grandepremio.com\/es\/wp-json\/wp\/v2\/posts"}],"about":[{"href":"https:\/\/grandepremio.com\/es\/wp-json\/wp\/v2\/types\/post"}],"replies":[{"embeddable":true,"href":"https:\/\/grandepremio.com\/es\/wp-json\/wp\/v2\/comments?post=24328"}],"version-history":[{"count":0,"href":"https:\/\/grandepremio.com\/es\/wp-json\/wp\/v2\/posts\/24328\/revisions"}],"wp:featuredmedia":[{"embeddable":true,"href":"https:\/\/grandepremio.com\/es\/wp-json\/wp\/v2\/media\/1010050133"}],"wp:attachment":[{"href":"https:\/\/grandepremio.com\/es\/wp-json\/wp\/v2\/media?parent=24328"}],"wp:term":[{"taxonomy":"category","embeddable":true,"href":"https:\/\/grandepremio.com\/es\/wp-json\/wp\/v2\/categories?post=24328"},{"taxonomy":"post_tag","embeddable":true,"href":"https:\/\/grandepremio.com\/es\/wp-json\/wp\/v2\/tags?post=24328"},{"taxonomy":"42wp_author","embeddable":true,"href":"https:\/\/grandepremio.com\/es\/wp-json\/wp\/v2\/42wp_author?post=24328"}],"curies":[{"name":"wp","href":"https:\/\/api.w.org\/{rel}","templated":true}]}}