{"id":24338,"date":"2022-01-21T14:02:40","date_gmt":"2022-01-21T17:02:40","guid":{"rendered":"https:\/\/grandepremio.com\/es\/2022\/01\/21\/fourmaux-vuelca-y-cae-a-un-precipicio-en-el-inicio-del-rally-de-montecarlo\/"},"modified":"2022-01-21T14:47:48","modified_gmt":"2022-01-21T17:47:48","slug":"fourmaux-vuelca-y-cae-a-un-precipicio-en-el-inicio-del-rally-de-montecarlo","status":"publish","type":"post","link":"https:\/\/grandepremio.com\/es\/rally\/fourmaux-vuelca-y-cae-a-un-precipicio-en-el-inicio-del-rally-de-montecarlo\/","title":{"rendered":"Fourmaux vuelca y cae a un precipicio en el comienzo del Rally de Montecarlo del WRC"},"content":{"rendered":"\n<p class=\"wp-block-paragraph\">Las nuevas c\u00e9lulas de seguridad del Campeonato del Mundo de Rally -WRC- han sido probadas en el inicio de la temporada 2022. El franc\u00e9s Adrien Fourmaux y su navegante, Alexandre Coria, sufrieron un impresionante accidente este viernes, justo en el comienzo del tradicional Rally de Montecarlo que abre la temporada del Campeonato del Mundo.<\/p>\n\n\n\n<p class=\"wp-block-paragraph\">Fourmaux se encontraba en la cuarta posici\u00f3n de la general al comienzo de la jornada, pero perdi\u00f3 el control de su Ford Puma en una curva y choc\u00f3 contra una monta\u00f1a. El impacto hizo que el auto volcara y se precipitara por el lado opuesto del camino. La ca\u00edda por el acantilado fue el equivalente a 30 metros, aunque no exactamente vertical. El piloto y el navegante resultaron ilesos.<\/p>\n\n\n\n<p class=\"wp-block-paragraph\">&#8220;Este es un mensaje para decir que Alexandre y yo estamos bien. Es una gran decepci\u00f3n para m\u00ed. Ha pasado un a\u00f1o desde que modelamos el equipo con Ford, ten\u00edamos grandes expectativas para este rally y mi primera temporada&#8221;, se lament\u00f3 Fourmaux en Twitter. Fue tambi\u00e9n el primer incidente de consideraci\u00f3n del flamante Puma, que Ford puso en pista esta temporada en reemplazo del Fiesta WRC.<\/p>\n\n\n\n<p class=\"wp-block-paragraph\"><strong>\u00a1Conoce el canal de Gran Premio en\u00a0<a href=\"https:\/\/www.youtube.com\/c\/GrandePremioTV\">YouTube<\/a>!<br>\u00a1Sigue a Gran Premio en\u00a0<a href=\"https:\/\/twitter.com\/granpremioes\" target=\"_blank\" rel=\"noreferrer noopener\">Twitter\u00a0<\/a>y en\u00a0<a href=\"https:\/\/instagram.com\/granpremio_es\" target=\"_blank\" rel=\"noreferrer noopener\">Instagram<\/a>!<\/strong><\/p>\n\n\n\n<figure class=\"wp-block-video\"><video class=\"video-js vjs-big-play-centered\" data-gp-vjs=\"1\" controls src=\"https:\/\/www.grandepremio.com\/br\/wp-content\/uploads\/2022\/01\/Adrien-Fourmaux-acidente-rally-Monte-Carlo.mp4\"><\/video><figcaption>Accidente de Adrien Fourmaux en Montecarlo (Video: WRC)<\/figcaption><\/figure>\n\n\n\n<p class=\"wp-block-paragraph\">&#8220;Fue un accidente muy grave, incluso desde el punto de vista visual&#8221;, dijo Richard Millener, jefe del equipo. &#8220;Por lo que se ve, parec\u00eda que entraba en una esquina muy sucia y trataba de cortar la l\u00ednea normal. Imagino que los autos que pasaron por all\u00ed dejaron barro\u2026 Acab\u00f3 chocando la colina, volc\u00f3 y sali\u00f3 despedido por encima de la barrera unos 30 metros m\u00e1s abajo&#8221;, coment\u00f3.<\/p>\n\n\n\n<p class=\"wp-block-paragraph\">&#8220;El coche parece bastante da\u00f1ado, as\u00ed que sospecho que es el final del rally para \u00e9l. Es una pena. No quer\u00edamos eso, hab\u00edamos hablado de asegurarnos de llegar al final. Es dif\u00edcil cuando tienes una buena confianza en el auto. Sus comentarios de anoche fueron muy positivos, y hoy ha empezado bien. Es una dura lecci\u00f3n en el ciclo de desarrollo. No hay mucho que podamos hacer&#8221;, concluy\u00f3. <\/p>\n\n\n\n<p class=\"wp-block-paragraph\">En el Rally de Montecarlo de 2022, tambi\u00e9n se destaca la presencia de dos legendarios multicampeones. S\u00e9bastien Loeb compite con un Ford, mientras <a href=\"https:\/\/grandepremio.com\/es\/\/rally\/ogier-bate-a-evans-vence-rally-de-monza-y-gana-su-octavo-titulo-en-wrc\/\">que el monarca de 2021, S\u00e9bastien Ogier<\/a>, lo hace con Toyota.<\/p>\n","protected":false},"excerpt":{"rendered":"<p>El franc\u00e9s Adrien Fourmaux protagoniz\u00f3 un aparatoso accidente en el Rally de Montecarlo, afortunadamente sin consecuencias f\u00edsicas.<\/p>\n","protected":false},"author":0,"featured_media":1000536455,"comment_status":"closed","ping_status":"closed","sticky":false,"template":"","format":"standard","meta":{"42wp_featured_image_caption":"","42wp_featured_image_credits":"","42wp_featured_video":"","42wp_featured_image_hidden":false,"42wp_authors_list":[],"footnotes":""},"categories":[9],"tags":[2104,2105,452,2103],"42wp_author":[14223],"class_list":["post-24338","post","type-post","status-publish","format-standard","has-post-thumbnail","hentry","category-rally","tag-adrien-fourmaux","tag-ford-puma","tag-rally","tag-rally-de-montecarlo","42wp_author-esteban-nieto"],"_links":{"self":[{"href":"https:\/\/grandepremio.com\/es\/wp-json\/wp\/v2\/posts\/24338","targetHints":{"allow":["GET"]}}],"collection":[{"href":"https:\/\/grandepremio.com\/es\/wp-json\/wp\/v2\/posts"}],"about":[{"href":"https:\/\/grandepremio.com\/es\/wp-json\/wp\/v2\/types\/post"}],"replies":[{"embeddable":true,"href":"https:\/\/grandepremio.com\/es\/wp-json\/wp\/v2\/comments?post=24338"}],"version-history":[{"count":0,"href":"https:\/\/grandepremio.com\/es\/wp-json\/wp\/v2\/posts\/24338\/revisions"}],"wp:featuredmedia":[{"embeddable":true,"href":"https:\/\/grandepremio.com\/es\/wp-json\/wp\/v2\/media\/1000536455"}],"wp:attachment":[{"href":"https:\/\/grandepremio.com\/es\/wp-json\/wp\/v2\/media?parent=24338"}],"wp:term":[{"taxonomy":"category","embeddable":true,"href":"https:\/\/grandepremio.com\/es\/wp-json\/wp\/v2\/categories?post=24338"},{"taxonomy":"post_tag","embeddable":true,"href":"https:\/\/grandepremio.com\/es\/wp-json\/wp\/v2\/tags?post=24338"},{"taxonomy":"42wp_author","embeddable":true,"href":"https:\/\/grandepremio.com\/es\/wp-json\/wp\/v2\/42wp_author?post=24338"}],"curies":[{"name":"wp","href":"https:\/\/api.w.org\/{rel}","templated":true}]}}