{"id":24363,"date":"2022-01-19T09:53:43","date_gmt":"2022-01-19T12:53:43","guid":{"rendered":"https:\/\/grandepremio.com\/es\/2022\/01\/19\/red-bull-libera-a-fallows-para-el-cargo-de-director-tecnico-en-aston-martin\/"},"modified":"2022-01-19T10:02:47","modified_gmt":"2022-01-19T13:02:47","slug":"red-bull-libera-a-fallows-para-el-cargo-de-director-tecnico-en-aston-martin","status":"publish","type":"post","link":"https:\/\/grandepremio.com\/es\/f1\/red-bull-libera-a-fallows-para-el-cargo-de-director-tecnico-en-aston-martin\/","title":{"rendered":"Red Bull libera a Fallows para asumir el cargo de director t\u00e9cnico en Aston Martin"},"content":{"rendered":"\n<p class=\"wp-block-paragraph\">Aston Martin lleg\u00f3 a un acuerdo con Red Bull para que el ingeniero Dan Fallows pueda empezar a trabajar en el equipo de Lawrence Stroll en 2022. El profesional se unir\u00e1 al equipo de Sebastian Vettel y Lance Stroll a partir de abril.<\/p>\n\n\n\n<p class=\"wp-block-paragraph\">Fallows hab\u00eda entrado a trabajar a Red Bull en 2006. Su \u00faltimo cargo fue el de jefe de aerodinamia, puesto que ocupaba desde 2014, cuando fue ascendido tras la marcha de Peter Prodromou. Ahora, el brit\u00e1nico se convertir\u00e1 en el director t\u00e9cnico de Aston Martin.<\/p>\n\n\n\n<p class=\"wp-block-paragraph\">La escuder\u00eda austr\u00edaca hab\u00eda insistido en mantener a Fallows en su junta directiva hasta el final de su contrato, mientras que el equipo brit\u00e1nico esperaba poder empezar a trabajar con el ingeniero a principios de este a\u00f1o, una vez cumplido un per\u00edodo de licencia.<\/p>\n\n\n\n<p class=\"wp-block-paragraph\">Sin embargo, el acuerdo para liberar al ingeniero s\u00f3lo fue posible despu\u00e9s de que las partes acudieran a los tribunales. La idea del equipo de bebidas energ\u00e9ticas era intentar seguir con el dise\u00f1ador hasta mediados de 2023.<\/p>\n\n\n\n<p class=\"wp-block-paragraph\"><strong>\u00a1Conoce el canal de Gran Premio en\u00a0<a href=\"https:\/\/www.youtube.com\/c\/GrandePremioTV\">YouTube<\/a>!<br>\u00a1Sigue a Gran Premio en\u00a0<a href=\"https:\/\/twitter.com\/granpremioes\" target=\"_blank\" rel=\"noreferrer noopener\">Twitter\u00a0<\/a>y en\u00a0<a href=\"https:\/\/instagram.com\/granpremio_es\" target=\"_blank\" rel=\"noreferrer noopener\">Instagram<\/a>!<\/strong><\/p>\n\n\n\n<figure class=\"wp-block-image size-large\"><img decoding=\"async\" src=\"https:\/\/grandepremio.com\/es\/\/wp-content\/uploads\/2021\/06\/SI201501050086_news-1024x698.jpg\" alt=\"\" class=\"wp-image-24026\"\/><figcaption>Dan Fallows es considerado el N\u00ba2 de Red Bull en la parte t\u00e9cnica detr\u00e1s de Adrian Newey. (Foto: Getty Images\/ Red Bull Content Pool)<\/figcaption><\/figure>\n\n\n\n<p class=\"wp-block-paragraph\">Los dos equipos anunciaron conjuntamente el entendimiento. &#8220;Red Bull y Aston Martin se complacen en anunciar que llegaron a un acuerdo sobre el periodo de preaviso de Dan Fallows. Dan se unir\u00e1 a Aston Martin el 2 de abril de 2022; hasta entonces, seguir\u00e1 siendo un empleado de Red Bull&#8221;, revel\u00f3 el comunicado divulgado este martes.<\/p>\n\n\n\n<p class=\"wp-block-paragraph\">&#8220;Estamos encantados de haber llegado a un acuerdo con Red Bull. Ellos liberar\u00e1n a Dan antes del fin de su contrato y esperamos que se una al equipo&#8221;, coment\u00f3 el jefe de Aston Martin, Martin Whitmarsh.<\/p>\n\n\n\n<p class=\"wp-block-paragraph\">&#8220;Disfrut\u00e9 de muchos a\u00f1os felices en Red Bull y estoy orgulloso de lo que hemos conseguido. Estoy deseando que llegue la pr\u00f3xima temporada y un nuevo reto&#8221;, a\u00f1adi\u00f3 Fallows.<\/p>\n\n\n\n<p class=\"wp-block-paragraph\">Puede que Fallows no sea reconocido por el p\u00fablico en general, pero es una de las figuras m\u00e1s importantes de la historia t\u00e9cnica de Red Bull. Ser\u00eda muy dif\u00edcil imaginar que el ingeniero pudiera ir m\u00e1s all\u00e1 de donde ya estaba en la f\u00e1brica de Milton Keynes, dado que el puesto principal pertenece a Adrian Newey. Pero no es una exageraci\u00f3n decir que Fallows es el n\u00famero 2.<\/p>\n\n\n\n<p class=\"wp-block-paragraph\">La contrataci\u00f3n del aerodinamista brit\u00e1nico <a href=\"https:\/\/grandepremio.com\/es\/\/f1\/aston-martin-contrata-a-ingeniero-de-red-bull-como-nuevo-director-tecnico\/\">se anunci\u00f3 durante la temporada 2021, a mediados de junio<\/a>.  <\/p>\n","protected":false},"excerpt":{"rendered":"<p>Tras un acuerdo en tribunales, el jefe de aerodinamia de Red Bull se unir\u00e1 en abril a Aston Martin para asumir el cargo de director t\u00e9cnico.<\/p>\n","protected":false},"author":0,"featured_media":1010024025,"comment_status":"closed","ping_status":"closed","sticky":false,"template":"","format":"standard","meta":{"42wp_featured_image_caption":"","42wp_featured_image_credits":"","42wp_featured_video":"","42wp_featured_image_hidden":false,"42wp_authors_list":[],"footnotes":""},"categories":[5],"tags":[209,1454,181,1233,1495,179,249,206],"42wp_author":[14223],"class_list":["post-24363","post","type-post","status-publish","format-standard","has-post-thumbnail","hentry","category-f1","tag-aston-martin","tag-dan-fallows","tag-f1","tag-f1-2021","tag-f1-2022","tag-formula-1","tag-max-verstappen","tag-red-bull","42wp_author-esteban-nieto"],"_links":{"self":[{"href":"https:\/\/grandepremio.com\/es\/wp-json\/wp\/v2\/posts\/24363","targetHints":{"allow":["GET"]}}],"collection":[{"href":"https:\/\/grandepremio.com\/es\/wp-json\/wp\/v2\/posts"}],"about":[{"href":"https:\/\/grandepremio.com\/es\/wp-json\/wp\/v2\/types\/post"}],"replies":[{"embeddable":true,"href":"https:\/\/grandepremio.com\/es\/wp-json\/wp\/v2\/comments?post=24363"}],"version-history":[{"count":0,"href":"https:\/\/grandepremio.com\/es\/wp-json\/wp\/v2\/posts\/24363\/revisions"}],"wp:featuredmedia":[{"embeddable":true,"href":"https:\/\/grandepremio.com\/es\/wp-json\/wp\/v2\/media\/1010024025"}],"wp:attachment":[{"href":"https:\/\/grandepremio.com\/es\/wp-json\/wp\/v2\/media?parent=24363"}],"wp:term":[{"taxonomy":"category","embeddable":true,"href":"https:\/\/grandepremio.com\/es\/wp-json\/wp\/v2\/categories?post=24363"},{"taxonomy":"post_tag","embeddable":true,"href":"https:\/\/grandepremio.com\/es\/wp-json\/wp\/v2\/tags?post=24363"},{"taxonomy":"42wp_author","embeddable":true,"href":"https:\/\/grandepremio.com\/es\/wp-json\/wp\/v2\/42wp_author?post=24363"}],"curies":[{"name":"wp","href":"https:\/\/api.w.org\/{rel}","templated":true}]}}