{"id":24371,"date":"2022-01-18T10:54:24","date_gmt":"2022-01-18T13:54:24","guid":{"rendered":"https:\/\/grandepremio.com\/es\/2022\/01\/18\/prost-irritado-tras-su-despido-de-alpine-el-ceo-queria-el-protagonismo\/"},"modified":"2022-01-18T11:03:49","modified_gmt":"2022-01-18T14:03:49","slug":"prost-irritado-tras-su-despido-de-alpine-el-ceo-queria-el-protagonismo","status":"publish","type":"post","link":"https:\/\/grandepremio.com\/es\/f1\/prost-irritado-tras-su-despido-de-alpine-el-ceo-queria-el-protagonismo\/","title":{"rendered":"Prost, irritado tras su salida de Alpine, dice que el CEO \u201cquer\u00eda el protagonismo\u201d"},"content":{"rendered":"\n<p class=\"wp-block-paragraph\"><a href=\"https:\/\/grandepremio.com\/es\/\/f1\/alpine-despide-prost-y-prepara-llegada-de-szafnauer-como-jefe-de-equipo-en-2022\/\">La noticia de que el v\u00ednculo entre Alpine y Alain Prost en la F\u00f3rmula 1 ha llegado a su fin apareci\u00f3 ayer y parec\u00eda m\u00e1s bien un cambio de pieza clave en el staff del equipo franc\u00e9s<\/a>. Pero el tetracampe\u00f3n del mundo decidi\u00f3 hablar y dej\u00f3 claro su descontento con el art\u00edfice de los cambios, el director general Laurent Rossi, y con la forma en que se anunci\u00f3 su marcha al p\u00fablico.<\/p>\n\n\n\n<p class=\"wp-block-paragraph\">Unas horas despu\u00e9s del anuncio, Prost acudi\u00f3 a Instagram para manifestar su disgusto por lo que entiende fue una ruptura del pacto sobre la forma de comunicar la informaci\u00f3n. Hasta ayer, el franc\u00e9s era director no ejecutivo de la empresa.<\/p>\n\n\n\n<p class=\"wp-block-paragraph\">&#8220;Estoy muy decepcionado con la forma en que se ha anunciado hoy. Acordamos que lo anunciar\u00edamos junto con Alpine. No hay respeto, no hay perd\u00f3n&#8221;, dijo.<\/p>\n\n\n\n<p class=\"wp-block-paragraph\"><strong>\u00a1Conoce el canal de Gran Premio en\u00a0<a href=\"https:\/\/www.youtube.com\/c\/GrandePremioTV\">YouTube<\/a>!<br>\u00a1Sigue a Gran Premio en\u00a0<a href=\"https:\/\/twitter.com\/granpremioes\" target=\"_blank\" rel=\"noreferrer noopener\">Twitter\u00a0<\/a>y en\u00a0<a href=\"https:\/\/instagram.com\/granpremio_es\" target=\"_blank\" rel=\"noreferrer noopener\">Instagram<\/a>!<\/strong><\/p>\n\n\n\n<figure class=\"wp-block-image size-large\"><img decoding=\"async\" src=\"https:\/\/grandepremio.com\/es\/\/wp-content\/uploads\/2021\/09\/02521010_JDEL9301.JPG_-1024x683.jpg\" alt=\"\" class=\"wp-image-33678\"\/><figcaption>Laurent Rossi, durante la renovaci\u00f3n del contrato de Fernando Alonso. Prost critic\u00f3 el excesivo protagonismo del ejecutivo de Alpine. (Foto: Alpine)<\/figcaption><\/figure>\n\n\n\n<p class=\"wp-block-paragraph\">&#8220;Rechac\u00e9 la oferta que me hicieron en Abu Dhabi para la temporada 2022 por una relaci\u00f3n personal, y tuve raz\u00f3n. A los equipos de Enstone y Viry [f\u00e1bricas de F1 y de motores, respectivamente], los echar\u00e9 de menos&#8221;, concluy\u00f3.<\/p>\n\n\n\n<p class=\"wp-block-paragraph\">En una entrevista concedida al peri\u00f3dico franc\u00e9s L&#8217;\u00c9quipe poco despu\u00e9s, Prost explic\u00f3 algo m\u00e1s. La relaci\u00f3n personal en cuesti\u00f3n es con Rossi, que &#8220;quer\u00eda todo el protagonismo&#8221;.<\/p>\n\n\n\n<p class=\"wp-block-paragraph\">&#8220;Me dijo que ya no necesitaba consejos. Hay un deseo real de dejar mucha gente afuera del equipo&#8221;, finaliz\u00f3.<\/p>\n\n\n\n<p class=\"wp-block-paragraph\">Adem\u00e1s de Prost, el director ejecutivo Marcin Budkowski tambi\u00e9n fue despedido a principios de enero. La expectativa en el mundo de la F1 es que todo esto signifique la llegada de Otmar Szafnauer para el puesto principal, despu\u00e9s de que el rumano dejara Aston Martin.<\/p>\n","protected":false},"excerpt":{"rendered":"<p>El tetracampe\u00f3n de F\u00f3rmula 1 Alain Prost se mostr\u00f3 descontento por la forma en que se comunic\u00f3 su salida de Alpine, y critic\u00f3 al CEO de la escuder\u00eda, Laurent Rossi.<\/p>\n","protected":false},"author":0,"featured_media":1000535110,"comment_status":"closed","ping_status":"closed","sticky":false,"template":"","format":"standard","meta":{"42wp_featured_image_caption":"","42wp_featured_image_credits":"","42wp_featured_video":"","42wp_featured_image_hidden":false,"42wp_authors_list":[],"footnotes":""},"categories":[5],"tags":[296,678,362,181,1233,1495,184,179,1500],"42wp_author":[14223],"class_list":["post-24371","post","type-post","status-publish","format-standard","has-post-thumbnail","hentry","category-f1","tag-alain-prost","tag-alpine","tag-esteban-ocon","tag-f1","tag-f1-2021","tag-f1-2022","tag-fernando-alonso","tag-formula-1","tag-laurent-rossi","42wp_author-esteban-nieto"],"_links":{"self":[{"href":"https:\/\/grandepremio.com\/es\/wp-json\/wp\/v2\/posts\/24371","targetHints":{"allow":["GET"]}}],"collection":[{"href":"https:\/\/grandepremio.com\/es\/wp-json\/wp\/v2\/posts"}],"about":[{"href":"https:\/\/grandepremio.com\/es\/wp-json\/wp\/v2\/types\/post"}],"replies":[{"embeddable":true,"href":"https:\/\/grandepremio.com\/es\/wp-json\/wp\/v2\/comments?post=24371"}],"version-history":[{"count":0,"href":"https:\/\/grandepremio.com\/es\/wp-json\/wp\/v2\/posts\/24371\/revisions"}],"wp:featuredmedia":[{"embeddable":true,"href":"https:\/\/grandepremio.com\/es\/wp-json\/wp\/v2\/media\/1000535110"}],"wp:attachment":[{"href":"https:\/\/grandepremio.com\/es\/wp-json\/wp\/v2\/media?parent=24371"}],"wp:term":[{"taxonomy":"category","embeddable":true,"href":"https:\/\/grandepremio.com\/es\/wp-json\/wp\/v2\/categories?post=24371"},{"taxonomy":"post_tag","embeddable":true,"href":"https:\/\/grandepremio.com\/es\/wp-json\/wp\/v2\/tags?post=24371"},{"taxonomy":"42wp_author","embeddable":true,"href":"https:\/\/grandepremio.com\/es\/wp-json\/wp\/v2\/42wp_author?post=24371"}],"curies":[{"name":"wp","href":"https:\/\/api.w.org\/{rel}","templated":true}]}}