{"id":24389,"date":"2022-01-16T11:50:00","date_gmt":"2022-01-16T14:50:00","guid":{"rendered":"https:\/\/grandepremio.com\/es\/2022\/01\/16\/f1-decide-realizar-tests-colectivos-de-barcelona-sin-publico-debido-a-la-covid-19\/"},"modified":"2022-01-16T09:52:43","modified_gmt":"2022-01-16T12:52:43","slug":"f1-decide-realizar-tests-colectivos-de-barcelona-sin-publico-debido-a-la-covid-19","status":"publish","type":"post","link":"https:\/\/grandepremio.com\/es\/f1\/f1-decide-realizar-tests-colectivos-de-barcelona-sin-publico-debido-a-la-covid-19\/","title":{"rendered":"F1 decide realizar tests colectivos de Barcelona sin p\u00fablico debido a la Covid-19"},"content":{"rendered":"\n<p class=\"wp-block-paragraph\">La primera aparici\u00f3n oficial de la nueva generaci\u00f3n de monoplazas de<a href=\"https:\/\/grandepremio.com\/es\/\/categoria\/f1\/\" target=\"_blank\" rel=\"noreferrer noopener\"> F\u00f3rmula 1<\/a> est\u00e1 prevista para el test colectivo de Barcelona que abre la pretemporada, entre el 23 y el 25 de febrero. La F1 ha definido, no obstante, que el Circuit de Catalunya tendr\u00e1 las puertas cerradas los d\u00edas de actividad. La raz\u00f3n es el crecimiento reciente en la tasa de contagio de Covid-19.<\/p>\n\n\n\n<p class=\"wp-block-paragraph\">La definici\u00f3n de la ausencia de p\u00fablico viene de la mano de la variante Omicron de Covid-19 extendi\u00e9ndose como dominante en el mundo y aumentando nuevamente el n\u00famero de casos. En las dos \u00faltimas semanas en Espa\u00f1a, el n\u00famero de nuevos casos ha aumentado una media de 100.000 casos al d\u00eda. La informaci\u00f3n sobre el cierre al p\u00fablico fue proporcionada inicialmente por la versi\u00f3n holandesa del portal web Motorsport.com.<\/p>\n\n\n\n<p class=\"wp-block-paragraph\"><strong>\u00a1Conoce el canal de Gran Premio en\u00a0<a href=\"https:\/\/www.youtube.com\/c\/GrandePremioTV\">YouTube<\/a>!<br>\u00a1Sigue a Gran Premio en\u00a0<a href=\"https:\/\/twitter.com\/granpremioes\" target=\"_blank\" rel=\"noreferrer noopener\">Twitter\u00a0<\/a>y en\u00a0<a href=\"https:\/\/instagram.com\/granpremio_es\" target=\"_blank\" rel=\"noreferrer noopener\">Instagram<\/a>!<\/strong><\/p>\n\n\n\n<figure class=\"wp-block-image size-large\"><img decoding=\"async\" src=\"https:\/\/www.grandepremio.com\/br\/wp-content\/uploads\/2021\/06\/09_2020_GP09_MG_0533_AMBIENCE-1024x683.jpg\" alt=\"\" class=\"wp-image-479480\"\/><figcaption>Barcelona es donde los nueves coches de F1 har\u00e1n su debut en las pistas (Foto: LCR)<\/figcaption><\/figure>\n\n\n\n<p class=\"wp-block-paragraph\">En realidad, ser\u00e1 bastante dif\u00edcil ver la sesi\u00f3n de la prueba catalana de todos modos. Los planes de media de la F1 son dejar que los medios impresos tengan prioridad en la cobertura de las primeras pruebas y solo hacer videos de los mejores momentos de cada d\u00eda. Reci\u00e9n en la sesi\u00f3n posterior, en Bar\u00e9in, habr\u00e1 transmisi\u00f3n en directo, como ocurri\u00f3 el a\u00f1o pasado.<\/p>\n\n\n\n<p class=\"wp-block-paragraph\">De esta manera, es posible que los fans solo puedan ver los nuevos coches en la pista del 11 al 13 de marzo, en Sakhir, con la transmisi\u00f3n de F1 TV. Todav\u00eda no existe una definici\u00f3n sobre la retransmisi\u00f3n p\u00fablica en Bar\u00e9in.<\/p>\n\n\n\n<p class=\"wp-block-paragraph\">Todav\u00eda en Bar\u00e9in, como el a\u00f1o pasado, la F\u00f3rmula 1 abre la temporada el fin de semana del 20 de marzo.<\/p>\n","protected":false},"excerpt":{"rendered":"<p>Con crecimiento de la tasa de contagio tras la llegada de la variante Omicron, la F1 defini\u00f3 impedir la entrada de p\u00fablica en Barcelona.<\/p>\n","protected":false},"author":0,"featured_media":1010049793,"comment_status":"closed","ping_status":"closed","sticky":false,"template":"","format":"standard","meta":{"42wp_featured_image_caption":"","42wp_featured_image_credits":"","42wp_featured_video":"","42wp_featured_image_hidden":false,"42wp_authors_list":[],"footnotes":""},"categories":[5],"tags":[577,576,2044,234,181,1495,179,656,2068],"42wp_author":[14233],"class_list":["post-24389","post","type-post","status-publish","format-standard","has-post-thumbnail","hentry","category-f1","tag-barcelona","tag-circuit-de-barcelona-catalunya","tag-coche-f1-2022","tag-espana","tag-f1","tag-f1-2022","tag-formula-1","tag-pretemporada","tag-tests-de-pretemporada","42wp_author-eric-calduch"],"_links":{"self":[{"href":"https:\/\/grandepremio.com\/es\/wp-json\/wp\/v2\/posts\/24389","targetHints":{"allow":["GET"]}}],"collection":[{"href":"https:\/\/grandepremio.com\/es\/wp-json\/wp\/v2\/posts"}],"about":[{"href":"https:\/\/grandepremio.com\/es\/wp-json\/wp\/v2\/types\/post"}],"replies":[{"embeddable":true,"href":"https:\/\/grandepremio.com\/es\/wp-json\/wp\/v2\/comments?post=24389"}],"version-history":[{"count":0,"href":"https:\/\/grandepremio.com\/es\/wp-json\/wp\/v2\/posts\/24389\/revisions"}],"wp:featuredmedia":[{"embeddable":true,"href":"https:\/\/grandepremio.com\/es\/wp-json\/wp\/v2\/media\/1010049793"}],"wp:attachment":[{"href":"https:\/\/grandepremio.com\/es\/wp-json\/wp\/v2\/media?parent=24389"}],"wp:term":[{"taxonomy":"category","embeddable":true,"href":"https:\/\/grandepremio.com\/es\/wp-json\/wp\/v2\/categories?post=24389"},{"taxonomy":"post_tag","embeddable":true,"href":"https:\/\/grandepremio.com\/es\/wp-json\/wp\/v2\/tags?post=24389"},{"taxonomy":"42wp_author","embeddable":true,"href":"https:\/\/grandepremio.com\/es\/wp-json\/wp\/v2\/42wp_author?post=24389"}],"curies":[{"name":"wp","href":"https:\/\/api.w.org\/{rel}","templated":true}]}}