{"id":24409,"date":"2022-01-13T14:58:32","date_gmt":"2022-01-13T17:58:32","guid":{"rendered":"https:\/\/grandepremio.com\/es\/2022\/01\/13\/rossi-anuncia-proximo-paso-y-disputara-temporada-completa-del-gt-world-challenge\/"},"modified":"2022-01-13T14:58:33","modified_gmt":"2022-01-13T17:58:33","slug":"rossi-anuncia-proximo-paso-y-disputara-temporada-completa-del-gt-world-challenge","status":"publish","type":"post","link":"https:\/\/grandepremio.com\/es\/resistencia\/rossi-anuncia-proximo-paso-y-disputara-temporada-completa-del-gt-world-challenge\/","title":{"rendered":"Rossi anuncia pr\u00f3ximo paso y disputar\u00e1 temporada completa del GT World Challenge"},"content":{"rendered":"\n<p class=\"wp-block-paragraph\">Recientemente se perdi\u00f3 la edici\u00f3n 2022 de las 12 Horas del Golfo, que se llev\u00f3 a cabo el 8 de enero, por haber dado positivo nuevamente en Covid-19. Pero este jueves, WRT, el equipo oficial de Audi en los GT, anunci\u00f3 que Valentino Rossi completar\u00e1 una temporada de 10 rondas con el equipo de la divisi\u00f3n europea del<a href=\"https:\/\/grandepremio.com\/es\/\/categoria\/resistencia\/\" target=\"_blank\" rel=\"noreferrer noopener\"> GT World Challenge<\/a>, al volante de un Audi R8 LMS.<\/p>\n\n\n\n<p class=\"wp-block-paragraph\">El nueve veces campe\u00f3n del mundo de MotoGP tendr\u00e1 en su coche el emblem\u00e1tico #46, y participar\u00e1 en las carreras de resistencia y sprint. WRT tambi\u00e9n revel\u00f3 que Rossi compartir\u00e1 el volante con los pilotos de f\u00e1brica de Audi que, aunque a\u00fan no se han anunciado, forman parte del grupo ganador del campeonato del a\u00f1o pasado. Ellos son: Dries Vanthoor y Charles Weerts, as\u00ed como Kelvin van der Linde y Robin Frijns.<\/p>\n\n\n\n<p class=\"wp-block-paragraph\"><strong>\u00a1Conoce el canal de Gran Premio en\u00a0<a href=\"https:\/\/www.youtube.com\/c\/GrandePremioTV\">YouTube<\/a>!<br>\u00a1Sigue a Gran Premio en\u00a0<a href=\"https:\/\/twitter.com\/granpremioes\" target=\"_blank\" rel=\"noreferrer noopener\">Twitter\u00a0<\/a>y en\u00a0<a href=\"https:\/\/instagram.com\/granpremio_es\" target=\"_blank\" rel=\"noreferrer noopener\">Instagram<\/a>!<\/strong><\/p>\n\n\n\n<figure class=\"wp-block-image size-large\"><img decoding=\"async\" src=\"https:\/\/www.grandepremio.com\/br\/wp-content\/uploads\/2020\/05\/FI-7EKbXEAYcDNE.jpg\" alt=\"VALENTINO ROSSI; VINCENT VOSSE; WRT; AUDI;\" class=\"wp-image-536179\"\/><figcaption>Vincent Vosse celebra la oportunidad de trabajar con Valentino Rossi (Foto: Audi Sport)<\/figcaption><\/figure>\n\n\n\n<p class=\"wp-block-paragraph\">En diciembre de 2021, cabe recordar que Valentino incluso prob\u00f3 un Audi R8 del equipo WRT, que compite en el Campeonato del Mundo de Resistencia. Ya confirmado para 2022, destaca su felicidad por formar parte del equipo, ya que &#8220;siempre ha sido un aficionado a las carreras de coches&#8221;.<\/p>\n\n\n\n<p class=\"wp-block-paragraph\">\u201cTodo el mundo sabe que siempre he sido un gran aficionado a las carreras de coches. Siempre me interes\u00f3 correr sobre cuatro ruedas cuando mi carrera en MotoGP llegase a su fin\u201d, dijo. \u201cAhora estoy completamente disponible para dedicarme a un programa de deportes de motor de primer nivel con el enfoque profesional adecuado\u201d, agreg\u00f3.<\/p>\n\n\n\n<p class=\"wp-block-paragraph\">Vincent Vosse, director del equipo WRT, tambi\u00e9n celebr\u00f3 la llegada del italiano. &#8220;Estoy seguro de que muchos aficionados estar\u00e1n tan contentos como nosotros de saber que Rossi est\u00e1 comenzando una nueva carrera sobre cuatro ruedas. Y que lo est\u00e1 haciendo con el WRT y Audi. Todos sabemos lo gran campe\u00f3n de motociclismo y figura del deporte que es Vale. Pero sobre todo es un aut\u00e9ntico piloto y un deportista muy profesional y competitivo. Tiene muchas ganas de triunfar lo m\u00e1ximo posible en el nuevo reto que se ha propuesto abrazar. Es exactamente por eso que realmente quer\u00edamos trabajar con \u00e9l&#8221;, concluy\u00f3.<\/p>\n\n\n\n<p class=\"wp-block-paragraph\">Rossi, de 42 a\u00f1os, siempre ha dejado claro que tras su retirada de MotoGP en 2021, ten\u00eda planes de seguir compitiendo en el futuro. Incluso habl\u00f3 de las carreras de GT3, en las que ya disput\u00f3 algunas pruebas con Ferrari para el equipo Kessel.<\/p>\n","protected":false},"excerpt":{"rendered":"<p>WRT, equipo oficial de Audi en GTs, anuncio que Valentino Rossi har\u00e1 una temporada completa de la divisi\u00f3n europea del GT World Challenge.<\/p>\n","protected":false},"author":0,"featured_media":1010049718,"comment_status":"closed","ping_status":"closed","sticky":false,"template":"","format":"standard","meta":{"42wp_featured_image_caption":"","42wp_featured_image_credits":"","42wp_featured_video":"","42wp_featured_image_hidden":false,"42wp_authors_list":[],"footnotes":""},"categories":[19],"tags":[612,2040,1106,2038,1293,1341,564,1847,1295,2039],"42wp_author":[14233],"class_list":["post-24409","post","type-post","status-publish","format-standard","has-post-thumbnail","hentry","category-resistencia","tag-audi","tag-audi-r8-lms","tag-audi-sport","tag-gt-world-challenge","tag-motogp","tag-motogp-2022","tag-resistencia","tag-rossi","tag-valentino-rossi","tag-wrt","42wp_author-eric-calduch"],"_links":{"self":[{"href":"https:\/\/grandepremio.com\/es\/wp-json\/wp\/v2\/posts\/24409","targetHints":{"allow":["GET"]}}],"collection":[{"href":"https:\/\/grandepremio.com\/es\/wp-json\/wp\/v2\/posts"}],"about":[{"href":"https:\/\/grandepremio.com\/es\/wp-json\/wp\/v2\/types\/post"}],"replies":[{"embeddable":true,"href":"https:\/\/grandepremio.com\/es\/wp-json\/wp\/v2\/comments?post=24409"}],"version-history":[{"count":0,"href":"https:\/\/grandepremio.com\/es\/wp-json\/wp\/v2\/posts\/24409\/revisions"}],"wp:featuredmedia":[{"embeddable":true,"href":"https:\/\/grandepremio.com\/es\/wp-json\/wp\/v2\/media\/1010049718"}],"wp:attachment":[{"href":"https:\/\/grandepremio.com\/es\/wp-json\/wp\/v2\/media?parent=24409"}],"wp:term":[{"taxonomy":"category","embeddable":true,"href":"https:\/\/grandepremio.com\/es\/wp-json\/wp\/v2\/categories?post=24409"},{"taxonomy":"post_tag","embeddable":true,"href":"https:\/\/grandepremio.com\/es\/wp-json\/wp\/v2\/tags?post=24409"},{"taxonomy":"42wp_author","embeddable":true,"href":"https:\/\/grandepremio.com\/es\/wp-json\/wp\/v2\/42wp_author?post=24409"}],"curies":[{"name":"wp","href":"https:\/\/api.w.org\/{rel}","templated":true}]}}