{"id":24438,"date":"2022-01-09T15:39:50","date_gmt":"2022-01-09T18:39:50","guid":{"rendered":"https:\/\/grandepremio.com\/es\/2022\/01\/09\/jefe-de-mclaren-se-ve-muy-satisfecho-con-desarrollo-del-auto-de-2022\/"},"modified":"2022-01-09T15:42:07","modified_gmt":"2022-01-09T18:42:07","slug":"jefe-de-mclaren-se-ve-muy-satisfecho-con-desarrollo-del-auto-de-2022","status":"publish","type":"post","link":"https:\/\/grandepremio.com\/es\/f1\/jefe-de-mclaren-se-ve-muy-satisfecho-con-desarrollo-del-auto-de-2022\/","title":{"rendered":"Jefe de McLaren se ve \u201cmuy satisfecho\u201d con desarrollo del auto de 2022"},"content":{"rendered":"\n<p class=\"wp-block-paragraph\">Tras perder frente a Ferrari la lucha por el tercer puesto del Campeonato de Constructores de F\u00f3rmula 1 en 2021, McLaren est\u00e1 centrado de lleno en los \u00faltimos trabajos de desarrollo del nuevo MCL36, el primer monoplaza de la escuder\u00eda de Woking <a href=\"https:\/\/grandepremio.com\/es\/\/f1\/la-formula-1-presenta-concepto-del-auto-que-usara-la-temporada-2022\/\">bajo el nuevo reglamento t\u00e9cnico de 2022<\/a>. Y, por lo que ha visto hasta ahora, Andreas Seidl est\u00e1 bastante contento con el progreso del proyecto.<\/p>\n\n\n\n<p class=\"wp-block-paragraph\">Poco a poco, McLaren devel\u00f3 mediante teasers algunas im\u00e1genes del nuevo modelo. Sin embargo, la escuder\u00eda brit\u00e1nica a\u00fan no anunci\u00f3 cu\u00e1ndo se presentar\u00e1 oficialmente el auto.<\/p>\n\n\n\n<p class=\"wp-block-paragraph\">Seidl, en una entrevista concedida a la web alemana Formel1, record\u00f3 que, en este momento, cuando todos los equipos parten de cero con el nuevo reglamento, nadie tiene ni idea ni referencia de lo que hacen los dem\u00e1s equipos. Por lo tanto, s\u00f3lo ser\u00e1 posible establecer un objetivo realista una vez que los coches est\u00e9n en la pista.<\/p>\n\n\n\n<p class=\"wp-block-paragraph\"><strong>\u00a1Conoce el canal de Gran Premio en\u00a0<a href=\"https:\/\/www.youtube.com\/c\/GrandePremioTV\">YouTube<\/a>!<br>\u00a1Sigue a Gran Premio en\u00a0<a href=\"https:\/\/twitter.com\/granpremioes\" target=\"_blank\" rel=\"noreferrer noopener\">Twitter\u00a0<\/a>y en\u00a0<a href=\"https:\/\/instagram.com\/granpremio_es\" target=\"_blank\" rel=\"noreferrer noopener\">Instagram<\/a>!<\/strong><\/p>\n\n\n\n<figure class=\"wp-block-video\"><video class=\"video-js vjs-big-play-centered\" data-gp-vjs=\"1\" controls src=\"https:\/\/www.grandepremio.com\/br\/wp-content\/uploads\/2021\/12\/MercedesW13.mp4\"><\/video><figcaption>Mercedes fue el primer equipo en encender el motor del auto de 2022 en la F\u00f3rmula 1. (V\u00eddeo: Mercedes)<\/figcaption><\/figure>\n\n\n\n<p class=\"wp-block-paragraph\">&#8220;Es dif\u00edcil establecer objetivos concretos porque no se tiene ninguna referencia. Sin embargo, como es natural, uno trata de fijarse objetivos ambiciosos, pero tambi\u00e9n realistas, como equipo&#8221;, afirm\u00f3 el t\u00e9cnico alem\u00e1n.<\/p>\n\n\n\n<p class=\"wp-block-paragraph\">&#8220;Desde mi punto de vista, estoy muy satisfecho con el desarrollo que veo en este momento&#8221;, subray\u00f3 Seidl.<\/p>\n\n\n\n<p class=\"wp-block-paragraph\">&#8220;El coche est\u00e1 respondiendo a los desarrollos. Realmente estamos progresando semana tras semana en el t\u00fanel de viento. Veremos en la primera sesi\u00f3n de clasificaci\u00f3n en Bahr\u00e9in hasta qu\u00e9 punto eso cuenta&#8221;, a\u00f1adi\u00f3.<\/p>\n\n\n\n<p class=\"wp-block-paragraph\">En una entrevista exclusiva con <strong>GRANDE PR\u00caMIO<\/strong> en Interlagos, Seidl se refiri\u00f3 sobre el gran reto que supone desarrollar un auto para la pr\u00f3xima temporada en la F\u00f3rmula 1.<\/p>\n\n\n\n<figure class=\"wp-block-image size-large\"><img decoding=\"async\" src=\"https:\/\/grandepremio.com\/es\/\/wp-content\/uploads\/2021\/07\/Siedl-1024x682.jpg\" alt=\"\" class=\"wp-image-27992\"\/><figcaption>Andreas Seidl, jefe de equipo de McLaren, se mostr\u00f3 conforme con el desarrollo del MCL36. (Foto: McLaren)<\/figcaption><\/figure>\n\n\n\n<p class=\"wp-block-paragraph\">&#8220;Por supuesto, es un gran reto para todos los equipos con el reglamento completamente nuevo, lo cual es alentador porque no se tienen tantas oportunidades en la vida de la F1, para empezar de nuevo&#8221;, explic\u00f3.<\/p>\n\n\n\n<p class=\"wp-block-paragraph\">&#8220;Si miramos el progreso en la f\u00e1brica, estoy contento con lo que hemos visto, pero no tenemos una referencia, no sabemos lo que significa&#8221;, subray\u00f3 Seidl.<\/p>\n\n\n\n<p class=\"wp-block-paragraph\">Por \u00faltimo, Seidl dej\u00f3 entrever que espera que los equipos que dominaron la temporada pasada sigan en cabeza en 2022, incluso con el cambio de reglas. Aun as\u00ed, el alem\u00e1n espera que el conjunto de Woking pueda ser m\u00e1s competitivo a lo largo del a\u00f1o. &#8220;Afrontaremos este reto como McLaren, y es una oportunidad para estar m\u00e1s cerca de Mercedes y Red Bull&#8221;, concluy\u00f3.<\/p>\n","protected":false},"excerpt":{"rendered":"<p>Andreas Siedl, jefe de McLaren, asegur\u00f3 que el nuevo MCL36 muestra una evoluci\u00f3n permanente en el t\u00fanel de viento para la temporada 2022.<\/p>\n","protected":false},"author":0,"featured_media":1010049270,"comment_status":"closed","ping_status":"closed","sticky":false,"template":"","format":"standard","meta":{"42wp_featured_image_caption":"","42wp_featured_image_credits":"","42wp_featured_video":"","42wp_featured_image_hidden":false,"42wp_authors_list":[],"footnotes":""},"categories":[5],"tags":[1544,365,181,1233,1495,179,268,2018,269],"42wp_author":[14223],"class_list":["post-24438","post","type-post","status-publish","format-standard","has-post-thumbnail","hentry","category-f1","tag-andreas-seidl","tag-daniel-ricciardo","tag-f1","tag-f1-2021","tag-f1-2022","tag-formula-1","tag-lando-norris","tag-mcl36","tag-mclaren","42wp_author-esteban-nieto"],"_links":{"self":[{"href":"https:\/\/grandepremio.com\/es\/wp-json\/wp\/v2\/posts\/24438","targetHints":{"allow":["GET"]}}],"collection":[{"href":"https:\/\/grandepremio.com\/es\/wp-json\/wp\/v2\/posts"}],"about":[{"href":"https:\/\/grandepremio.com\/es\/wp-json\/wp\/v2\/types\/post"}],"replies":[{"embeddable":true,"href":"https:\/\/grandepremio.com\/es\/wp-json\/wp\/v2\/comments?post=24438"}],"version-history":[{"count":0,"href":"https:\/\/grandepremio.com\/es\/wp-json\/wp\/v2\/posts\/24438\/revisions"}],"wp:featuredmedia":[{"embeddable":true,"href":"https:\/\/grandepremio.com\/es\/wp-json\/wp\/v2\/media\/1010049270"}],"wp:attachment":[{"href":"https:\/\/grandepremio.com\/es\/wp-json\/wp\/v2\/media?parent=24438"}],"wp:term":[{"taxonomy":"category","embeddable":true,"href":"https:\/\/grandepremio.com\/es\/wp-json\/wp\/v2\/categories?post=24438"},{"taxonomy":"post_tag","embeddable":true,"href":"https:\/\/grandepremio.com\/es\/wp-json\/wp\/v2\/tags?post=24438"},{"taxonomy":"42wp_author","embeddable":true,"href":"https:\/\/grandepremio.com\/es\/wp-json\/wp\/v2\/42wp_author?post=24438"}],"curies":[{"name":"wp","href":"https:\/\/api.w.org\/{rel}","templated":true}]}}