{"id":24446,"date":"2022-01-08T11:15:22","date_gmt":"2022-01-08T14:15:22","guid":{"rendered":"https:\/\/grandepremio.com\/es\/2022\/01\/08\/francia-aboga-cancelar-dakar-2022-tras-explosion-hipotesis-de-atentado\/"},"modified":"2022-01-08T11:21:44","modified_gmt":"2022-01-08T14:21:44","slug":"francia-aboga-cancelar-dakar-2022-tras-explosion-hipotesis-de-atentado","status":"publish","type":"post","link":"https:\/\/grandepremio.com\/es\/rally\/francia-aboga-cancelar-dakar-2022-tras-explosion-hipotesis-de-atentado\/","title":{"rendered":"Francia aboga por cancelar Dakar 2022 tras explosi\u00f3n: \u201cHip\u00f3tesis de atentado\u201d"},"content":{"rendered":"\n<p class=\"wp-block-paragraph\"><a href=\"https:\/\/grandepremio.com\/es\/\/rally\/agencia-antiterrorista-investigara-explosion-que-hirio-un-piloto-en-el-dakar\/\">El auto de asistencia del equipo franc\u00e9s Sodicars que explot\u00f3 frente al Hotel Donatello<\/a>, alojamiento de los pilotos que compiten en el Rally Dakar, podr\u00eda haber sido objeto de terrorismo. Hab\u00eda seis personas en el coche, y aunque cinco salieron ilesas, el conductor Philippe Boutron sufri\u00f3 &#8220;graves lesiones en la pierna&#8221;, seg\u00fan el equipo. Y el ministro franc\u00e9s de Europa y Asuntos Exteriores, Jean-Yves Le Drian, volvi\u00f3 a plantear la posibilidad de un atentado terrorista y cuestion\u00f3 la conveniencia de continuar con el evento.<\/p>\n\n\n\n<p class=\"wp-block-paragraph\">&#8220;Podr\u00eda ser&#8221;, consider\u00f3 Le Drian. &#8220;Lo dejamos claro y les dijimos a los organizadores y a los responsables sauditas que deb\u00edamos ser muy transparentes sobre lo ocurrido, porque hay una hip\u00f3tesis de que fue un acto terrorista&#8221;, explic\u00f3 en una entrevista con la cadena francesa BFM TV.<\/p>\n\n\n\n<p class=\"wp-block-paragraph\">Hace unos d\u00edas se anunci\u00f3 que una agencia antiterrorista de Francia investigar\u00eda el incidente, y ASO (Amaury Sport Organisation) -uno de los principales organizadores de eventos deportivos en Francia y responsable del Dakar- tambi\u00e9n inform\u00f3 de que tanto las autoridades sauditas como las francesas est\u00e1n implicadas en la investigaci\u00f3n. El grupo medi\u00e1tico Amaury, adem\u00e1s de organizar el Rally, participa en eventos como el Tour de Francia y el Marat\u00f3n de Par\u00eds, y tiene conexiones con los peri\u00f3dicos franceses L&#8217;\u00c9quipe y Le Parisien.<\/p>\n\n\n\n<p class=\"wp-block-paragraph\"><strong>\u00a1Conoce el canal de Gran Premio en\u00a0<a href=\"https:\/\/www.youtube.com\/c\/GrandePremioTV\">YouTube<\/a>!<br>\u00a1Sigue a Gran Premio en\u00a0<a href=\"https:\/\/twitter.com\/granpremioes\" target=\"_blank\" rel=\"noreferrer noopener\">Twitter\u00a0<\/a>y en\u00a0<a href=\"https:\/\/instagram.com\/granpremio_es\" target=\"_blank\" rel=\"noreferrer noopener\">Instagram<\/a>!<\/strong><\/p>\n\n\n\n<figure class=\"wp-block-image size-full\"><img decoding=\"async\" src=\"https:\/\/grandepremio.com\/es\/\/wp-content\/uploads\/2022\/01\/boutron-dakar-2021.jpeg\" alt=\"\" class=\"wp-image-49085\"\/><figcaption>Philippe Boutron logr\u00f3 su mejor posici\u00f3n en el Dakar en 2021, con la posici\u00f3n 33\u00ba. (Foto: Dakar)<\/figcaption><\/figure>\n\n\n\n<p class=\"wp-block-paragraph\">&#8220;Ya ha habido actos terroristas en Arabia Saudita contra intereses franceses. Era importante proteger a nuestros ciudadanos, advertir, prevenir y pedir transparencia&#8221;, argument\u00f3 el ministro. &#8220;Se llam\u00f3 a la fiscal\u00eda antiterrorista y hoy nos encontramos con esta situaci\u00f3n: pudo haber habido atentado terrorista contra el Dakar&#8221;, a\u00f1adi\u00f3.<\/p>\n\n\n\n<p class=\"wp-block-paragraph\">&#8220;Creemos que ser\u00eda mejor suspender el evento. Los organizadores no lo creen, pero tenemos que ser muy prudentes&#8221;, argument\u00f3. &#8220;Como m\u00ednimo, tienen que reforzar la seguridad, cosa que han hecho. El tema sigue sobre la mesa&#8221;, subray\u00f3.<\/p>\n\n\n\n<p class=\"wp-block-paragraph\">Boutron, empresario franc\u00e9s, preparaba su novena participaci\u00f3n en el Dakar, tras obtener su mejor posici\u00f3n final en 2021 con el 33\u00ba lugar. El franc\u00e9s despert\u00f3 de un coma y sigue en el Hospital Militar Percy de Clamart para recuperarse de las heridas en ambas piernas.<\/p>\n\n\n\n<figure class=\"wp-block-image size-large\"><img decoding=\"async\" src=\"https:\/\/grandepremio.com\/es\/\/wp-content\/uploads\/2022\/01\/boutron-marruecos-1024x682.jpg\" alt=\"\" class=\"wp-image-49086\"\/><figcaption>Philippe Boutron, durante el preparatorio Rally Marruecos, en la previa del Dakar 2022. (Foto: Sodicars Racing)<\/figcaption><\/figure>\n\n\n\n<p class=\"wp-block-paragraph\">El Rally Dakar ya fue cancelado una vez, en 2008, cuando cuatro turistas fueron asesinados en Mauritania d\u00edas antes del comienzo de la prueba. La ruta, en ese momento, deb\u00eda ser de Portugal a Senegal. Sin embargo, la preocupaci\u00f3n por posibles atentados terroristas contra los competidores hizo que se cancelara la 30\u00aa edici\u00f3n.<\/p>\n\n\n\n<p class=\"wp-block-paragraph\">La anulaci\u00f3n de aquella carrera marc\u00f3 el fin de un ciclo del Dakar. Desde 2009, el rally m\u00e1s exigente del mundo se celebr\u00f3 en Sudam\u00e9rica, siendo las principales etapas en Argentina, Chile y Per\u00fa, con pasos tambi\u00e9n por Paraguay y Bolivia. Posteriormente, y desde 2020, la competici\u00f3n se lleva a cabo en Arabia Saudita, que firm\u00f3 un contrato de cinco a\u00f1os con ASO.<\/p>\n","protected":false},"excerpt":{"rendered":"<p>El ministro franc\u00e9s de Europa y Asuntos Exteriores, Jean-Yves Le Drian, consider\u00f3 conveniente suspender el Dakar 2022 tras el supuesto atentado que hiriera al piloto Philippe Boutron en Jeddah. <\/p>\n","protected":false},"author":0,"featured_media":1010049084,"comment_status":"closed","ping_status":"closed","sticky":false,"template":"","format":"standard","meta":{"42wp_featured_image_caption":"","42wp_featured_image_credits":"","42wp_featured_video":"","42wp_featured_image_hidden":false,"42wp_authors_list":[],"footnotes":""},"categories":[9],"tags":[2009,319,1955,215,1813,1979],"42wp_author":[14223],"class_list":["post-24446","post","type-post","status-publish","format-standard","has-post-thumbnail","hentry","category-rally","tag-aso","tag-dakar","tag-dakar-2022","tag-francia","tag-jeddah","tag-philippe-boutron","42wp_author-esteban-nieto"],"_links":{"self":[{"href":"https:\/\/grandepremio.com\/es\/wp-json\/wp\/v2\/posts\/24446","targetHints":{"allow":["GET"]}}],"collection":[{"href":"https:\/\/grandepremio.com\/es\/wp-json\/wp\/v2\/posts"}],"about":[{"href":"https:\/\/grandepremio.com\/es\/wp-json\/wp\/v2\/types\/post"}],"replies":[{"embeddable":true,"href":"https:\/\/grandepremio.com\/es\/wp-json\/wp\/v2\/comments?post=24446"}],"version-history":[{"count":0,"href":"https:\/\/grandepremio.com\/es\/wp-json\/wp\/v2\/posts\/24446\/revisions"}],"wp:featuredmedia":[{"embeddable":true,"href":"https:\/\/grandepremio.com\/es\/wp-json\/wp\/v2\/media\/1010049084"}],"wp:attachment":[{"href":"https:\/\/grandepremio.com\/es\/wp-json\/wp\/v2\/media?parent=24446"}],"wp:term":[{"taxonomy":"category","embeddable":true,"href":"https:\/\/grandepremio.com\/es\/wp-json\/wp\/v2\/categories?post=24446"},{"taxonomy":"post_tag","embeddable":true,"href":"https:\/\/grandepremio.com\/es\/wp-json\/wp\/v2\/tags?post=24446"},{"taxonomy":"42wp_author","embeddable":true,"href":"https:\/\/grandepremio.com\/es\/wp-json\/wp\/v2\/42wp_author?post=24446"}],"curies":[{"name":"wp","href":"https:\/\/api.w.org\/{rel}","templated":true}]}}