{"id":2446,"date":"2026-03-01T11:53:51","date_gmt":"2026-03-01T14:53:51","guid":{"rendered":"https:\/\/grandepremio.com\/es\/2026\/03\/01\/david-almansa-intact-gp-victoria-primera-fecha-moto3-2026-podio-perrone\/"},"modified":"2026-03-01T11:53:56","modified_gmt":"2026-03-01T14:53:56","slug":"david-almansa-intact-gp-victoria-primera-fecha-moto3-2026-podio-perrone","status":"publish","type":"post","link":"https:\/\/grandepremio.com\/es\/motogp\/david-almansa-intact-gp-victoria-primera-fecha-moto3-2026-podio-perrone\/","title":{"rendered":"Almansa gana la primera fecha de Moto3 2026 en Tailandia; Perrone, 3\u00b0; Morelli 8\u00b0"},"content":{"rendered":"\n<p class=\"wp-block-paragraph\">Como es habitual, <strong>Moto3 <\/strong>ofreci\u00f3 una carrera emocionante en el inicio de la temporada 2026 en Tailandia. En una espectacular lucha por la victoria, <strong>David Almansa<\/strong> tuvo que esquivar a su rival <strong>M\u00e1ximo Quiles<\/strong> y ganar por primera vez en la categor\u00eda gracias a una diferencia de solo 0,003 segundos.<\/p>\n\n\n\n<p class=\"wp-block-paragraph\">\ud83d\udfe5&nbsp;<strong><em>\u00a1Todas las novedades te esperan en el canal de&nbsp;<\/em><\/strong><a href=\"https:\/\/www.youtube.com\/@GrandePremioES\"><em>YouTube<\/em><\/a><strong><em>&nbsp;de Grande Pr\u00eamio en Espa\u00f1ol!<\/em><\/strong>&nbsp;\ud83d\udfe8<\/p>\n\n\n\n<p class=\"wp-block-paragraph\"><strong>Quiles <\/strong>prepar\u00f3 el ataque en la \u00faltima vuelta, super\u00f3 a <strong>Almansa <\/strong>en la \u00faltima curva, pero se desvi\u00f3 un poco. Con ello, el piloto de <strong>Intact GP<\/strong> sali\u00f3 con fuerza en la recta y lo adelant\u00f3 para ganar. Sin embargo, la victoria solo se confirm\u00f3 con la ayuda de las im\u00e1genes.<\/p>\n\n\n\n<p class=\"wp-block-paragraph\">El argentino <strong>Valent\u00edn Perrone<\/strong> protagoniz\u00f3 una destacada remontada que concluy\u00f3 con un tercer puesto final. Este es, adem\u00e1s, el tercer podio en la divisional menor del <strong>Campeonato Mundial de Motociclismo<\/strong>. <\/p>\n\n\n\n<p class=\"wp-block-paragraph\">\u23e9\u00a0<strong><em>\u00a1Seguinos en redes por\u00a0<\/em><\/strong><a href=\"https:\/\/twitter.com\/grandepremioES\"><em>Twitter\u00a0<\/em><\/a><strong><em>e\u00a0<\/em><\/strong><a href=\"https:\/\/www.instagram.com\/grandepremioes\/\"><em>Instagram!<\/em><\/a><br>\u23e9\u00a0<strong><em>Adem\u00e1s, tenemos nuestro\u00a0<\/em><\/strong><a href=\"https:\/\/whatsapp.com\/channel\/0029VaDZ5zb0gcfDxuwxBM05\"><em>canal de Whatsapp<\/em><\/a><strong><em>\u00a0con toda la informaci\u00f3n al instante<\/em><\/strong>\u00a0\ud83c\udfc1<\/p>\n\n\n\n<figure class=\"wp-block-image size-large\"><img decoding=\"async\" src=\"https:\/\/grandepremio.com\/es\/wp-content\/uploads\/2026\/03\/SI202603010228-1024x683.jpg\" alt=\"\" class=\"wp-image-393993\"\/><figcaption class=\"wp-element-caption\">Valent\u00edn Perrone finaliz\u00f3 tercero en la primera fecha de Moto3 2026 (Foto: Red Bull Content Pool)<\/figcaption><\/figure>\n\n\n\n<p class=\"wp-block-paragraph\"><strong>\u00c1lvaro Carpe<\/strong> fue cuarto, seguido de <strong>Veda Pratama<\/strong> y <strong>Adri\u00e1n Fern\u00e1ndez. Brian Uriarte<\/strong> fue s\u00e9ptimo en <strong>Tailandia<\/strong>, acompa\u00f1ado por <strong>Marco Morelli, Joel Esteban<\/strong> y <strong>David Mu\u00f1oz<\/strong>, que cerraron el top 10 de la apertura de la temporada 2026 de <strong>Moto3<\/strong>.<\/p>\n\n\n\n<p class=\"wp-block-paragraph\"><strong>Moto3<\/strong> vuelve a la acci\u00f3n entre el 20 y 22 de marzo con la segunda fecha de la temporada, que se disputar\u00e1 en el <strong>Aut\u00f3dromo Internacional Ayrton Senna<\/strong> de <strong>Goiania<\/strong>, en <strong>Brasil<\/strong>. GRANDE PREMIO en ESPA\u00d1OL realizar\u00e1 una cobertura completa del evento. <\/p>\n\n\n\n<p class=\"has-medium-font-size wp-block-paragraph\"><strong>Conoc\u00e9 c\u00f3mo fue la primera fecha de Moto3 2026 en Tailandia:<\/strong><\/p>\n\n\n\n<p class=\"wp-block-paragraph\">La actividad de la divisional menor del <strong>Mundial de Motociclismo<\/strong> en <strong>Tailandia <\/strong>se realiz\u00f3 bajo un cielo despejado, con una temperatura ambiente de 33\u00b0C y 49\u00b0C en la pista.<\/p>\n\n\n\n<p class=\"wp-block-paragraph\">En el comienzo, <strong>\u00c1lvaro Carpe<\/strong> sali\u00f3 mejor y parec\u00eda listo para tomar la delantera, pero <strong>David Almansa<\/strong> reaccion\u00f3 inmediatamente y volvi\u00f3 a la primera posici\u00f3n, seguido por <strong>M\u00e1ximo Quiles, Carpe, Adri\u00e1n Fern\u00e1ndez<\/strong> y <strong>Ryusei Yamanaka <\/strong>quien, en la segunda vuelta, cometi\u00f3 un error al final de la recta opuesta, se cay\u00f3 y abandon\u00f3 la carrera. Al mismo tiempo, <strong>Fern\u00e1ndez <\/strong>super\u00f3 a <strong>Carpe <\/strong>y se coloc\u00f3 tercero en <strong>Buriram<\/strong>.<\/p>\n\n\n\n<p class=\"wp-block-paragraph\">Por delante, <strong>Almansa <\/strong>abri\u00f3 una ventaja de 0s2 sobre <strong>Quiles<\/strong>, que tambi\u00e9n ten\u00eda una c\u00f3moda ventaja sobre <strong>Fern\u00e1ndez <\/strong>y <strong>Carpe<\/strong>. As\u00ed, pocas disputas mov\u00edan las primeras posiciones, a pesar de la escasa distancia entre el cuarteto. En la s\u00e9ptima vuelta, <strong>Almansa <\/strong>y <strong>Quiles <\/strong>lograron abrir una ventaja de 0,8 segundos sobre <strong>Fern\u00e1ndez<\/strong>. <\/p>\n\n\n\n<p class=\"wp-block-paragraph\">Con esto, <strong>Carpe <\/strong>se convirti\u00f3 en el objetivo de <strong>Veda Pratama<\/strong>, que se lanz\u00f3 en la curva 3 y se qued\u00f3 con la cuarta posici\u00f3n de la carrera. Poco despu\u00e9s, el piloto indonesio tambi\u00e9n super\u00f3 a <strong>Fern\u00e1ndez <\/strong>y se coloc\u00f3 tercero. Mientras <strong>Quiles <\/strong>segu\u00eda persiguiendo a <strong>Almansa <\/strong>en la lucha por la victoria, el cuarteto que luchaba por el podio se quedaba a m\u00e1s de 2 segundos. <strong>Carpe <\/strong>tuvo que intercambiar posiciones con <strong>Valent\u00edn Perrone<\/strong> por el cuarto puesto.<\/p>\n\n\n\n<figure class=\"wp-block-image size-large\"><img decoding=\"async\" src=\"https:\/\/grandepremio.com\/es\/wp-content\/uploads\/2026\/03\/thumb_12606_post_xlarge-1024x683.jpeg\" alt=\"\" class=\"wp-image-393992\"\/><figcaption class=\"wp-element-caption\">Marco Morelli finaliz\u00f3 octavo en la primera fecha de Moto3 2026 (Foto: Aspar)<\/figcaption><\/figure>\n\n\n\n<p class=\"wp-block-paragraph\">En la vuelta 11, <strong>Quiles <\/strong>apret\u00f3 el ritmo y se peg\u00f3 a la cola de <strong>Almansa<\/strong>, quedando a menos de 0,1 segundos de su compatriota. En la \u00faltima curva del circuito, el piloto de <strong>Aspar <\/strong>lanz\u00f3 su ataque, se coloc\u00f3 por dentro y le adelant\u00f3 con facilidad para tomar la delantera de la carrera. Sin embargo, poco despu\u00e9s, <strong>Quiles <\/strong>se sali\u00f3 en la salida de la curva 1, pas\u00f3 por la zona de escape y dej\u00f3 espacio para la maniobra de Almansa, que recuper\u00f3 el liderato de la carrera.<\/p>\n\n\n\n<p class=\"wp-block-paragraph\">La lucha por la \u00faltima posici\u00f3n del podio tambi\u00e9n anim\u00f3 la tarde en <strong>Buriram<\/strong>, con <strong>Fern\u00e1ndez <\/strong>adelantando a <strong>Carpe <\/strong>y coloc\u00e1ndose en tercera posici\u00f3n. <strong>Pratama <\/strong>super\u00f3 a <strong>Perrone <\/strong>y se coloc\u00f3 en quinta posici\u00f3n, lo que hizo que la disputa fuera a\u00fan m\u00e1s re\u00f1ida. A tres vueltas del final, <strong>Fern\u00e1ndez <\/strong>vacil\u00f3 en el centro del circuito y fue superado por <strong>Carpe<\/strong>. A continuaci\u00f3n, <strong>Perrone <\/strong>aprovech\u00f3 el impulso y tambi\u00e9n se hizo con la cuarta posici\u00f3n, empujando al espa\u00f1ol a la lucha contra <strong>Pratama<\/strong>.<\/p>\n\n\n\n<p class=\"wp-block-paragraph\"><strong>Matteo Bertelle<\/strong> fue otra v\u00edctima de la agitada carrera y cay\u00f3 en la pen\u00faltima vuelta. Mientras tanto, en cabeza, Almansa se sinti\u00f3 a\u00fan m\u00e1s c\u00f3modo y abri\u00f3 una ventaja de 0,4 segundos tras un error de <strong>Quiles<\/strong>. Adem\u00e1s, <strong>Perrone <\/strong>super\u00f3 a <strong>Carpe <\/strong>para hacerse con la tercera posici\u00f3n. <strong>Pratama <\/strong>tambi\u00e9n super\u00f3 a <strong>Fern\u00e1ndez<\/strong>, pero r\u00e1pidamente recibi\u00f3 su merecido.<\/p>\n\n\n\n<p class=\"wp-block-paragraph\">En la \u00faltima vuelta, <strong>Quiles <\/strong>se recuper\u00f3 y redujo la ventaja en la lucha por la victoria, lanz\u00e1ndose a la \u00faltima curva tras un incre\u00edble bloqueo de <strong>Almansa<\/strong>. Sin embargo, el piloto de la moto #22 se tom\u00f3 la revancha y se llev\u00f3 la primera victoria del a\u00f1o por solo 0.003 segundos. M\u00e1s atr\u00e1s, <strong>Perrone <\/strong>complet\u00f3 el podio, con <strong>Carpe <\/strong>en cuarto lugar, seguido por <strong>Pratama <\/strong>y <strong>Fern\u00e1ndez<\/strong>. <\/p>\n\n\n\n<p class=\"has-medium-font-size wp-block-paragraph\"><strong>Moto3 2026 &#8211; GP de Tailandia &#8211; Resultado Final:<\/strong><\/p>\n\n\n\n<figure class=\"wp-block-table\"><table class=\"has-fixed-layout\"><tbody><tr><td>1<\/td><td>D ALMANSA<\/td><td>Intact GP KTM<\/td><td>19 vueltas<\/td><\/tr><tr><td>2<\/td><td>M QUILES<\/td><td>CFMoto Aspar KTM<\/td><td>+0.003<\/td><\/tr><tr><td>3<\/td><td>V PERRONE<\/td><td>Red Bull KTM Tech3<\/td><td>+9.480<\/td><\/tr><tr><td>4<\/td><td>A CARPE<\/td><td>Red Bull KTM Ajo<\/td><td>+9.573<\/td><\/tr><tr><td>5<\/td><td>V PRATAMA<\/td><td>Honda Team Asia<\/td><td>+9.687<\/td><\/tr><tr><td>6<\/td><td>A FERN\u00c1NDEZ<\/td><td>Leopard Honda<\/td><td>+9.723<\/td><\/tr><tr><td>7<\/td><td>B URIARTE<\/td><td>Red Bull KTM Ajo<\/td><td>+11.068<\/td><\/tr><tr><td>8<\/td><td>M MORELLI<\/td><td>CFMoto Aspar KTM<\/td><td>+11.334<\/td><\/tr><tr><td>9<\/td><td>J ESTEBAN<\/td><td>LevelUp MTA KTM<\/td><td>+11.541<\/td><\/tr><tr><td>10<\/td><td>D MU\u00d1OZ<\/td><td>Intact GP KTM<\/td><td>+11.657<\/td><\/tr><tr><td>11<\/td><td>C O\u2019GORMAN<\/td><td>Sic58 Honda<\/td><td>+11.863<\/td><\/tr><tr><td>12<\/td><td>S OGDEN<\/td><td>CIP Green Power KTM<\/td><td>+13.732<\/td><\/tr><tr><td>13<\/td><td>A CRUCES<\/td><td>CIP Green Power KTM<\/td><td>+16.365<\/td><\/tr><tr><td>14<\/td><td>J KELSO<\/td><td>Mlav Racing Honda<\/td><td>+17.264<\/td><\/tr><tr><td>15<\/td><td>E O\u2019SHEA<\/td><td>Mlav Racing Honda<\/td><td>+17.459<\/td><\/tr><tr><td>16<\/td><td>L RAMMERSTORFER<\/td><td>Sic58 Honda<\/td><td>+25.668<\/td><\/tr><tr><td>17<\/td><td>J R\u00cdOS<\/td><td>Snipers Team Honda<\/td><td>+25.731<\/td><\/tr><tr><td>18<\/td><td>H DANISH<\/td><td>MSi KTM<\/td><td>+25.810<\/td><\/tr><tr><td>19<\/td><td>R SALMELA<\/td><td>Red Bull KTM Tech3<\/td><td>+25.898<\/td><\/tr><tr><td>20<\/td><td>G PINI<\/td><td>Leopard Honda<\/td><td>+36.323<\/td><\/tr><tr><td>21<\/td><td>R MOODLEY<\/td><td>Code Motorsports KTM<\/td><td>+36.854<\/td><\/tr><tr><td>22<\/td><td>Z MITANI<\/td><td>Honda Team Asia<\/td><td>+37.978<\/td><\/tr><tr><td>23<\/td><td>N CARRARO<\/td><td>Snipers Team Honda<\/td><td>+54.641<\/td><\/tr><tr><td>24<\/td><td>R YAMANAKA<\/td><td>MSi KTM<\/td><td>+1.25.493<\/td><\/tr><tr><td>DNF<\/td><td>M BERTELLE<\/td><td>LevelUp MTA KTM<\/td><td>Abandon\u00f3<\/td><\/tr><tr><td>DNF<\/td><td>C BUCHANAN<\/td><td>Code Motorsports KTM<\/td><td>Abandon\u00f3<\/td><\/tr><\/tbody><\/table><\/figure>\n\n\n\n<p class=\"wp-block-paragraph\"><\/p>\n","protected":false},"excerpt":{"rendered":"<p>David Almansa y M\u00e1ximo Quiles protagonizaron un intenso duelo por la victoria en Moto3 en Tailandia, en el que el piloto de Intact GP se impuso por muy poco. El argentino Valent\u00edn Perrone complet\u00f3 el podio con la tercera posici\u00f3n, mientras que su compatriota Marco Morelli finaliz\u00f3 octavo<\/p>\n","protected":false},"author":0,"featured_media":1010393994,"comment_status":"closed","ping_status":"closed","sticky":false,"template":"","format":"standard","meta":{"42wp_featured_image_caption":"","42wp_featured_image_credits":"","42wp_featured_video":"","42wp_featured_image_hidden":false,"42wp_authors_list":[],"footnotes":""},"categories":[8],"tags":[3582,12070,1488,13878,12666,1366,12872,1528,13865,10848],"42wp_author":[14239],"class_list":["post-2446","post","type-post","status-publish","format-standard","has-post-thumbnail","hentry","category-motogp","tag-aspar","tag-david-almansa","tag-grande-premio","tag-intact-gp","tag-marco-morelli","tag-moto3","tag-moto3-2026","tag-tech3","tag-temporada-2026-moto3","tag-valentin-perrone","42wp_author-jp-otrosky"],"_links":{"self":[{"href":"https:\/\/grandepremio.com\/es\/wp-json\/wp\/v2\/posts\/2446","targetHints":{"allow":["GET"]}}],"collection":[{"href":"https:\/\/grandepremio.com\/es\/wp-json\/wp\/v2\/posts"}],"about":[{"href":"https:\/\/grandepremio.com\/es\/wp-json\/wp\/v2\/types\/post"}],"replies":[{"embeddable":true,"href":"https:\/\/grandepremio.com\/es\/wp-json\/wp\/v2\/comments?post=2446"}],"version-history":[{"count":0,"href":"https:\/\/grandepremio.com\/es\/wp-json\/wp\/v2\/posts\/2446\/revisions"}],"wp:featuredmedia":[{"embeddable":true,"href":"https:\/\/grandepremio.com\/es\/wp-json\/wp\/v2\/media\/1010393994"}],"wp:attachment":[{"href":"https:\/\/grandepremio.com\/es\/wp-json\/wp\/v2\/media?parent=2446"}],"wp:term":[{"taxonomy":"category","embeddable":true,"href":"https:\/\/grandepremio.com\/es\/wp-json\/wp\/v2\/categories?post=2446"},{"taxonomy":"post_tag","embeddable":true,"href":"https:\/\/grandepremio.com\/es\/wp-json\/wp\/v2\/tags?post=2446"},{"taxonomy":"42wp_author","embeddable":true,"href":"https:\/\/grandepremio.com\/es\/wp-json\/wp\/v2\/42wp_author?post=2446"}],"curies":[{"name":"wp","href":"https:\/\/api.w.org\/{rel}","templated":true}]}}