{"id":24469,"date":"2022-01-05T15:07:31","date_gmt":"2022-01-05T18:07:31","guid":{"rendered":"https:\/\/grandepremio.com\/es\/2022\/01\/05\/rossi-se-aisla-tras-contacto-con-caso-de-covid-19-y-esta-fuera-de-las-12h-del-golfo\/"},"modified":"2022-01-05T15:07:31","modified_gmt":"2022-01-05T18:07:31","slug":"rossi-se-aisla-tras-contacto-con-caso-de-covid-19-y-esta-fuera-de-las-12h-del-golfo","status":"publish","type":"post","link":"https:\/\/grandepremio.com\/es\/resistencia\/rossi-se-aisla-tras-contacto-con-caso-de-covid-19-y-esta-fuera-de-las-12h-del-golfo\/","title":{"rendered":"Rossi se a\u00edsla tras contacto con caso de Covid-19 y est\u00e1 fuera de las 12H del Golfo"},"content":{"rendered":"\n<p class=\"wp-block-paragraph\">El regreso de Valentino Rossi a la pista tras su retirada de <a href=\"https:\/\/grandepremio.com\/es\/\/categoria\/motogp\/\" target=\"_blank\" rel=\"noreferrer noopener\">MotoGP<\/a> a finales del a\u00f1o pasado tendr\u00e1 que esperar un poco m\u00e1s. Rossi esperaba celebrar otra edici\u00f3n de las 12 Horas del Golfo, en Abu Dhabi, el d\u00eda 8 de este mes, pero no suceder\u00e1. El italiano decidi\u00f3 aislarse despu\u00e9s de tener un contacto cercano con una persona, no revelada, que dio positivo en Covid-19.<\/p>\n\n\n\n<p class=\"wp-block-paragraph\">La informaci\u00f3n vino de Kessel Racing, el equipo por el que Rossi competir\u00eda en el #46 junto a su hermano Luca Marini y su amigo Alessio Salucci. Los dos seguir\u00e1n sus planes y competir\u00e1n con un sustituto, el tambi\u00e9n italiano David Fumanelli.<\/p>\n\n\n\n<p class=\"wp-block-paragraph\">&#8220;Valentino Rossi no participar\u00e1 en las 12 Horas del Golfo, programadas para el s\u00e1bado 8 de enero. El campe\u00f3n mundial tuvo contacto con una persona que dio positivo por Covid-19, por lo que se encuentra aislado en cuarentena&#8221;, dijo el equipo.<\/p>\n\n\n\n<p class=\"wp-block-paragraph\"><strong>\u00a1Conoce el canal de Gran Premio en\u00a0<a href=\"https:\/\/www.youtube.com\/c\/GrandePremioTV\">YouTube<\/a>!<br>\u00a1Sigue a Gran Premio en\u00a0<a href=\"https:\/\/twitter.com\/granpremioes\" target=\"_blank\" rel=\"noreferrer noopener\">Twitter\u00a0<\/a>y en\u00a0<a href=\"https:\/\/instagram.com\/granpremio_es\" target=\"_blank\" rel=\"noreferrer noopener\">Instagram<\/a>!<\/strong><\/p>\n\n\n\n<figure class=\"wp-block-image size-large\"><img decoding=\"async\" src=\"https:\/\/www.grandepremio.com\/br\/wp-content\/uploads\/2021\/11\/51679709500_c5bab0598b_k-1024x683.jpg\" alt=\"\" class=\"wp-image-525183\"\/><figcaption>Valentino Rossi se retir\u00f3 de MotoGP a finales del a\u00f1o 2021 (Foto: SRT)<\/figcaption><\/figure>\n\n\n\n<p class=\"wp-block-paragraph\">&#8220;Luca Marini y Alessio &#8216;Uccio&#8217; Salucci a\u00fan est\u00e1n confirmados y correr\u00e1n normalmente en Abu Dhabi con David Fumanelli en el Ferrari 488 GT3 #46&#8221;, concluy\u00f3.<\/p>\n\n\n\n<p class=\"wp-block-paragraph\">La expectativa es que las 12 Horas del Golfo, en las que Rossi ha competido en otras oportunidades, sean solo el comienzo de una carrera m\u00e1s extensa en las carreras de GT en todo el mundo. A finales de a\u00f1o, Valentino incluso prob\u00f3 un Audi R8 del equipo WRT, que compite en el Campeonato Mundial de Resistencia.<\/p>\n\n\n\n<p class=\"wp-block-paragraph\">Pese a no haber dado positivo esta vez, Rossi ya dio positivo en Covid-19. Fue en octubre de 2020, cuando se vio obligado a quedarse fuera de la doble ronda de MotoGP en Arag\u00f3n.<\/p>\n","protected":false},"excerpt":{"rendered":"<p>Valentino Rossi se perder\u00e1 las 12 Horas de Abu Dhabi. Seg\u00fan su equipo Kessel, el italiano se ha tenido contacto con un positivo en Covid-19.<\/p>\n","protected":false},"author":0,"featured_media":1010049105,"comment_status":"closed","ping_status":"closed","sticky":false,"template":"","format":"standard","meta":{"42wp_featured_image_caption":"","42wp_featured_image_credits":"","42wp_featured_video":"","42wp_featured_image_hidden":false,"42wp_authors_list":[],"footnotes":""},"categories":[19],"tags":[1982,1983,1984,487,185,1985,1293,1341,564,1847,1295],"42wp_author":[14233],"class_list":["post-24469","post","type-post","status-publish","format-standard","has-post-thumbnail","hentry","category-resistencia","tag-12-horas-de-abu-dhabi","tag-12-horas-del-golfo","tag-12h-del-golfo","tag-covid-19","tag-ferrari","tag-kessel","tag-motogp","tag-motogp-2022","tag-resistencia","tag-rossi","tag-valentino-rossi","42wp_author-eric-calduch"],"_links":{"self":[{"href":"https:\/\/grandepremio.com\/es\/wp-json\/wp\/v2\/posts\/24469","targetHints":{"allow":["GET"]}}],"collection":[{"href":"https:\/\/grandepremio.com\/es\/wp-json\/wp\/v2\/posts"}],"about":[{"href":"https:\/\/grandepremio.com\/es\/wp-json\/wp\/v2\/types\/post"}],"replies":[{"embeddable":true,"href":"https:\/\/grandepremio.com\/es\/wp-json\/wp\/v2\/comments?post=24469"}],"version-history":[{"count":0,"href":"https:\/\/grandepremio.com\/es\/wp-json\/wp\/v2\/posts\/24469\/revisions"}],"wp:featuredmedia":[{"embeddable":true,"href":"https:\/\/grandepremio.com\/es\/wp-json\/wp\/v2\/media\/1010049105"}],"wp:attachment":[{"href":"https:\/\/grandepremio.com\/es\/wp-json\/wp\/v2\/media?parent=24469"}],"wp:term":[{"taxonomy":"category","embeddable":true,"href":"https:\/\/grandepremio.com\/es\/wp-json\/wp\/v2\/categories?post=24469"},{"taxonomy":"post_tag","embeddable":true,"href":"https:\/\/grandepremio.com\/es\/wp-json\/wp\/v2\/tags?post=24469"},{"taxonomy":"42wp_author","embeddable":true,"href":"https:\/\/grandepremio.com\/es\/wp-json\/wp\/v2\/42wp_author?post=24469"}],"curies":[{"name":"wp","href":"https:\/\/api.w.org\/{rel}","templated":true}]}}