{"id":24553,"date":"2021-12-21T15:14:16","date_gmt":"2021-12-21T18:14:16","guid":{"rendered":"https:\/\/grandepremio.com\/es\/2021\/12\/21\/alesi-es-detenido-en-francia-por-provocar-danos-materiales-con-explosivos\/"},"modified":"2021-12-21T15:37:57","modified_gmt":"2021-12-21T18:37:57","slug":"alesi-es-detenido-en-francia-por-provocar-danos-materiales-con-explosivos","status":"publish","type":"post","link":"https:\/\/grandepremio.com\/es\/f1\/alesi-es-detenido-en-francia-por-provocar-danos-materiales-con-explosivos\/","title":{"rendered":"Alesi es detenido en Francia por provocar da\u00f1os materiales con explosivos"},"content":{"rendered":"\n<p class=\"wp-block-paragraph\">El ex piloto Jean Alesi qued\u00f3 detenido el pasado lunes por la polic\u00eda francesa por provocar da\u00f1os materiales, seg\u00fan inform\u00f3 el diario L&#8217;\u00c9quipe. El expiloto de Ferrari y ganador de una carrera de F\u00f3rmula 1 est\u00e1 bajo custodia de los efectivos en Avignon, al sur de Francia. Su hermano Jos\u00e9, que tambi\u00e9n hab\u00eda estado bajo arresto, qued\u00f3 en libertad horas despu\u00e9s.  <\/p>\n\n\n\n<p class=\"wp-block-paragraph\">&#8220;Jean Alesi fue detenido por la polic\u00eda a las 16 horas de este lunes por provocar da\u00f1os materiales en presencia de otras personas y con posesi\u00f3n de explosivos&#8221;, declar\u00f3 a la agencia de noticias AFP Antoine Wolf, oficial adjunto al mando.<\/p>\n\n\n\n<p class=\"wp-block-paragraph\">El incidente ocurri\u00f3 la noche del pasado domingo. Seg\u00fan la polic\u00eda, tres personas estacionaron un veh\u00edculo cerca de un estudio de arquitectura en Villeneuve-l\u00e9s-Avignon. Uno de los ocupantes del auto, que ten\u00eda todas las luces apagadas, se baj\u00f3 y coloc\u00f3 un explosivo delante del local. Instantes despu\u00e9s, el artefacto deton\u00f3 provocando grandes da\u00f1os materiales.<\/p>\n\n\n\n<p class=\"wp-block-paragraph\"><strong>\u00a1Conoce el canal de Gran Premio en\u00a0<a href=\"https:\/\/www.youtube.com\/c\/GrandePremioTV\">YouTube<\/a>!<br>\u00a1Sigue a Gran Premio en\u00a0<a href=\"https:\/\/twitter.com\/granpremioes\" target=\"_blank\" rel=\"noreferrer noopener\">Twitter\u00a0<\/a>y en\u00a0<a href=\"https:\/\/instagram.com\/granpremio_es\" target=\"_blank\" rel=\"noreferrer noopener\">Instagram<\/a>!<\/strong><\/p>\n\n\n\n<figure class=\"wp-block-image size-large\"><img decoding=\"async\" src=\"https:\/\/grandepremio.com\/es\/\/wp-content\/uploads\/2021\/12\/alesi-ferrari-1024x679.jpg\" alt=\"\" class=\"wp-image-48574\"\/><figcaption>Jean Alesi, en su d\u00eda de gloria en la F\u00f3rmula 1. (Foto: F1)<\/figcaption><\/figure>\n\n\n\n<p class=\"wp-block-paragraph\">Ante los agentes de polic\u00eda, Alesi dijo que hab\u00eda tra\u00eddo &#8220;fuegos artificiales de gran tama\u00f1o&#8221; desde Italia para ponerlos en la ventana de la oficina de su cu\u00f1ado, pero &#8220;sin imaginar que iban a causar tanto da\u00f1o&#8221;. Seg\u00fan L&#8217;\u00c9quipe, la explosi\u00f3n fue tan grande que hizo a\u00f1icos incluso los cristales antibalas.<\/p>\n\n\n\n<p class=\"wp-block-paragraph\">La investigaci\u00f3n, con la ayuda de varios testigos, identific\u00f3 el BMW de Jos\u00e9 Alesi, hermano del expiloto. Sin embargo, Jean exculp\u00f3 a su hermano y afirm\u00f3 que estaba en el lugar de los hechos con su hijo y un amigo. El ex piloto de Ferrari declar\u00f3 que s\u00f3lo quer\u00eda hacerle &#8220;una broma&#8221; a su cu\u00f1ado, que se est\u00e1 divorciando de su mujer.<\/p>\n\n\n\n<p class=\"wp-block-paragraph\">El cu\u00f1ado de Alesi aclar\u00f3 que no tiene ning\u00fan malestar con el piloto, pero present\u00f3 una denuncia por la destrucci\u00f3n del lugar. A pesar del incidente, nadie result\u00f3 herido. &#8220;Estoy incr\u00e9dulo por la falta de sentido com\u00fan de esta &#8216;broma&#8217;. El autor no se preocup\u00f3 si hab\u00eda alguien o no all\u00ed&#8221;, coment\u00f3 la persona encargada de investigar el caso.<\/p>\n\n\n\n<p class=\"wp-block-paragraph\">Jean Alesi es un antiguo piloto franc\u00e9s de F\u00f3rmula 1, que corri\u00f3 entre 1989 y 2001 para los equipos Tyrrell, Ferrari, Benetton, Prost y Jordan. A pesar de haber obtenido 32 podios, apenas conquist\u00f3 dos poles y una sola victoria, en el Gran Premio de Canad\u00e1 de 1995. Actualmente es comentarista del canal franc\u00e9s de televisi\u00f3n Canal+.<\/p>\n","protected":false},"excerpt":{"rendered":"<p>Jean Alesi, c\u00e9lebre piloto franc\u00e9s de la F1 en la d\u00e9cada del `90, est\u00e1 detenido por provocar da\u00f1os materiales a la propiedad de un familiar.<\/p>\n","protected":false},"author":0,"featured_media":1010048575,"comment_status":"closed","ping_status":"closed","sticky":false,"template":"","format":"standard","meta":{"42wp_featured_image_caption":"","42wp_featured_image_credits":"","42wp_featured_video":"","42wp_featured_image_hidden":false,"42wp_authors_list":[],"footnotes":""},"categories":[5],"tags":[181,185,179,1942],"42wp_author":[14223],"class_list":["post-24553","post","type-post","status-publish","format-standard","has-post-thumbnail","hentry","category-f1","tag-f1","tag-ferrari","tag-formula-1","tag-jean-alesi","42wp_author-esteban-nieto"],"_links":{"self":[{"href":"https:\/\/grandepremio.com\/es\/wp-json\/wp\/v2\/posts\/24553","targetHints":{"allow":["GET"]}}],"collection":[{"href":"https:\/\/grandepremio.com\/es\/wp-json\/wp\/v2\/posts"}],"about":[{"href":"https:\/\/grandepremio.com\/es\/wp-json\/wp\/v2\/types\/post"}],"replies":[{"embeddable":true,"href":"https:\/\/grandepremio.com\/es\/wp-json\/wp\/v2\/comments?post=24553"}],"version-history":[{"count":0,"href":"https:\/\/grandepremio.com\/es\/wp-json\/wp\/v2\/posts\/24553\/revisions"}],"wp:featuredmedia":[{"embeddable":true,"href":"https:\/\/grandepremio.com\/es\/wp-json\/wp\/v2\/media\/1010048575"}],"wp:attachment":[{"href":"https:\/\/grandepremio.com\/es\/wp-json\/wp\/v2\/media?parent=24553"}],"wp:term":[{"taxonomy":"category","embeddable":true,"href":"https:\/\/grandepremio.com\/es\/wp-json\/wp\/v2\/categories?post=24553"},{"taxonomy":"post_tag","embeddable":true,"href":"https:\/\/grandepremio.com\/es\/wp-json\/wp\/v2\/tags?post=24553"},{"taxonomy":"42wp_author","embeddable":true,"href":"https:\/\/grandepremio.com\/es\/wp-json\/wp\/v2\/42wp_author?post=24553"}],"curies":[{"name":"wp","href":"https:\/\/api.w.org\/{rel}","templated":true}]}}