{"id":24566,"date":"2021-12-19T11:25:36","date_gmt":"2021-12-19T14:25:36","guid":{"rendered":"https:\/\/grandepremio.com\/es\/2021\/12\/19\/jefe-de-ferrari-destaca-gran-ano-de-sainz-y-promete-discutir-futuro-en-breve\/"},"modified":"2021-12-19T11:25:37","modified_gmt":"2021-12-19T14:25:37","slug":"jefe-de-ferrari-destaca-gran-ano-de-sainz-y-promete-discutir-futuro-en-breve","status":"publish","type":"post","link":"https:\/\/grandepremio.com\/es\/f1\/jefe-de-ferrari-destaca-gran-ano-de-sainz-y-promete-discutir-futuro-en-breve\/","title":{"rendered":"Jefe de Ferrari destaca &#8220;gran a\u00f1o&#8221; de Sainz y promete &#8220;discutir futuro&#8221; en breve"},"content":{"rendered":"\n<p class=\"wp-block-paragraph\">La temporada 2021 marc\u00f3 el primer a\u00f1o de Carlos Sainz como piloto de Ferrari en <a href=\"https:\/\/grandepremio.com\/es\/\/categoria\/f1\/\" target=\"_blank\" rel=\"noreferrer noopener\">la F\u00f3rmula 1<\/a>, con la ingrata misi\u00f3n de reemplazar al cuatro veces campe\u00f3n Sebastian Vettel. Aun as\u00ed, el espa\u00f1ol hizo el trabajo con cuatro podios, super\u00f3 en el campeonato a su compa\u00f1ero Charles Leclerc y termin\u00f3 en quinto lugar. Ahora, el equipo quiere mucho m\u00e1s.<\/p>\n\n\n\n<p class=\"wp-block-paragraph\">Sainz termin\u00f3 la temporada en lo alto, con un podio en el GP de Abu Dhabi, lo que tambi\u00e9n ayud\u00f3 a Ferrari a obtener el tercer lugar en el Campeonato Mundial de Constructores. Mattia Binotto, jefe del equipo, coment\u00f3 sobre una posible renovaci\u00f3n de contrato.<\/p>\n\n\n\n<p class=\"wp-block-paragraph\">&#8220;Creo que Carlos tuvo un gran a\u00f1o. Cuando firmamos hace un a\u00f1o, dijimos que el invierno, que es ahora, ser\u00eda el momento perfecto para sentarnos y revisar la temporada. Y eso es algo que definitivamente vamos hacer con seguridad durante el invierno&#8221;, dijo Binotto al portal web de Autosport.<\/p>\n\n\n\n<p class=\"wp-block-paragraph\"><strong>\u00a1Conoce el canal de Gran Premio en\u00a0<a href=\"https:\/\/www.youtube.com\/c\/GrandePremioTV\">YouTube<\/a>!<br>\u00a1Sigue a Gran Premio en\u00a0<a href=\"https:\/\/twitter.com\/granpremioes\" target=\"_blank\" rel=\"noreferrer noopener\">Twitter\u00a0<\/a>y en\u00a0<a href=\"https:\/\/instagram.com\/granpremio_es\" target=\"_blank\" rel=\"noreferrer noopener\">Instagram<\/a>!<\/strong><\/p>\n\n\n\n<figure class=\"wp-block-image size-large\"><img decoding=\"async\" src=\"https:\/\/www.grandepremio.com\/br\/wp-content\/uploads\/2021\/12\/ferrari-carlossainz-01-5-1024x683.jpg\" alt=\"\" class=\"wp-image-532092\"\/><figcaption>Carlos Sainz cerr\u00f3 la mejor temporada de su carrera con podio, en el tercer lugar del GP de Abu Dhabi (Foto: Ferrari)<\/figcaption><\/figure>\n\n\n\n<p class=\"wp-block-paragraph\">&#8220;Hagamos una revisi\u00f3n de la asociaci\u00f3n y la temporada aislada y luego podremos comenzar a discutir nuestro futuro&#8221;, agreg\u00f3.<\/p>\n\n\n\n<p class=\"wp-block-paragraph\">Binotto tambi\u00e9n se mostr\u00f3 muy satisfecho con la actuaci\u00f3n del espa\u00f1ol en 2021, superando a Leclerc, que ya ten\u00eda dos a\u00f1os de experiencia en el equipo e incluso logr\u00f3 dos poles durante el a\u00f1o.<\/p>\n\n\n\n<p class=\"wp-block-paragraph\">&#8220;Cuando firmamos con Carlos, el objetivo era tener dos pilotos buenos, consistentes y que anotaran puntos para el equipo. Y creo que lo hemos logrado en la temporada, as\u00ed que estoy muy orgulloso de ellos. Como suelo decir, tenemos la mejor pareja de pilotos de la F\u00f3rmula 1, as\u00ed que estoy muy contento con lo que ha hecho Carlos esta temporada&#8221;, dijo.<\/p>\n\n\n\n<p class=\"wp-block-paragraph\">&#8220;Nos gusta [Sainz] porque es un buen piloto, siempre anotando bien, pero creo que aprende mucho. Durante la temporada, evolucion\u00f3 y creo que la recta final fue la mejor parte del a\u00f1o para \u00e9l&#8221;, concluy\u00f3 el director italiano.<\/p>\n","protected":false},"excerpt":{"rendered":"<p>Mattia Binotto, jefe de Ferrari, destac\u00f3 el gran a\u00f1o de Carlos Sainz durante esta temporada y confes\u00f3 que est\u00e1n cerca de hablar la renovaci\u00f3n.<\/p>\n","protected":false},"author":0,"featured_media":1010048522,"comment_status":"closed","ping_status":"closed","sticky":false,"template":"","format":"standard","meta":{"42wp_featured_image_caption":"","42wp_featured_image_credits":"","42wp_featured_video":"","42wp_featured_image_hidden":false,"42wp_authors_list":[],"footnotes":""},"categories":[5],"tags":[1179,302,181,1233,185,179,1884,439,676],"42wp_author":[14233],"class_list":["post-24566","post","type-post","status-publish","format-standard","has-post-thumbnail","hentry","category-f1","tag-abu-dhabi","tag-carlos-sainz","tag-f1","tag-f1-2021","tag-ferrari","tag-formula-1","tag-gp-de-abu-dhabi","tag-mattia-binotto","tag-sainz","42wp_author-eric-calduch"],"_links":{"self":[{"href":"https:\/\/grandepremio.com\/es\/wp-json\/wp\/v2\/posts\/24566","targetHints":{"allow":["GET"]}}],"collection":[{"href":"https:\/\/grandepremio.com\/es\/wp-json\/wp\/v2\/posts"}],"about":[{"href":"https:\/\/grandepremio.com\/es\/wp-json\/wp\/v2\/types\/post"}],"replies":[{"embeddable":true,"href":"https:\/\/grandepremio.com\/es\/wp-json\/wp\/v2\/comments?post=24566"}],"version-history":[{"count":0,"href":"https:\/\/grandepremio.com\/es\/wp-json\/wp\/v2\/posts\/24566\/revisions"}],"wp:featuredmedia":[{"embeddable":true,"href":"https:\/\/grandepremio.com\/es\/wp-json\/wp\/v2\/media\/1010048522"}],"wp:attachment":[{"href":"https:\/\/grandepremio.com\/es\/wp-json\/wp\/v2\/media?parent=24566"}],"wp:term":[{"taxonomy":"category","embeddable":true,"href":"https:\/\/grandepremio.com\/es\/wp-json\/wp\/v2\/categories?post=24566"},{"taxonomy":"post_tag","embeddable":true,"href":"https:\/\/grandepremio.com\/es\/wp-json\/wp\/v2\/tags?post=24566"},{"taxonomy":"42wp_author","embeddable":true,"href":"https:\/\/grandepremio.com\/es\/wp-json\/wp\/v2\/42wp_author?post=24566"}],"curies":[{"name":"wp","href":"https:\/\/api.w.org\/{rel}","templated":true}]}}