{"id":24581,"date":"2021-12-16T15:51:26","date_gmt":"2021-12-16T18:51:26","guid":{"rendered":"https:\/\/grandepremio.com\/es\/2021\/12\/16\/russell-destaca-gran-dia-de-tests-con-mercedes-una-experiencia-agradable\/"},"modified":"2021-12-16T15:51:27","modified_gmt":"2021-12-16T18:51:27","slug":"russell-destaca-gran-dia-de-tests-con-mercedes-una-experiencia-agradable","status":"publish","type":"post","link":"https:\/\/grandepremio.com\/es\/f1\/russell-destaca-gran-dia-de-tests-con-mercedes-una-experiencia-agradable\/","title":{"rendered":"Russell destaca &#8220;gran d\u00eda&#8221; de tests con Mercedes: &#8220;Una experiencia agradable&#8221;"},"content":{"rendered":"\n<p class=\"wp-block-paragraph\">A partir de 2022, George Russell gana un nuevo hogar en la F\u00f3rmula 1, alcanzando finalmente el lugar so\u00f1ado en Mercedes. Por este motivo, el brit\u00e1nico ya ha aprovechado para probar los nuevos neum\u00e1ticos Pirelli en dos d\u00edas de pruebas en el circuito de Yas Marina, en Abu Dhabi. <a href=\"https:\/\/grandepremio.com\/es\/\/f1\/shwartzman-lidera-ultima-dia-de-tests-colectivos-en-abu-dabi-y-cierre-de-2021\/\" target=\"_blank\" rel=\"noreferrer noopener\">El ingl\u00e9s cerr\u00f3 con la marca de 1min26s404, un poco mas de un segundo detr\u00e1s de Robert Schwartzman, qui\u00e9n marc\u00f3 el mejor registro con el Haas.<\/a><\/p>\n\n\n\n<p class=\"wp-block-paragraph\">Los tests fueron la primera vez que Russell corri\u00f3 con el coche del equipo desde el GP de Sakhir 2020, cuando reemplaz\u00f3 a Lewis Hamilton, que estaba con Covid-19. Ahora, el joven de 23 a\u00f1os comparti\u00f3 sus sentimientos sobre el cambio de equipo.<\/p>\n\n\n\n<p class=\"wp-block-paragraph\">&#8220;Es algo extra\u00f1o porque he probado con el equipo varias veces despu\u00e9s de carreras o temporadas y aqu\u00ed estamos una vez m\u00e1s. Obviamente, esta es mi primera vez oficialmente como piloto del equipo. Fue un gran d\u00eda y aprend\u00ed mucho sobre los neum\u00e1ticos nuevos&#8221;, dijo George.<\/p>\n\n\n\n<p class=\"wp-block-paragraph\"><strong>\u00a1Conoce el canal de Gran Premio en\u00a0<a href=\"https:\/\/www.youtube.com\/c\/GrandePremioTV\">YouTube<\/a>!<br>\u00a1Sigue a Gran Premio en\u00a0<a href=\"https:\/\/twitter.com\/granpremioes\" target=\"_blank\" rel=\"noreferrer noopener\">Twitter\u00a0<\/a>y en\u00a0<a href=\"https:\/\/instagram.com\/granpremio_es\" target=\"_blank\" rel=\"noreferrer noopener\">Instagram<\/a>!<\/strong><\/p>\n\n\n\n<figure class=\"wp-block-image size-large\"><img decoding=\"async\" src=\"https:\/\/www.grandepremio.com\/br\/wp-content\/uploads\/2021\/12\/39-18-inch-tyre-testing-day-2-1024x683.jpg\" alt=\"\" class=\"wp-image-532924\"\/><figcaption>George Russell con el Mercedes en Abu Dhabi (Foto: Pirelli)<\/figcaption><\/figure>\n\n\n\n<p class=\"wp-block-paragraph\">&#8220;Siempre es una experiencia agradable conducir un coche campe\u00f3n del mundo, con estos neum\u00e1ticos Pirelli de 18 pulgadas, que parecen reaccionar de manera positiva. Fue un gran d\u00eda&#8221;, agreg\u00f3.<\/p>\n\n\n\n<p class=\"wp-block-paragraph\">Russell analiz\u00f3 m\u00e1s a fondo las diferencias entre los neum\u00e1ticos de Pirelli, que son parte de los diversos cambios implementados por la F\u00f3rmula 1 en el reglamento de la pr\u00f3xima temporada. Ahora, los compuestos de la marca italiana ser\u00e1n m\u00e1s grandes. En Abu Dhabi, sin embargo, los equipos solo pod\u00edan usar coches modificados. Mercedes, por ejemplo, condujo un b\u00f3lido de 2019.<\/p>\n\n\n\n<p class=\"wp-block-paragraph\">&#8220;Fue realmente genial conducirlo, para ser honesto. El a\u00f1o que viene ser\u00e1 bastante diferente, ya que los coches van a cambiar dr\u00e1sticamente respecto a los actuales&#8221;, dijo.<\/p>\n\n\n\n<p class=\"wp-block-paragraph\">&#8220;A pesar de todo, [los neum\u00e1ticos] reaccionan de forma diferente a los 13&#8243; que montamos antes. Espero que esto contin\u00fae hasta el a\u00f1o que viene y veremos c\u00f3mo siguen en el pr\u00f3ximo reglamento&#8221;, concluy\u00f3.<\/p>\n","protected":false},"excerpt":{"rendered":"<p>George Russell pudo subirse al Mercedes durante dos d\u00edas de pruebas en Abu Dhabi, sacando varios aspectos positivos de sus primeros d\u00edas. <\/p>\n","protected":false},"author":0,"featured_media":1010048323,"comment_status":"closed","ping_status":"closed","sticky":false,"template":"","format":"standard","meta":{"42wp_featured_image_caption":"","42wp_featured_image_credits":"","42wp_featured_video":"","42wp_featured_image_hidden":false,"42wp_authors_list":[],"footnotes":""},"categories":[5],"tags":[1179,181,1233,179,253,1884,197,1206,1184],"42wp_author":[14233],"class_list":["post-24581","post","type-post","status-publish","format-standard","has-post-thumbnail","hentry","category-f1","tag-abu-dhabi","tag-f1","tag-f1-2021","tag-formula-1","tag-george-russell","tag-gp-de-abu-dhabi","tag-mercedes","tag-test","tag-yas-marina","42wp_author-eric-calduch"],"_links":{"self":[{"href":"https:\/\/grandepremio.com\/es\/wp-json\/wp\/v2\/posts\/24581","targetHints":{"allow":["GET"]}}],"collection":[{"href":"https:\/\/grandepremio.com\/es\/wp-json\/wp\/v2\/posts"}],"about":[{"href":"https:\/\/grandepremio.com\/es\/wp-json\/wp\/v2\/types\/post"}],"replies":[{"embeddable":true,"href":"https:\/\/grandepremio.com\/es\/wp-json\/wp\/v2\/comments?post=24581"}],"version-history":[{"count":0,"href":"https:\/\/grandepremio.com\/es\/wp-json\/wp\/v2\/posts\/24581\/revisions"}],"wp:featuredmedia":[{"embeddable":true,"href":"https:\/\/grandepremio.com\/es\/wp-json\/wp\/v2\/media\/1010048323"}],"wp:attachment":[{"href":"https:\/\/grandepremio.com\/es\/wp-json\/wp\/v2\/media?parent=24581"}],"wp:term":[{"taxonomy":"category","embeddable":true,"href":"https:\/\/grandepremio.com\/es\/wp-json\/wp\/v2\/categories?post=24581"},{"taxonomy":"post_tag","embeddable":true,"href":"https:\/\/grandepremio.com\/es\/wp-json\/wp\/v2\/tags?post=24581"},{"taxonomy":"42wp_author","embeddable":true,"href":"https:\/\/grandepremio.com\/es\/wp-json\/wp\/v2\/42wp_author?post=24581"}],"curies":[{"name":"wp","href":"https:\/\/api.w.org\/{rel}","templated":true}]}}