{"id":24600,"date":"2021-12-14T15:35:45","date_gmt":"2021-12-14T18:35:45","guid":{"rendered":"https:\/\/grandepremio.com\/es\/2021\/12\/14\/f1-planea-evitar-contacto-entre-equipos-y-direccion-de-carrera-en-2022\/"},"modified":"2021-12-14T16:03:45","modified_gmt":"2021-12-14T19:03:45","slug":"f1-planea-evitar-contacto-entre-equipos-y-direccion-de-carrera-en-2022","status":"publish","type":"post","link":"https:\/\/grandepremio.com\/es\/f1\/f1-planea-evitar-contacto-entre-equipos-y-direccion-de-carrera-en-2022\/","title":{"rendered":"F1 planea evitar contacto entre equipos y direcci\u00f3n de carrera en 2022"},"content":{"rendered":"\n<p class=\"wp-block-paragraph\"><a href=\"https:\/\/grandepremio.com\/es\/\/f1\/verstappen-logra-titulo-de-f1-en-definicion-dramatica-de-abu-dhabi\/\">Lewis Hamilton era el campe\u00f3n de la temporada 2021 de F\u00f3rmula 1 hasta la \u00faltima vuelta del GP de Abu Dhabi, cuando Max Verstappen lo super\u00f3<\/a>. Esto s\u00f3lo fue posible porque un accidente con Nicholas Latifi oblig\u00f3 a sacar el auto de seguridad en la parte final de la carrera celebrada el pasado domingo. Con la bandera amarilla, el holand\u00e9s aprovech\u00f3 para cambiar los neum\u00e1ticos y volver con los blandos, mientras que el siete veces campe\u00f3n permaneci\u00f3 en pista, con los compuestos duros gastados. Y en ese momento, la direcci\u00f3n de carrera tom\u00f3 una serie de decisiones que cambiaron la historia del final de la F1.<\/p>\n\n\n\n<p class=\"wp-block-paragraph\">Michael Masi, director de carrera de la F\u00f3rmula 1, inform\u00f3 inicialmente a los equipos de que no se permitir\u00edan los adelantamientos en las \u00faltimas vueltas. Poco despu\u00e9s, cambi\u00f3 de opini\u00f3n, por lo que la carrera terminar\u00eda bajo bandera verde. Para ello, autoriz\u00f3 a descontar la vuelta s\u00f3lo a los rezagados que estaban entre Hamilton y Verstappen: Lando Norris, Fernando Alonso, Esteban Ocon, Charles Leclerc y Sebastian Vettel. As\u00ed, al liberar la carrera, dej\u00f3 el camino libre para un enfrentamiento entre los dos aspirantes al t\u00edtulo.<\/p>\n\n\n\n<p class=\"wp-block-paragraph\">El resultado positivo fue para Verstappen, que con neum\u00e1ticos nuevos y blandos super\u00f3 a un Hamilton con neum\u00e1ticos duros y gastados. Cuando el holand\u00e9s cruz\u00f3 la bandera a cuadros, se pudo escuchar por la radio de Mercedes a un Toto Wolff, jefe del equipo, descontrolado. En comunicaci\u00f3n con el director de carrera, el austr\u00edaco reclam\u00f3 con un fuerte tono que se estaban incumpliendo el reglamento.<\/p>\n\n\n\n<p class=\"wp-block-paragraph\"><strong>\u00a1Conoce el canal de Gran Premio en\u00a0<a href=\"https:\/\/www.youtube.com\/c\/GrandePremioTV\">YouTube<\/a>!<br>\u00a1Sigue a Gran Premio en\u00a0<a href=\"https:\/\/twitter.com\/granpremioes\" target=\"_blank\" rel=\"noreferrer noopener\">Twitter\u00a0<\/a>y en\u00a0<a href=\"https:\/\/instagram.com\/granpremio_es\" target=\"_blank\" rel=\"noreferrer noopener\">Instagram<\/a>!<\/strong><\/p>\n\n\n\n<figure class=\"wp-block-video\"><video class=\"video-js vjs-big-play-centered\" data-gp-vjs=\"1\" controls src=\"https:\/\/grandepremio.com\/es\/\/wp-content\/uploads\/2021\/12\/latifi.mp4\"><\/video><figcaption>Nicholas Latifi impact\u00f3 contra el muro y provoc\u00f3 un auto de seguridad que cambi\u00f3 el curso de la carrera de Abu Dhabi (V\u00eddeo: DAZN)<\/figcaption><\/figure>\n\n\n\n<p class=\"wp-block-paragraph\">El equipo alem\u00e1n present\u00f3 una protesta despu\u00e9s de la carrera contra la decisi\u00f3n de la FIA (Federaci\u00f3n Internacional del Autom\u00f3vil). S\u00f3lo que las apelaciones fueron rechazadas. Entonces, el equipo inform\u00f3 la intenci\u00f3n de apelar oficialmente sobre las decisiones de la entidad. Adem\u00e1s de quejarse del procedimiento del coche de seguridad, la escuder\u00eda ocho veces campeona tambi\u00e9n present\u00f3 una queja contra Verstappen. En su acusaci\u00f3n, Mercedes aleg\u00f3 que el holand\u00e9s super\u00f3 a Lewis con bandera amarilla.<\/p>\n\n\n\n<p class=\"wp-block-paragraph\">Por estas y otras razones, Ross Brawn, director deportivo de la F1, manifest\u00f3 que quiere evitar el contacto directo entre los equipos y el director de carrera durante las carreras de 2022. El brit\u00e1nico explic\u00f3 que la reacci\u00f3n de Mercedes rest\u00f3 algo de brillo al final del campeonato y subray\u00f3 que la FIA estaba bajo mucha presi\u00f3n en ese momento.<\/p>\n\n\n\n<figure class=\"wp-block-video\"><video class=\"video-js vjs-big-play-centered\" data-gp-vjs=\"1\" controls src=\"https:\/\/www.grandepremio.com\/br\/wp-content\/uploads\/2021\/12\/Verstappen-x-Hamilton-ultima-volta.mp4\"><\/video><figcaption>La \u00faltima vuelta del GP de Abu Dhabi, que consagr\u00f3 a Max Verstappen como campe\u00f3n de F1. (V\u00eddeo: TSN)<\/figcaption><\/figure>\n\n\n\n<p class=\"wp-block-paragraph\">&#8220;La decisi\u00f3n en la \u00faltima vuelta es un punto culminante que no puede ser superado. Lamentablemente, la protesta le quita algo de brillo a esta final&#8221;, coment\u00f3 Brawn en una entrevista con la revista alemana Auto Motor und Sport.<\/p>\n\n\n\n<p class=\"wp-block-paragraph\">&#8220;No es aceptable que los jefes de equipo presionen a Michael [Masi] durante la carrera. Toto Wolff no puede exigir que un auto de seguridad no salga a pista, mientras que Christian Horner no puede querer que los rezagados vuelvan. Eso queda a discreci\u00f3n del director de la carrera. El a\u00f1o que viene romperemos ese contacto&#8221;, a\u00f1adi\u00f3.<\/p>\n\n\n\n<p class=\"wp-block-paragraph\">Cabe recordar que la FIA consider\u00f3 que, en ambas situaciones, no hubo errores que pudieran generar cambios en los resultados. En el caso del adelantamiento del auto de seguridad, eso fue s\u00f3lo un momento y que pronto el holand\u00e9s volvi\u00f3. Sobre el procedimiento, al haber permitido s\u00f3lo a algunos rezagados realinearse en la vuelta del l\u00edder, que el director de carrera, Michael Masi, tiene la autoridad para indicarlo.<\/p>\n","protected":false},"excerpt":{"rendered":"<p>Ross Brawn, director deportivo de la F1, afirm\u00f3 su intenci\u00f3n de cortar la comunicaci\u00f3n entre equipos y la direcci\u00f3n de carrera para la temporada 2022.<\/p>\n","protected":false},"author":0,"featured_media":1010048220,"comment_status":"closed","ping_status":"closed","sticky":false,"template":"","format":"standard","meta":{"42wp_featured_image_caption":"","42wp_featured_image_credits":"","42wp_featured_video":"","42wp_featured_image_hidden":false,"42wp_authors_list":[],"footnotes":""},"categories":[5],"tags":[181,1233,179,1884,199,249,197,449,206,570,1184],"42wp_author":[14223],"class_list":["post-24600","post","type-post","status-publish","format-standard","has-post-thumbnail","hentry","category-f1","tag-f1","tag-f1-2021","tag-formula-1","tag-gp-de-abu-dhabi","tag-lewis-hamilton","tag-max-verstappen","tag-mercedes","tag-michael-masi","tag-red-bull","tag-ross-brawn","tag-yas-marina","42wp_author-esteban-nieto"],"_links":{"self":[{"href":"https:\/\/grandepremio.com\/es\/wp-json\/wp\/v2\/posts\/24600","targetHints":{"allow":["GET"]}}],"collection":[{"href":"https:\/\/grandepremio.com\/es\/wp-json\/wp\/v2\/posts"}],"about":[{"href":"https:\/\/grandepremio.com\/es\/wp-json\/wp\/v2\/types\/post"}],"replies":[{"embeddable":true,"href":"https:\/\/grandepremio.com\/es\/wp-json\/wp\/v2\/comments?post=24600"}],"version-history":[{"count":0,"href":"https:\/\/grandepremio.com\/es\/wp-json\/wp\/v2\/posts\/24600\/revisions"}],"wp:featuredmedia":[{"embeddable":true,"href":"https:\/\/grandepremio.com\/es\/wp-json\/wp\/v2\/media\/1010048220"}],"wp:attachment":[{"href":"https:\/\/grandepremio.com\/es\/wp-json\/wp\/v2\/media?parent=24600"}],"wp:term":[{"taxonomy":"category","embeddable":true,"href":"https:\/\/grandepremio.com\/es\/wp-json\/wp\/v2\/categories?post=24600"},{"taxonomy":"post_tag","embeddable":true,"href":"https:\/\/grandepremio.com\/es\/wp-json\/wp\/v2\/tags?post=24600"},{"taxonomy":"42wp_author","embeddable":true,"href":"https:\/\/grandepremio.com\/es\/wp-json\/wp\/v2\/42wp_author?post=24600"}],"curies":[{"name":"wp","href":"https:\/\/api.w.org\/{rel}","templated":true}]}}