{"id":24602,"date":"2021-12-14T13:05:00","date_gmt":"2021-12-14T16:05:00","guid":{"rendered":"https:\/\/grandepremio.com\/es\/2021\/12\/14\/de-vries-lidera-primer-dia-de-pruebas-colectivas-de-la-f1-en-abu-dhabi\/"},"modified":"2021-12-14T14:52:25","modified_gmt":"2021-12-14T17:52:25","slug":"de-vries-lidera-primer-dia-de-pruebas-colectivas-de-la-f1-en-abu-dhabi","status":"publish","type":"post","link":"https:\/\/grandepremio.com\/es\/f1\/de-vries-lidera-primer-dia-de-pruebas-colectivas-de-la-f1-en-abu-dhabi\/","title":{"rendered":"De Vries lidera primer d\u00eda de pruebas colectivas de la F\u00f3rmula 1 en Abu Dhabi"},"content":{"rendered":"\n<p class=\"wp-block-paragraph\">El holand\u00e9s Nyck de Vries cerr\u00f3 como l\u00edder la primera jornada de los tests de postemporada que la F\u00f3rmula 1 lleva a cabo en Abu Dhabi. El campe\u00f3n de la F\u00f3rmula E, que fue el elegido de Mercedes para la actividad en Yas Marina, marc\u00f3 un tiempo de 1min23s194 en la \u00faltima vuelta del d\u00eda y le arrebat\u00f3 el primer puesto al neozeland\u00e9s Liam Lawson, que, en su debut en un auto de F1, llev\u00f3 a AlphaTauri al segundo lugar.<\/p>\n\n\n\n<p class=\"wp-block-paragraph\">El tercer lugar lo ocup\u00f3 Oscar Piastri, actual campe\u00f3n de la F\u00f3rmula 2, que condujo un Alpine, seguido por el mexicano Pato O&#8217;Ward, de McLaren, <a href=\"https:\/\/grandepremio.com\/es\/\/f1\/oward-debuta-en-auto-de-f1-como-lider-en-tests-colectivos-de-abu-dhabi\/\">que despu\u00e9s de liderar la tanda de la ma\u00f1ana<\/a>, obtuvo el cuarto lugar al final del d\u00eda en Yas Marina.<\/p>\n\n\n\n<p class=\"wp-block-paragraph\">El chino Guanyu Zhou, \u00fanico debutante en la F\u00f3rmula 1 en 2022, condujo su Alfa Romeo hasta la quinta posici\u00f3n, seguido del estonio J\u00fcri Vips, que con su Red Bull provoc\u00f3 una de las banderas rojas del d\u00eda al chocar en la curva 14.<\/p>\n\n\n\n<p class=\"wp-block-paragraph\"><strong>\u00a1Conoce el canal de Gran Premio en\u00a0<a href=\"https:\/\/www.youtube.com\/c\/GrandePremioTV\">YouTube<\/a>!<br>\u00a1Sigue a Gran Premio en\u00a0<a href=\"https:\/\/twitter.com\/granpremioes\" target=\"_blank\" rel=\"noreferrer noopener\">Twitter\u00a0<\/a>y en\u00a0<a href=\"https:\/\/instagram.com\/granpremio_es\" target=\"_blank\" rel=\"noreferrer noopener\">Instagram<\/a>!<\/strong><\/p>\n\n\n\n<figure class=\"wp-block-image size-large\"><img decoding=\"async\" src=\"https:\/\/grandepremio.com\/es\/\/wp-content\/uploads\/2021\/12\/vips-1024x576.jpg\" alt=\"\" class=\"wp-image-48212\"\/><figcaption>El estonio Juri Vips, de la academia de Red Bull, provoc\u00f3 una bandera roja en la sesi\u00f3n al impactar contra el muro. (Foto: Reproducci\u00f3n). <\/figcaption><\/figure>\n\n\n\n<p class=\"wp-block-paragraph\">Daniel Ricciardo, de McLaren, fue el l\u00edder de la sesi\u00f3n entre los coches mula, modelos adaptados para las pruebas con los neum\u00e1ticos de 18&#8243; que se utilizar\u00e1n a partir de la temporada 2022. El tiempo del australiano fue 1s6 m\u00e1s lento que el de O&#8217;Ward en comparaci\u00f3n, y le vali\u00f3 el octavo puesto en la general por detr\u00e1s de Nick Yelloly, que conduc\u00eda el Aston Martin.<\/p>\n\n\n\n<p class=\"wp-block-paragraph\">En su primera aparici\u00f3n en pista tras ganar el t\u00edtulo mundial, Max Verstappen fue 17\u00ba en la general al volante de la mula de Red Bull. El holand\u00e9s cerr\u00f3 por detr\u00e1s de Lance Stroll (Aston Martin), Robert Shwartzman (Ferrari), Charles Leclerc (Ferrari), Valtteri Bottas (que debuta en Alfa Romeo), Antonio Fuoco (Ferrari), Yuki Tsunoda (AlphaTauri), Logan Sargeant (Williams) y Esteban Ocon (Alpine).<\/p>\n\n\n\n<p class=\"wp-block-paragraph\">Tras el dominio inicial de de Vries, este mi\u00e9rcoles ser\u00e1 el \u00faltimo d\u00eda de pruebas en Abu Dhabi. Williams no participar\u00e1 en la jornada por no disponer de un auto mula, una decisi\u00f3n tomada hace semanas.<\/p>\n\n\n\n<p class=\"wp-block-paragraph\"><strong><a href=\"https:\/\/www.grandepremio.com\/formula-1\/\" target=\"_blank\" rel=\"noreferrer noopener\">F\u00f3rmula 1\u00a0<\/a>2021, Tests colectivos y de neum\u00e1ticos, Abu Dhabi, d\u00eda 1, segunda sesi\u00f3n:<\/strong><\/p>\n\n\n\n<figure class=\"wp-block-table\"><table><tbody><tr><td>1<\/td><td>N DE VRIES<\/td><td>Mercedes<\/td><td>1:23,191<\/td><td>&nbsp;<\/td><td>77<\/td><\/tr><tr><td>2<\/td><td>L LAWSON<\/td><td>AlphaTauri Honda<\/td><td>1:24,517<\/td><td>+1,326<\/td><td>125<\/td><\/tr><tr><td>3<\/td><td>O PIASTRI<\/td><td>Alpine Renault<\/td><td>1:24,523<\/td><td>+1,332<\/td><td>131<\/td><\/tr><tr><td>4<\/td><td>P O\u2019WARD<\/td><td>McLaren Mercedes<\/td><td>1:24,607<\/td><td>+1,416<\/td><td>92<\/td><\/tr><tr><td>5<\/td><td>G ZHOU<\/td><td>Alfa Romeo Ferrari<\/td><td>1:25,142<\/td><td>+1,951<\/td><td>119<\/td><\/tr><tr><td>6<\/td><td>J VIPS<\/td><td>Red Bull Honda<\/td><td>1:25,198<\/td><td>+2,007<\/td><td>97<\/td><\/tr><tr><td>7<\/td><td>N YELLOLY<\/td><td>Aston Martin Mercedes<\/td><td>1:25,333<\/td><td>+2,142<\/td><td>118<\/td><\/tr><tr><td>8<\/td><td>D RICCIARDO<\/td><td>McLaren Mercedes<\/td><td>1:26,252<\/td><td>+3,061<\/td><td>95<\/td><\/tr><tr><td>9<\/td><td>L STROLL<\/td><td>Aston Martin Mercedes<\/td><td>1:26,579<\/td><td>+3,388<\/td><td>143<\/td><\/tr><tr><td>10<\/td><td>R SHWARTZMAN<\/td><td>Ferrari<\/td><td>1:26,694<\/td><td>+3,503<\/td><td>73<\/td><\/tr><tr><td>11<\/td><td>C LECLERC<\/td><td>Ferrari<\/td><td>1:26,989<\/td><td>+3,798<\/td><td>87<\/td><\/tr><tr><td>12<\/td><td>V BOTTAS<\/td><td>Alfa Romeo<\/td><td>1:27,183<\/td><td>+3,992<\/td><td>127<\/td><\/tr><tr><td>13<\/td><td>A FUOCO<\/td><td>Ferrari<\/td><td>1:27,324<\/td><td>+4,133<\/td><td>146<\/td><\/tr><tr><td>14<\/td><td>Y TSUNODA<\/td><td>AlphaTauri Honda<\/td><td>1:27,348<\/td><td>+4,157<\/td><td>131<\/td><\/tr><tr><td>15<\/td><td>L SARGEANT<\/td><td>Williams Mercedes<\/td><td>1:27,476<\/td><td>+4,285<\/td><td>92<\/td><\/tr><tr><td>16<\/td><td>E OCON<\/td><td>Alpine Renault<\/td><td>1:27,553<\/td><td>+4,362<\/td><td>128<\/td><\/tr><tr><td>17<\/td><td>M VERSTAPPEN<\/td><td>Red Bull Honda<\/td><td>1:28,013<\/td><td>+4,822<\/td><td>124<\/td><\/tr><tr><td>18<\/td><td>G RUSSELL<\/td><td>Mercedes<\/td><td>1:28,062<\/td><td>+4,871<\/td><td>132<\/td><\/tr><tr><td>19<\/td><td>M SCHUMACHER<\/td><td>Haas Ferrari<\/td><td>1:29,099<\/td><td>+5,908<\/td><td>100<\/td><\/tr><\/tbody><\/table><\/figure>\n","protected":false},"excerpt":{"rendered":"<p>Nyck de Vries, campe\u00f3n de la F\u00f3rmula E, fue el m\u00e1s r\u00e1pido a bordo de un Mercedes del primer d\u00eda de los tests de post temporada de la F\u00f3rmula 1.<\/p>\n","protected":false},"author":0,"featured_media":1010048211,"comment_status":"closed","ping_status":"closed","sticky":false,"template":"","format":"standard","meta":{"42wp_featured_image_caption":"","42wp_featured_image_credits":"","42wp_featured_video":"","42wp_featured_image_hidden":false,"42wp_authors_list":[],"footnotes":""},"categories":[5],"tags":[1179,181,1233,1495,179,197,1917,1184],"42wp_author":[14223],"class_list":["post-24602","post","type-post","status-publish","format-standard","has-post-thumbnail","hentry","category-f1","tag-abu-dhabi","tag-f1","tag-f1-2021","tag-f1-2022","tag-formula-1","tag-mercedes","tag-pruebas-colectivas","tag-yas-marina","42wp_author-esteban-nieto"],"_links":{"self":[{"href":"https:\/\/grandepremio.com\/es\/wp-json\/wp\/v2\/posts\/24602","targetHints":{"allow":["GET"]}}],"collection":[{"href":"https:\/\/grandepremio.com\/es\/wp-json\/wp\/v2\/posts"}],"about":[{"href":"https:\/\/grandepremio.com\/es\/wp-json\/wp\/v2\/types\/post"}],"replies":[{"embeddable":true,"href":"https:\/\/grandepremio.com\/es\/wp-json\/wp\/v2\/comments?post=24602"}],"version-history":[{"count":0,"href":"https:\/\/grandepremio.com\/es\/wp-json\/wp\/v2\/posts\/24602\/revisions"}],"wp:featuredmedia":[{"embeddable":true,"href":"https:\/\/grandepremio.com\/es\/wp-json\/wp\/v2\/media\/1010048211"}],"wp:attachment":[{"href":"https:\/\/grandepremio.com\/es\/wp-json\/wp\/v2\/media?parent=24602"}],"wp:term":[{"taxonomy":"category","embeddable":true,"href":"https:\/\/grandepremio.com\/es\/wp-json\/wp\/v2\/categories?post=24602"},{"taxonomy":"post_tag","embeddable":true,"href":"https:\/\/grandepremio.com\/es\/wp-json\/wp\/v2\/tags?post=24602"},{"taxonomy":"42wp_author","embeddable":true,"href":"https:\/\/grandepremio.com\/es\/wp-json\/wp\/v2\/42wp_author?post=24602"}],"curies":[{"name":"wp","href":"https:\/\/api.w.org\/{rel}","templated":true}]}}