{"id":24659,"date":"2021-12-10T10:16:06","date_gmt":"2021-12-10T13:16:06","guid":{"rendered":"https:\/\/grandepremio.com\/es\/2021\/12\/10\/alonso-cree-que-verstappen-esta-conduciendo-mejor-que-hamilton-en-2021\/"},"modified":"2021-12-10T10:16:07","modified_gmt":"2021-12-10T13:16:07","slug":"alonso-cree-que-verstappen-esta-conduciendo-mejor-que-hamilton-en-2021","status":"publish","type":"post","link":"https:\/\/grandepremio.com\/es\/f1\/alonso-cree-que-verstappen-esta-conduciendo-mejor-que-hamilton-en-2021\/","title":{"rendered":"Alonso cree que Verstappen &#8220;est\u00e1 conduciendo mejor&#8221; que Hamilton en 2021"},"content":{"rendered":"\n<p class=\"wp-block-paragraph\">El GP de Abu Dhabi de este fin de semana responder\u00e1 a la pregunta m\u00e1s importante del a\u00f1o en la <a href=\"https:\/\/grandepremio.com\/es\/\/categoria\/f1\/\" target=\"_blank\" rel=\"noreferrer noopener\">F\u00f3rmula 1.<\/a> \u00bfQui\u00e9n ser\u00e1 el campe\u00f3n? La pregunta se presenta a quienes conocen el entorno de una pelea por el t\u00edtulo, como Fernando Alonso. El espa\u00f1ol evalu\u00f3 que Mercedes est\u00e1 por delante de Red Bull, pero Max Verstappen es quien mejor pilot\u00f3 durante todo el campeonato.<\/p>\n\n\n\n<p class=\"wp-block-paragraph\">El bicampe\u00f3n no lleg\u00f3 a decir directamente que Verstappen era mejor que Lewis Hamilton. Pero dijo que el holand\u00e9s era mejor que todos los dem\u00e1s pilotos de F1 durante todo este a\u00f1o.<\/p>\n\n\n\n<p class=\"wp-block-paragraph\">&#8220;Los dos est\u00e1n conduciendo fant\u00e1sticamente, sin cometer errores y superando los l\u00edmites en cada carrera. Ver\u00e1s que son el primero y el segundo en cada carrera, est\u00e1n en otro nivel. Es fant\u00e1stico verlos proyectarse un otro&#8221;, dijo.<\/p>\n\n\n\n<p class=\"wp-block-paragraph\"><strong>\u00a1Conoce el canal de Gran Premio en&nbsp;<a href=\"https:\/\/www.youtube.com\/c\/GrandePremioTV\">YouTube<\/a>!<br>\u00a1Sigue a Gran Premio en&nbsp;<a href=\"https:\/\/twitter.com\/granpremioes\" target=\"_blank\" rel=\"noreferrer noopener\">Twitter&nbsp;<\/a>y en&nbsp;<a href=\"https:\/\/instagram.com\/granpremio_es\" target=\"_blank\" rel=\"noreferrer noopener\">Instagram<\/a>!<\/strong><\/p>\n\n\n\n<figure class=\"wp-block-image size-large is-resized\"><img loading=\"lazy\" decoding=\"async\" src=\"https:\/\/www.grandepremio.com\/br\/wp-content\/uploads\/2021\/12\/alpine-fernandoalonso-01-2-1024x684.jpg\" alt=\"\" class=\"wp-image-530090\" width=\"840\" height=\"561\"\/><figcaption>Fernando Alonso da sus p\u00e1lpitos sobre la lucha por el t\u00edtulo de 2021 (Foto: Alpine)<\/figcaption><\/figure>\n\n\n\n<p class=\"wp-block-paragraph\">&#8220;La \u00faltima carrera ser\u00e1 tensa, seguro, para los dos. Creo que depender\u00e1 de la combinaci\u00f3n. Mercedes lo est\u00e1 haciendo mejor \u00faltimamente y ganando algunas carreras seguidas, pero Max est\u00e1 liderando un paso por delante de todos nosotros, creo. Vimos la vuelta en Jeddah hasta que choc\u00f3 contra el muro en la \u00faltima curva. Ese giro vino de Max, no de Red Bull&#8221;, dijo.<\/p>\n\n\n\n<p class=\"wp-block-paragraph\">Lo que Alonso neg\u00f3 es que d\u00e9 su apoye a Verstappen o contra Hamilton.<\/p>\n\n\n\n<p class=\"wp-block-paragraph\">&#8220;En cierto modo, opini\u00f3n es la siguiente. Mercedes se merece el Mundial de Constructores, porque el coche es superior, y Max puede haber conducido un poco mejor que nadie este a\u00f1o. No es que yo apoye a Max. Pero lo merece y est\u00e1 liderando, en mi opini\u00f3n, -y todos pueden tener una diferente-, est\u00e1 llevando a Red Bull a otro nivel&#8221;, concluy\u00f3.<\/p>\n","protected":false},"excerpt":{"rendered":"<p>Fernando Alonso dio sus p\u00e1lpitos para la pelea por el t\u00edtulo de la F1 y dijo que Verstappen est\u00e1 conduciendo mejor que Hamilton este a\u00f1o.<\/p>\n","protected":false},"author":0,"featured_media":1010047394,"comment_status":"closed","ping_status":"closed","sticky":false,"template":"","format":"standard","meta":{"42wp_featured_image_caption":"","42wp_featured_image_credits":"","42wp_featured_video":"","42wp_featured_image_hidden":false,"42wp_authors_list":[],"footnotes":""},"categories":[5],"tags":[1069,678,181,1233,184,179,1198,199,249,197,206,1184],"42wp_author":[14233],"class_list":["post-24659","post","type-post","status-publish","format-standard","has-post-thumbnail","hentry","category-f1","tag-abu-dabi","tag-alpine","tag-f1","tag-f1-2021","tag-fernando-alonso","tag-formula-1","tag-gp-de-abu-dabi","tag-lewis-hamilton","tag-max-verstappen","tag-mercedes","tag-red-bull","tag-yas-marina","42wp_author-eric-calduch"],"_links":{"self":[{"href":"https:\/\/grandepremio.com\/es\/wp-json\/wp\/v2\/posts\/24659","targetHints":{"allow":["GET"]}}],"collection":[{"href":"https:\/\/grandepremio.com\/es\/wp-json\/wp\/v2\/posts"}],"about":[{"href":"https:\/\/grandepremio.com\/es\/wp-json\/wp\/v2\/types\/post"}],"replies":[{"embeddable":true,"href":"https:\/\/grandepremio.com\/es\/wp-json\/wp\/v2\/comments?post=24659"}],"version-history":[{"count":0,"href":"https:\/\/grandepremio.com\/es\/wp-json\/wp\/v2\/posts\/24659\/revisions"}],"wp:featuredmedia":[{"embeddable":true,"href":"https:\/\/grandepremio.com\/es\/wp-json\/wp\/v2\/media\/1010047394"}],"wp:attachment":[{"href":"https:\/\/grandepremio.com\/es\/wp-json\/wp\/v2\/media?parent=24659"}],"wp:term":[{"taxonomy":"category","embeddable":true,"href":"https:\/\/grandepremio.com\/es\/wp-json\/wp\/v2\/categories?post=24659"},{"taxonomy":"post_tag","embeddable":true,"href":"https:\/\/grandepremio.com\/es\/wp-json\/wp\/v2\/tags?post=24659"},{"taxonomy":"42wp_author","embeddable":true,"href":"https:\/\/grandepremio.com\/es\/wp-json\/wp\/v2\/42wp_author?post=24659"}],"curies":[{"name":"wp","href":"https:\/\/api.w.org\/{rel}","templated":true}]}}