{"id":24671,"date":"2021-12-08T21:01:35","date_gmt":"2021-12-09T00:01:35","guid":{"rendered":"https:\/\/grandepremio.com\/es\/2021\/12\/08\/ferrari-quiere-regreso-de-todt-tras-fin-de-su-mandato-como-presidente-de-fia\/"},"modified":"2021-12-08T21:01:36","modified_gmt":"2021-12-09T00:01:36","slug":"ferrari-quiere-regreso-de-todt-tras-fin-de-su-mandato-como-presidente-de-fia","status":"publish","type":"post","link":"https:\/\/grandepremio.com\/es\/f1\/ferrari-quiere-regreso-de-todt-tras-fin-de-su-mandato-como-presidente-de-fia\/","title":{"rendered":"Ferrari quiere regreso de Todt tras fin de su mandato como presidente de FIA"},"content":{"rendered":"\n<p class=\"wp-block-paragraph\">La historia de Jean Todt con Ferrari se remonta a mucho tiempo atr\u00e1s. Entre 1994 y 2009, el franc\u00e9s fue jefe de equipo despu\u00e9s de llegar del rally, fue director general y asesor especial. Con \u00e9l a la cabeza, el equipo emergi\u00f3 de la hist\u00f3rica pausa de 21 a\u00f1os sin t\u00edtulos de pilotos y construy\u00f3 una era de dominio nunca antes vista en <a href=\"https:\/\/grandepremio.com\/es\/\/categoria\/f1\/\" target=\"_blank\" rel=\"noreferrer noopener\">F\u00f3rmula 1<\/a> en los a\u00f1os de Michael Schumacher. Ahora, la posibilidad de volver se presenta como real.<\/p>\n\n\n\n<p class=\"wp-block-paragraph\">Qui\u00e9n informa el diario italiano Corriere dela Sera. Seg\u00fan un art\u00edculo publicado este mi\u00e9rcoles (8), Todt ya est\u00e1 en conversaciones con el presidente John Elkann para regresar a Maranello en la temporada 2022.<\/p>\n\n\n\n<p class=\"wp-block-paragraph\">El papel de Todt ser\u00eda diferente. Ya no es jefe o director ejecutivo, algo que el peri\u00f3dico indica no atrae tanto al actual presidente de la FIA, sino como a un asesor. Algo parecido a lo que hizo Niki Lauda por Mercedes con el t\u00edtulo de presidente no ejecutivo. De esta manera, nadie tiene que perder su trabajo si el inter\u00e9s se convierte en negocio.<\/p>\n\n\n\n<p class=\"wp-block-paragraph\"><strong>\u00a1Conoce el canal de Gran Premio en\u00a0<a href=\"https:\/\/www.youtube.com\/c\/GrandePremioTV\">YouTube<\/a>!<br>\u00a1Sigue a Gran Premio en\u00a0<a href=\"https:\/\/twitter.com\/granpremioes\" target=\"_blank\" rel=\"noreferrer noopener\">Twitter\u00a0<\/a>y en\u00a0<a href=\"https:\/\/instagram.com\/granpremio_es\" target=\"_blank\" rel=\"noreferrer noopener\">Instagram<\/a>!<\/strong><\/p>\n\n\n\n<figure class=\"wp-block-image size-large\"><img decoding=\"async\" src=\"https:\/\/www.grandepremio.com\/br\/wp-content\/uploads\/2020\/05\/201776926781_attachment_123926_DMa.jpg\" alt=\"\" class=\"wp-image-375076\"\/><figcaption>Jean Todt y Michael Schumacher tuvieron una relaci\u00f3n positiva dentro y fuera de la F1: ganaron diez Mundiales juntos (Foto: Reproducci\u00f3n)<\/figcaption><\/figure>\n\n\n\n<p class=\"wp-block-paragraph\">A pesar de toda la historia con Ferrari, es un poco peculiar ver al presidente de la FIA hablar con un equipo de F\u00f3rmula 1 para formar parte de su plantilla en poco tiempo. Todt ha ocupado el asiento m\u00e1s importante del automovilismo mundial desde que fue elegido, en 2009, cuando derrot\u00f3 a Ari Vatanen, el campe\u00f3n mundial de rallyes. Desde entonces, ha sido reelegido dos veces m\u00e1s y ha alcanzado el l\u00edmite de reelecci\u00f3n.<\/p>\n\n\n\n<p class=\"wp-block-paragraph\">De esta forma, la elecci\u00f3n para la presidencia de la FIA, prevista para el pr\u00f3ximo 17, define qui\u00e9n ser\u00e1 el sucesor de Todt. El franc\u00e9s ser\u00e1 libre de seguir con su vida.<\/p>\n\n\n\n<p class=\"wp-block-paragraph\">La historia en el peri\u00f3dico italiano, sin embargo, advierte que ser solo un miembro de la junta puede no ser suficiente: a Todt le gustar\u00eda ser accionista de Ferrari. El medio tambi\u00e9n recuerda que Nicolas Todt, el hijo de Jean, es el gerente de algunos pilotos j\u00f3venes en Europa. Entre ellos, Charles Leclerc.<\/p>\n","protected":false},"excerpt":{"rendered":"<p>Seg\u00fan la prensa italiana, Ferrari estar\u00eda interesado en contratar a Jean Todt como asesor tras terminar el mandato como presidente de la FIA.<\/p>\n","protected":false},"author":0,"featured_media":1010047217,"comment_status":"closed","ping_status":"closed","sticky":false,"template":"","format":"standard","meta":{"42wp_featured_image_caption":"","42wp_featured_image_credits":"","42wp_featured_video":"","42wp_featured_image_hidden":false,"42wp_authors_list":[],"footnotes":""},"categories":[5],"tags":[1069,181,1233,185,263,179,1198,1375,1907,1184],"42wp_author":[14233],"class_list":["post-24671","post","type-post","status-publish","format-standard","has-post-thumbnail","hentry","category-f1","tag-abu-dabi","tag-f1","tag-f1-2021","tag-ferrari","tag-fia","tag-formula-1","tag-gp-de-abu-dabi","tag-jean-todt","tag-todt","tag-yas-marina","42wp_author-eric-calduch"],"_links":{"self":[{"href":"https:\/\/grandepremio.com\/es\/wp-json\/wp\/v2\/posts\/24671","targetHints":{"allow":["GET"]}}],"collection":[{"href":"https:\/\/grandepremio.com\/es\/wp-json\/wp\/v2\/posts"}],"about":[{"href":"https:\/\/grandepremio.com\/es\/wp-json\/wp\/v2\/types\/post"}],"replies":[{"embeddable":true,"href":"https:\/\/grandepremio.com\/es\/wp-json\/wp\/v2\/comments?post=24671"}],"version-history":[{"count":0,"href":"https:\/\/grandepremio.com\/es\/wp-json\/wp\/v2\/posts\/24671\/revisions"}],"wp:featuredmedia":[{"embeddable":true,"href":"https:\/\/grandepremio.com\/es\/wp-json\/wp\/v2\/media\/1010047217"}],"wp:attachment":[{"href":"https:\/\/grandepremio.com\/es\/wp-json\/wp\/v2\/media?parent=24671"}],"wp:term":[{"taxonomy":"category","embeddable":true,"href":"https:\/\/grandepremio.com\/es\/wp-json\/wp\/v2\/categories?post=24671"},{"taxonomy":"post_tag","embeddable":true,"href":"https:\/\/grandepremio.com\/es\/wp-json\/wp\/v2\/tags?post=24671"},{"taxonomy":"42wp_author","embeddable":true,"href":"https:\/\/grandepremio.com\/es\/wp-json\/wp\/v2\/42wp_author?post=24671"}],"curies":[{"name":"wp","href":"https:\/\/api.w.org\/{rel}","templated":true}]}}