{"id":2473,"date":"2026-02-27T09:36:00","date_gmt":"2026-02-27T12:36:00","guid":{"rendered":"https:\/\/grandepremio.com\/es\/2026\/02\/27\/max-verstappen-red-bull-suposicion-rivales-funcionamiento-motor-rb-powertrains-ford\/"},"modified":"2026-02-27T09:37:55","modified_gmt":"2026-02-27T12:37:55","slug":"max-verstappen-red-bull-suposicion-rivales-funcionamiento-motor-rb-powertrains-ford","status":"publish","type":"post","link":"https:\/\/grandepremio.com\/es\/f1\/max-verstappen-red-bull-suposicion-rivales-funcionamiento-motor-rb-powertrains-ford\/","title":{"rendered":"Verstappen revela asombro de sus rivales con Red Bull: &#8220;Pensaban que el motor explotar\u00eda&#8221;"},"content":{"rendered":"\n<p class=\"wp-block-paragraph\"><strong>Max Verstappen<\/strong> habl\u00f3 con orgullo sobre el rendimiento del motor <strong>Red Bull Ford<\/strong> durante la pretemporada de <strong>F\u00f3rmula 1<\/strong> en <strong>Barcelona <\/strong>y <strong>Bahrein<\/strong>, pero admiti\u00f3 que el equipo a\u00fan no est\u00e1 en condiciones de luchar por la victoria en 2026. <\/p>\n\n\n\n<p class=\"wp-block-paragraph\">\ud83d\udfe5&nbsp;<strong><em>\u00a1Todas las novedades te esperan en el canal de&nbsp;<\/em><\/strong><a href=\"https:\/\/www.youtube.com\/@GrandePremioES\"><em>YouTube<\/em><\/a><strong><em>&nbsp;de Grande Pr\u00eamio en Espa\u00f1ol!<\/em><\/strong>&nbsp;\ud83d\udfe8<\/p>\n\n\n\n<p class=\"wp-block-paragraph\">Sin embargo, el tetracampe\u00f3n se mostr\u00f3 optimista al asegurar que \u00abhay mucho margen de mejora\u00bb y que solo se necesitan algunos ajustes.<\/p>\n\n\n\n<p class=\"wp-block-paragraph\">Con la nueva normativa, los coches son m\u00e1s peque\u00f1os y ligeros, adem\u00e1s de requerir una conducci\u00f3n diferente en cada tipo de circuito debido a la nueva unidad de potencia, que ahora cuenta con una divisi\u00f3n equitativa entre el motor de combusti\u00f3n y la parte el\u00e9ctrica. La necesidad de gestionar excesivamente la bater\u00eda a lo largo de las vueltas fue algo que atrajo muchas cr\u00edticas por parte del neerland\u00e9s y otros referentes de la parrilla, como <strong>Lewis Hamilton<\/strong> y <strong>Fernando Alonso<\/strong>, por ejemplo.<\/p>\n\n\n\n<p class=\"wp-block-paragraph\">Pero a pesar de las quejas sobre la nueva etapa de la categor\u00eda, <strong>Verstappen <\/strong>se mostr\u00f3 muy satisfecho con el trabajo de <strong>Red Bull<\/strong> hasta ahora. Tras una exitosa alianza con <strong>Honda<\/strong>, que dio como resultado cuatro <strong>Mundiales de Pilotos<\/strong> y dos de <strong>Constructores<\/strong>, los taurinos optaron por fabricar su propia unidad de potencia en colaboraci\u00f3n con <strong>Ford<\/strong>, una decisi\u00f3n que dej\u00f3 a mucha gente en el paddock desconfiada.<\/p>\n\n\n\n<p class=\"wp-block-paragraph\">El tetracampe\u00f3n, sin embargo, aprob\u00f3 el prometedor comienzo del nuevo proyecto, afirmando que sali\u00f3 de las pruebas en el <strong>Circuito de Sakhir<\/strong> con buenas sensaciones. \u00abDe hecho, tuvimos muy pocos problemas. Creo que es bastante notable que hayamos conseguido organizar todo tan bien con un motor nuevo y tanta gente nueva. En ese sentido, estoy muy satisfecho\u00bb, declar\u00f3 en una entrevista al servicio de streaming sueco <em>Viaplay<\/em>.<\/p>\n\n\n\n<p class=\"wp-block-paragraph\">\u23e9\u00a0<strong><em>\u00a1Seguinos en redes por\u00a0<\/em><\/strong><a href=\"https:\/\/twitter.com\/grandepremioES\"><em>Twitter\u00a0<\/em><\/a><strong><em>e\u00a0<\/em><\/strong><a href=\"https:\/\/www.instagram.com\/grandepremioes\/\"><em>Instagram!<\/em><\/a><br>\u23e9\u00a0<strong><em>Adem\u00e1s, tenemos nuestro\u00a0<\/em><\/strong><a href=\"https:\/\/whatsapp.com\/channel\/0029VaDZ5zb0gcfDxuwxBM05\"><em>canal de Whatsapp<\/em><\/a><strong><em>\u00a0con toda la informaci\u00f3n al instante<\/em><\/strong>\u00a0\ud83c\udfc1<\/p>\n\n\n\n<figure class=\"wp-block-image size-large\"><img decoding=\"async\" src=\"https:\/\/grandepremio.com\/es\/wp-content\/uploads\/2026\/02\/SI202602200416-1024x683.jpg\" alt=\"\" class=\"wp-image-393834\"\/><figcaption class=\"wp-element-caption\">Max Verstappen destac\u00f3 el buen funcionamiento del motor Red Bull-Ford en las pruebas de pretemporada (Foto: Red Bull Content Pool)<\/figcaption><\/figure>\n\n\n\n<p class=\"wp-block-paragraph\">\u00abSi nos fijamos en el rendimiento, todav\u00eda tenemos que dar un paso m\u00e1s para poder luchar realmente por las primeras posiciones. Por el momento, no creo que vayamos a competir por victorias. Pero tambi\u00e9n hay que ser realista: esa no era nuestra expectativa al inicio de esta normativa, con nuestro propio motor\u00bb, respondi\u00f3 <strong>Max<\/strong>, quien tambi\u00e9n brome\u00f3 sobre el asombro de los rivales ante la fiabilidad de la unidad de potencia.<\/p>\n\n\n\n<p class=\"wp-block-paragraph\">\u00abTampoco creo que ellos esperaran eso, probablemente pensaban que el motor simplemente explotar\u00eda. En ese sentido, hemos hecho un muy buen trabajo y lo tenemos todo bajo control. Definitivamente podemos estar orgullosos de ello\u00bb, celebr\u00f3.<\/p>\n\n\n\n<p class=\"wp-block-paragraph\">Sin embargo, reconoci\u00f3 que hay algunos aspectos que deben mejorarse si el equipo quiere estar en condiciones de luchar por las victorias contra <strong>Mercedes, Ferrari<\/strong> y <strong>McLaren<\/strong>. Aunque inicialmente ocult\u00f3 cu\u00e1les son los puntos a mejorar, acab\u00f3 revelando algunos problemas de correlaci\u00f3n a los que se enfrenta <strong>Red Bull<\/strong>.<\/p>\n\n\n\n<figure class=\"wp-block-image size-large\"><img decoding=\"async\" src=\"https:\/\/grandepremio.com\/es\/wp-content\/uploads\/2026\/02\/SI202602200394-1024x683.jpg\" alt=\"\" class=\"wp-image-393835\"\/><figcaption class=\"wp-element-caption\">Max Verstappen revela que sus rivales se sorprendieron con la fiabilidad del nuevo motor de Red Bull (Foto: Red Bull Content Pool)<\/figcaption><\/figure>\n\n\n\n<p class=\"wp-block-paragraph\">\u00abHay muchas cosas que debemos ajustar, incluso en el motor. Las regulaciones son tan complejas que siempre hay algo que podemos mejorar. Obviamente, estamos trabajando mucho en ello. No puedo entrar en detalles sobre lo que estamos haciendo exactamente, pero todav\u00eda hay mucho margen para mejorar\u00bb, se\u00f1al\u00f3.<\/p>\n\n\n\n<p class=\"wp-block-paragraph\">\u00abGran parte de ello es simplemente correlaci\u00f3n. Siempre tenemos que tener en cuenta la temperatura, por ejemplo, la del propio motor, pero tambi\u00e9n las condiciones ambientales. Esto siempre tiene una influencia significativa en el rendimiento de un motor. En este \u00e1mbito, todav\u00eda podemos dar un paso m\u00e1s\u00bb, concluy\u00f3.<\/p>\n\n\n\n<p class=\"wp-block-paragraph\">La&nbsp;<strong>F\u00f3rmula 1&nbsp;<\/strong>regresa del 5 al 8 de marzo a&nbsp;<strong>Melbourne<\/strong>, sede del&nbsp;<strong>Gran Premio de Australia<\/strong>, carrera inaugural de la&nbsp;<strong>temporada 2026<\/strong>.<\/p>\n\n\n\n<figure class=\"wp-block-embed is-type-video is-provider-youtube wp-block-embed-youtube wp-embed-aspect-16-9 wp-has-aspect-ratio\"><div class=\"wp-block-embed__wrapper\">\n<iframe loading=\"lazy\" title=\"AN\u00c1LISIS DEL FINAL DE PRETEMPORADA DE LA F1 2026 EN BAHREIN\" width=\"500\" height=\"281\" src=\"https:\/\/www.youtube.com\/embed\/vu7pbsBQwuk?feature=oembed\" frameborder=\"0\" allow=\"accelerometer; autoplay; clipboard-write; encrypted-media; gyroscope; picture-in-picture; web-share\" referrerpolicy=\"strict-origin-when-cross-origin\" allowfullscreen><\/iframe>\n<\/div><\/figure>\n","protected":false},"excerpt":{"rendered":"<p>Max Verstappen quiso destacar el trabajo de Red Bull en el desarrollo de la unidad de potencia, la primera fabricada por la propia escuder\u00eda en la F\u00f3rmula 1. El tetracampe\u00f3n del mundo admiti\u00f3 que incluso sus rivales se quedaron sorprendidos.<\/p>\n","protected":false},"author":0,"featured_media":1010393833,"comment_status":"closed","ping_status":"closed","sticky":false,"template":"","format":"standard","meta":{"42wp_featured_image_caption":"","42wp_featured_image_credits":"","42wp_featured_video":"","42wp_featured_image_hidden":false,"42wp_authors_list":[],"footnotes":""},"categories":[5],"tags":[181,1680,2111,179,2429,1488,249,206,1717,4010],"42wp_author":[14239],"class_list":["post-2473","post","type-post","status-publish","format-standard","has-post-thumbnail","hentry","category-f1","tag-f1","tag-f1-2026","tag-ford","tag-formula-1","tag-formula-1-2026","tag-grande-premio","tag-max-verstappen","tag-red-bull","tag-red-bull-powertrains","tag-temporada-2026-f1","42wp_author-jp-otrosky"],"_links":{"self":[{"href":"https:\/\/grandepremio.com\/es\/wp-json\/wp\/v2\/posts\/2473","targetHints":{"allow":["GET"]}}],"collection":[{"href":"https:\/\/grandepremio.com\/es\/wp-json\/wp\/v2\/posts"}],"about":[{"href":"https:\/\/grandepremio.com\/es\/wp-json\/wp\/v2\/types\/post"}],"replies":[{"embeddable":true,"href":"https:\/\/grandepremio.com\/es\/wp-json\/wp\/v2\/comments?post=2473"}],"version-history":[{"count":0,"href":"https:\/\/grandepremio.com\/es\/wp-json\/wp\/v2\/posts\/2473\/revisions"}],"wp:featuredmedia":[{"embeddable":true,"href":"https:\/\/grandepremio.com\/es\/wp-json\/wp\/v2\/media\/1010393833"}],"wp:attachment":[{"href":"https:\/\/grandepremio.com\/es\/wp-json\/wp\/v2\/media?parent=2473"}],"wp:term":[{"taxonomy":"category","embeddable":true,"href":"https:\/\/grandepremio.com\/es\/wp-json\/wp\/v2\/categories?post=2473"},{"taxonomy":"post_tag","embeddable":true,"href":"https:\/\/grandepremio.com\/es\/wp-json\/wp\/v2\/tags?post=2473"},{"taxonomy":"42wp_author","embeddable":true,"href":"https:\/\/grandepremio.com\/es\/wp-json\/wp\/v2\/42wp_author?post=2473"}],"curies":[{"name":"wp","href":"https:\/\/api.w.org\/{rel}","templated":true}]}}