{"id":24756,"date":"2021-11-29T13:09:43","date_gmt":"2021-11-29T16:09:43","guid":{"rendered":"https:\/\/grandepremio.com\/es\/2021\/11\/29\/el-ultimo-campeon-de-williams-lamenta-la-muerte-de-frank-siempre-luchador\/"},"modified":"2021-11-29T13:09:44","modified_gmt":"2021-11-29T16:09:44","slug":"el-ultimo-campeon-de-williams-lamenta-la-muerte-de-frank-siempre-luchador","status":"publish","type":"post","link":"https:\/\/grandepremio.com\/es\/f1\/el-ultimo-campeon-de-williams-lamenta-la-muerte-de-frank-siempre-luchador\/","title":{"rendered":"El \u00faltimo campe\u00f3n de Williams lamenta la muerte de Frank: &#8220;Siempre luchador&#8221;"},"content":{"rendered":"\n<p class=\"wp-block-paragraph\">El \u00faltimo campe\u00f3n de Williams en la F\u00f3rmula 1, el canadiense Jacques Villeneuve habl\u00f3 el lunes <a href=\"https:\/\/grandepremio.com\/es\/\/f1\/frank-williams-leyenda-de-la-formula-1-muere-a-los-79-anos-en-inglaterra\/\" target=\"_blank\" rel=\"noreferrer noopener\">sobre la muerte de Frank Williams, fundador y exjefe del equipo de Grove, a la edad de 79 a\u00f1os<\/a>. La muerte ocurri\u00f3 el pasado domingo por la ma\u00f1ana, en Inglaterra.<\/p>\n\n\n\n<p class=\"wp-block-paragraph\">Villeneuve compiti\u00f3 en el equipo entre 1996 y 1998, y fue el \u00faltimo campe\u00f3n de pilotos de Williams en la F\u00f3rmula 1, llev\u00e1ndose el t\u00edtulo de 1997 con el tercer lugar en el GP de Europa, superando un controvertido accidente de Michael Schumacher, entonces piloto de Ferrari, que termin\u00f3 descalificado del campeonato.<\/p>\n\n\n\n<p class=\"wp-block-paragraph\">&#8220;Lamento escuchar las noticias de ayer sobre la muerte de Sir Frank Williams. Me gustar\u00eda expresar mi m\u00e1s sentido p\u00e9same a sus compa\u00f1eros, amigos y familiares. He tenido la satisfacci\u00f3n de conducir para Frank en tres temporadas de F1 y durante esa vez gan\u00e9 el t\u00edtulo mundial de F1 en 1997 y ganamos dos Campeonatos del Mundo de Constructores. Como resultado de nuestro tiempo juntos, compartimos respeto y afecto mutuos&#8221;, declar\u00f3.<\/p>\n\n\n\n<p class=\"wp-block-paragraph\"><strong>\u00a1Conoce el canal de Gran Premio en\u00a0<a href=\"https:\/\/www.youtube.com\/c\/GrandePremioTV\">YouTube<\/a>!<br>\u00a1Sigue a Gran Premio en\u00a0<a href=\"https:\/\/twitter.com\/granpremioes\" target=\"_blank\" rel=\"noreferrer noopener\">Twitter\u00a0<\/a>y en\u00a0<a href=\"https:\/\/instagram.com\/granpremio_es\" target=\"_blank\" rel=\"noreferrer noopener\">Instagram<\/a>!<\/strong><\/p>\n\n\n\n<figure class=\"wp-block-image size-large\"><img decoding=\"async\" src=\"https:\/\/www.grandepremio.com\/br\/wp-content\/uploads\/2021\/11\/000_9TJ9J2-1024x686.jpg\" alt=\"\" class=\"wp-image-528386\"\/><figcaption>Frank Williams en 2013 (Foto: Alexander Klien\/AFP)<\/figcaption><\/figure>\n\n\n\n<p class=\"wp-block-paragraph\">Villeneuve tambi\u00e9n fue subcampe\u00f3n mundial el a\u00f1o anterior en 1996, perdiendo el t\u00edtulo ante su entonces compa\u00f1ero de equipo Damon Hill. Despu\u00e9s de un a\u00f1o por debajo del promedio en 1998, el canadiense dej\u00f3 Williams para competir con BAR.<\/p>\n\n\n\n<p class=\"wp-block-paragraph\">&#8220;Frank fue \u00fanico, siempre un corredor, totalmente comprometido con su equipo y el desaf\u00edo de ganar. Mi padre [Gilles Villeneuve] lo conoc\u00eda y compiti\u00f3 contra Williams en su carrera. Cuando tuve la oportunidad de unirme a Williams, \u00e9l sab\u00eda que era una oportunidad imperdible. Frank y su socio Patrick Head formaron un equipo formidable&#8221;, continu\u00f3.<\/p>\n\n\n\n<p class=\"wp-block-paragraph\">&#8220;Por supuesto, tengo una total admiraci\u00f3n por lo que Frank ha logrado en la F\u00f3rmula 1, pero tambi\u00e9n por su coraje al lidiar con las dificultades personales despu\u00e9s de su accidente. Lo recordar\u00e9 como un gran luchador, dentro y fuera de la pista&#8221;, concluy\u00f3.<\/p>\n","protected":false},"excerpt":{"rendered":"<p>El \u00faltimo campe\u00f3n de Williams, Jacques Villeneuve, lament\u00f3 el fallecimiento de Frank, al que cit\u00f3 como un gran luchador dentro de la F1.<\/p>\n","protected":false},"author":0,"featured_media":1010046358,"comment_status":"closed","ping_status":"closed","sticky":false,"template":"","format":"standard","meta":{"42wp_featured_image_caption":"","42wp_featured_image_credits":"","42wp_featured_video":"","42wp_featured_image_hidden":false,"42wp_authors_list":[],"footnotes":""},"categories":[5],"tags":[181,1233,179,664,963,1888,1257,204,667],"42wp_author":[14233],"class_list":["post-24756","post","type-post","status-publish","format-standard","has-post-thumbnail","hentry","category-f1","tag-f1","tag-f1-2021","tag-formula-1","tag-frank-williams","tag-jacques-villeneuve","tag-sir-frank-williams","tag-villeneuve","tag-williams","tag-williams-grand-prix-engineering","42wp_author-eric-calduch"],"_links":{"self":[{"href":"https:\/\/grandepremio.com\/es\/wp-json\/wp\/v2\/posts\/24756","targetHints":{"allow":["GET"]}}],"collection":[{"href":"https:\/\/grandepremio.com\/es\/wp-json\/wp\/v2\/posts"}],"about":[{"href":"https:\/\/grandepremio.com\/es\/wp-json\/wp\/v2\/types\/post"}],"replies":[{"embeddable":true,"href":"https:\/\/grandepremio.com\/es\/wp-json\/wp\/v2\/comments?post=24756"}],"version-history":[{"count":0,"href":"https:\/\/grandepremio.com\/es\/wp-json\/wp\/v2\/posts\/24756\/revisions"}],"wp:featuredmedia":[{"embeddable":true,"href":"https:\/\/grandepremio.com\/es\/wp-json\/wp\/v2\/media\/1010046358"}],"wp:attachment":[{"href":"https:\/\/grandepremio.com\/es\/wp-json\/wp\/v2\/media?parent=24756"}],"wp:term":[{"taxonomy":"category","embeddable":true,"href":"https:\/\/grandepremio.com\/es\/wp-json\/wp\/v2\/categories?post=24756"},{"taxonomy":"post_tag","embeddable":true,"href":"https:\/\/grandepremio.com\/es\/wp-json\/wp\/v2\/tags?post=24756"},{"taxonomy":"42wp_author","embeddable":true,"href":"https:\/\/grandepremio.com\/es\/wp-json\/wp\/v2\/42wp_author?post=24756"}],"curies":[{"name":"wp","href":"https:\/\/api.w.org\/{rel}","templated":true}]}}