{"id":24790,"date":"2021-11-24T10:12:39","date_gmt":"2021-11-24T13:12:39","guid":{"rendered":"https:\/\/grandepremio.com\/es\/2021\/11\/24\/norris-frustrado-con-resultado-de-mclaren-en-catar-es-realmente-una-mierda\/"},"modified":"2021-11-24T10:12:40","modified_gmt":"2021-11-24T13:12:40","slug":"norris-frustrado-con-resultado-de-mclaren-en-catar-es-realmente-una-mierda","status":"publish","type":"post","link":"https:\/\/grandepremio.com\/es\/f1\/norris-frustrado-con-resultado-de-mclaren-en-catar-es-realmente-una-mierda\/","title":{"rendered":"Norris, frustrado con resultado de McLaren en Catar: &#8220;Es realmente una mierda&#8221;"},"content":{"rendered":"\n<p class=\"wp-block-paragraph\"><a href=\"https:\/\/grandepremio.com\/es\/\/f1\/hamilton-vence-gp-de-qatar-y-se-acerca-a-verstappen-alonso-es-3\/\" target=\"_blank\" rel=\"noreferrer noopener\">Despu\u00e9s del GP de Catar el pasado fin de semana<\/a>, Lando Norris expres\u00f3 su frustraci\u00f3n. V\u00edctima de un pinchazo en un neum\u00e1tico con solo 23 vueltas, el joven brit\u00e1nico tuvo su carrera arruinada. Por lo tanto, cruz\u00f3 la l\u00ednea de meta solo en el noveno lugar, incluso viendo a los dos Ferrari terminar por delante. Una combinaci\u00f3n p\u00e9sima para los intereses del equipo de Woking en el Mundial de Constructores.<\/p>\n\n\n\n<p class=\"wp-block-paragraph\">En una entrevista con el portal The Race, Lando habl\u00f3 nuevamente sobre la carrera. Explica que McLaren perdi\u00f3 algunos puntos en las \u00faltimas carreras, pero esperaba mejores resultados en Catar, lo que no sucedi\u00f3.<\/p>\n\n\n\n<p class=\"wp-block-paragraph\">\u201cEn las \u00faltimas carreras tienes que aceptar que cometimos algunos errores, pero hicimos un trabajo mejor que el de ellos [en Catar]. El coche era muy fuerte, incluso mejor de lo que esperaba. Estaba muy feliz por eso y pude presionar mucho&#8221;, explic\u00f3.<\/p>\n\n\n\n<p class=\"wp-block-paragraph\">\u201cDeber\u00edamos haber salido con al menos el cuarto lugar. Creo que si hubi\u00e9ramos hecho todo bien, tal vez podr\u00edamos haber luchado por el tercero. Pero fue un desaf\u00edo, ya que Fernando [Alonso] estaba por delante, no ser\u00eda un adelantamiento f\u00e1cil&#8221;, sigui\u00f3.<\/p>\n\n\n\n<p class=\"wp-block-paragraph\"><strong>\u00a1Conoce el canal de Gran Premio en\u00a0<a href=\"https:\/\/www.youtube.com\/c\/GrandePremioTV\">YouTube<\/a>!<br>\u00a1Sigue a Gran Premio en\u00a0<a href=\"https:\/\/twitter.com\/granpremioes\" target=\"_blank\" rel=\"noreferrer noopener\">Twitter\u00a0<\/a>y en\u00a0<a href=\"https:\/\/instagram.com\/granpremio_es\" target=\"_blank\" rel=\"noreferrer noopener\">Instagram<\/a>!<\/strong><\/p>\n\n\n\n<figure class=\"wp-block-image size-large is-resized\"><img loading=\"lazy\" decoding=\"async\" src=\"https:\/\/www.grandepremio.com\/br\/wp-content\/uploads\/2021\/11\/mclaren-afp-landonorris-03-1024x609.jpg\" alt=\"\" class=\"wp-image-527301\" width=\"840\" height=\"499\"\/><figcaption>Lando Norris sum\u00f3 los \u00fanicos cuatro puntos de McLaren en las \u00faltimas tres carreras (Foto: AFP)<\/figcaption><\/figure>\n\n\n\n<p class=\"wp-block-paragraph\">\u201cPero deber\u00edamos haber conseguido m\u00e1s puntos que Ferrari. S\u00e9 que est\u00e1n muy por delante e incluso m\u00e1s lejos ahora. Lo hicieron porque se lo merec\u00edan y lo hicieron bien. Pero cuando tienes d\u00edas como este [el domingo], no hay nada que puedas hacer y realmente es una mierda&#8221;.<\/p>\n\n\n\n<p class=\"wp-block-paragraph\">Aparte de Norris, Daniel Ricciardo, que no ha puntuado en tres carreras, tambi\u00e9n termin\u00f3 fuera de la zona de puntos. Ahora la brecha con Ferrari es de 39,5 puntos en el Mundial de Constructores. Pero Andreas Seidl, jefe de McLaren, reitera que mientras tengan la oportunidad, luchar\u00e1n por el t\u00edtulo de tercera fuerza del campeonato.<\/p>\n\n\n\n<p class=\"wp-block-paragraph\">\u201cEs una gran decepci\u00f3n para nosotros porque fue un fin de semana en el que podr\u00edamos haber anotado buenos puntos. Lando estaba haciendo una muy buena carrera. Perdimos esta oportunidad. No sali\u00f3 como quer\u00edamos, pero a veces as\u00ed es como van las cosas&#8221;, coment\u00f3 Seidl.<\/p>\n\n\n\n<p class=\"wp-block-paragraph\">\u201cSolo tenemos que asegurarnos en las dos \u00faltimas carreras y seguiremos luchando porque, mientras sea te\u00f3ricamente posible, lo daremos todo por el campeonato de constructores. Y solo queremos terminar en alto y volver a obtener buenos resultados&#8221;, concluy\u00f3.<\/p>\n","protected":false},"excerpt":{"rendered":"<p>Lando Norris mostr\u00f3 su frustraci\u00f3n tras Catar por la mala racha que arrastra McLaren en las \u00faltimas carreras, donde solo sum\u00f3 4 puntos.<\/p>\n","protected":false},"author":0,"featured_media":1010045657,"comment_status":"closed","ping_status":"closed","sticky":false,"template":"","format":"standard","meta":{"42wp_featured_image_caption":"","42wp_featured_image_credits":"","42wp_featured_video":"","42wp_featured_image_hidden":false,"42wp_authors_list":[],"footnotes":""},"categories":[5],"tags":[1544,1675,181,1233,179,1673,1563,268,269],"42wp_author":[14233],"class_list":["post-24790","post","type-post","status-publish","format-standard","has-post-thumbnail","hentry","category-f1","tag-andreas-seidl","tag-catar","tag-f1","tag-f1-2021","tag-formula-1","tag-gp-de-catar","tag-gp-de-qatar","tag-lando-norris","tag-mclaren","42wp_author-eric-calduch"],"_links":{"self":[{"href":"https:\/\/grandepremio.com\/es\/wp-json\/wp\/v2\/posts\/24790","targetHints":{"allow":["GET"]}}],"collection":[{"href":"https:\/\/grandepremio.com\/es\/wp-json\/wp\/v2\/posts"}],"about":[{"href":"https:\/\/grandepremio.com\/es\/wp-json\/wp\/v2\/types\/post"}],"replies":[{"embeddable":true,"href":"https:\/\/grandepremio.com\/es\/wp-json\/wp\/v2\/comments?post=24790"}],"version-history":[{"count":0,"href":"https:\/\/grandepremio.com\/es\/wp-json\/wp\/v2\/posts\/24790\/revisions"}],"wp:featuredmedia":[{"embeddable":true,"href":"https:\/\/grandepremio.com\/es\/wp-json\/wp\/v2\/media\/1010045657"}],"wp:attachment":[{"href":"https:\/\/grandepremio.com\/es\/wp-json\/wp\/v2\/media?parent=24790"}],"wp:term":[{"taxonomy":"category","embeddable":true,"href":"https:\/\/grandepremio.com\/es\/wp-json\/wp\/v2\/categories?post=24790"},{"taxonomy":"post_tag","embeddable":true,"href":"https:\/\/grandepremio.com\/es\/wp-json\/wp\/v2\/tags?post=24790"},{"taxonomy":"42wp_author","embeddable":true,"href":"https:\/\/grandepremio.com\/es\/wp-json\/wp\/v2\/42wp_author?post=24790"}],"curies":[{"name":"wp","href":"https:\/\/api.w.org\/{rel}","templated":true}]}}