{"id":24802,"date":"2021-11-22T15:02:54","date_gmt":"2021-11-22T18:02:54","guid":{"rendered":"https:\/\/grandepremio.com\/es\/2021\/11\/22\/prost-ve-alonso-como-mejor-piloto-de-la-parrilla-de-f1-vision-de-carrera-increible\/"},"modified":"2021-11-22T15:02:55","modified_gmt":"2021-11-22T18:02:55","slug":"prost-ve-alonso-como-mejor-piloto-de-la-parrilla-de-f1-vision-de-carrera-increible","status":"publish","type":"post","link":"https:\/\/grandepremio.com\/es\/f1\/prost-ve-alonso-como-mejor-piloto-de-la-parrilla-de-f1-vision-de-carrera-increible\/","title":{"rendered":"Prost ve Alonso como mejor piloto de la parrilla de F1: &#8220;Visi\u00f3n de carrera incre\u00edble&#8221;"},"content":{"rendered":"\n<p class=\"wp-block-paragraph\"><a href=\"https:\/\/grandepremio.com\/es\/\/f1\/hamilton-vence-gp-de-qatar-y-se-acerca-a-verstappen-alonso-es-3\/\" target=\"_blank\" rel=\"noreferrer noopener\">Lewis Hamilton gan\u00f3 el GP de Qatar<\/a> de F\u00f3rmula 1 y puso a\u00fan m\u00e1s fuego en la disputa por el t\u00edtulo de la categor\u00eda.  Pero a diferencia de Brasil, esta vez tuvo que dividir el centro de atenci\u00f3n con otro piloto en el podio. Fernando Alonso, con 40 a\u00f1os, volvi\u00f3 a terminar una carrera entre los tres primeros por primera vez desde 2014. Lo hizo con Alpine, que no suele andar entre los punteros. El asesor de Renault, que a su vez es due\u00f1o de la escuder\u00eda francesa, Alain Prost, no escatim\u00f3 en elogios al espa\u00f1ol.<\/p>\n\n\n\n<p class=\"wp-block-paragraph\">&#8220;Para m\u00ed, es el mejor piloto en la pista&#8221;, opin\u00f3 Prost. &#8220;Su visi\u00f3n general de la carrera es incre\u00edble, al igual que su comprensi\u00f3n de los neum\u00e1ticos. Los comentarios que hace sobre el coche y la forma en que alimenta a los ingenieros [con informaci\u00f3n]&#8221;, dijo.<\/p>\n\n\n\n<p class=\"wp-block-paragraph\">A los 66 a\u00f1os, el cuatro veces campe\u00f3n del mundo de F\u00f3rmula 1 en 1985, 1986, 1989 y 1993 reconoci\u00f3 que ten\u00eda dudas sobre el regreso del espa\u00f1ol a la categor\u00eda. Alonso estuvo fuera de la F1 durante dos a\u00f1os, despu\u00e9s de dejar McLaren, y solo regres\u00f3 en 2021. Prost reconoci\u00f3 que el veterano es un piloto diferente en su nueva etapa.<\/p>\n\n\n\n<p class=\"wp-block-paragraph\"><strong>\u00a1Conoce el canal de Gran Premio en\u00a0<a href=\"https:\/\/www.youtube.com\/c\/GrandePremioTV\">YouTube<\/a>!<br>\u00a1Sigue a Gran Premio en\u00a0<a href=\"https:\/\/twitter.com\/granpremioes\" target=\"_blank\" rel=\"noreferrer noopener\">Twitter\u00a0<\/a>y en\u00a0<a href=\"https:\/\/instagram.com\/granpremio_es\" target=\"_blank\" rel=\"noreferrer noopener\">Instagram<\/a>!<\/strong><\/p>\n\n\n\n<figure class=\"wp-block-image size-large\"><img decoding=\"async\" src=\"https:\/\/www.grandepremio.com\/br\/wp-content\/uploads\/2021\/11\/jm2121no428-1024x683.jpg\" alt=\"FERNANDO ALONSO; GP DO CATAR; LOSAIL; F\u00d3RMULA 1; F1;\" class=\"wp-image-527189\"\/><figcaption>Fernando Alonso celebr\u00f3 un podio hist\u00f3rico para su carrera en Catar (Foto: Alpine)<\/figcaption><\/figure>\n\n\n\n<p class=\"wp-block-paragraph\">&#8220;Fernando [Alonso] siempre me dijo que se convirti\u00f3 en una persona diferente, y debo decir que ten\u00eda raz\u00f3n&#8221;, dijo. &#8220;Est\u00e1 totalmente al servicio del equipo, y eso es muy bueno para nosotros&#8221;, concluy\u00f3.<\/p>\n\n\n\n<p class=\"wp-block-paragraph\">El \u00faltimo podio de Alonso en la F\u00f3rmula 1 fue cuando termin\u00f3 el GP de Hungr\u00eda de 2014 en segundo lugar, todav\u00eda como piloto de Ferrari. Ese fue el primer a\u00f1o de la era h\u00edbrida en la categor\u00eda, que vio el ascenso del dominio de Mercedes al ganar todos los campeonatos disputados hasta ahora. Tras la disputa del domingo, el piloto no dej\u00f3 de destacar el resultado a su manera caracter\u00edstica.<\/p>\n\n\n\n<p class=\"wp-block-paragraph\">&#8220;Con el debido respeto, estoy compartiendo el podio con Lewis Hamilton y Max Verstappen&#8221;, dijo Fernando a DAZN. &#8220;No con cualquiera&#8221;, finaliz\u00f3.<\/p>\n\n\n\n<p class=\"wp-block-paragraph\">La F\u00f3rmula 1 vuelve a correr en dos semanas con la disputa del primer GP de Arabia Saudita de la historia de la categor\u00eda, entre el 3 y el 5 de diciembre.<\/p>\n","protected":false},"excerpt":{"rendered":"<p>Alain Prost reaccion\u00f3 al gran podio de Fernando Alonso en Catar y admiti\u00f3 que considera al espa\u00f1ol como el mejor piloto de la parrilla de F1.<\/p>\n","protected":false},"author":0,"featured_media":1010045595,"comment_status":"closed","ping_status":"closed","sticky":false,"template":"","format":"standard","meta":{"42wp_featured_image_caption":"","42wp_featured_image_credits":"","42wp_featured_video":"","42wp_featured_image_hidden":false,"42wp_authors_list":[],"footnotes":""},"categories":[5],"tags":[296,678,1675,181,1233,184,179,1673,1563,1674,394,1874],"42wp_author":[14233],"class_list":["post-24802","post","type-post","status-publish","format-standard","has-post-thumbnail","hentry","category-f1","tag-alain-prost","tag-alpine","tag-catar","tag-f1","tag-f1-2021","tag-fernando-alonso","tag-formula-1","tag-gp-de-catar","tag-gp-de-qatar","tag-losail","tag-podio","tag-prost","42wp_author-eric-calduch"],"_links":{"self":[{"href":"https:\/\/grandepremio.com\/es\/wp-json\/wp\/v2\/posts\/24802","targetHints":{"allow":["GET"]}}],"collection":[{"href":"https:\/\/grandepremio.com\/es\/wp-json\/wp\/v2\/posts"}],"about":[{"href":"https:\/\/grandepremio.com\/es\/wp-json\/wp\/v2\/types\/post"}],"replies":[{"embeddable":true,"href":"https:\/\/grandepremio.com\/es\/wp-json\/wp\/v2\/comments?post=24802"}],"version-history":[{"count":0,"href":"https:\/\/grandepremio.com\/es\/wp-json\/wp\/v2\/posts\/24802\/revisions"}],"wp:featuredmedia":[{"embeddable":true,"href":"https:\/\/grandepremio.com\/es\/wp-json\/wp\/v2\/media\/1010045595"}],"wp:attachment":[{"href":"https:\/\/grandepremio.com\/es\/wp-json\/wp\/v2\/media?parent=24802"}],"wp:term":[{"taxonomy":"category","embeddable":true,"href":"https:\/\/grandepremio.com\/es\/wp-json\/wp\/v2\/categories?post=24802"},{"taxonomy":"post_tag","embeddable":true,"href":"https:\/\/grandepremio.com\/es\/wp-json\/wp\/v2\/tags?post=24802"},{"taxonomy":"42wp_author","embeddable":true,"href":"https:\/\/grandepremio.com\/es\/wp-json\/wp\/v2\/42wp_author?post=24802"}],"curies":[{"name":"wp","href":"https:\/\/api.w.org\/{rel}","templated":true}]}}