{"id":24816,"date":"2021-11-21T15:57:53","date_gmt":"2021-11-21T18:57:53","guid":{"rendered":"https:\/\/grandepremio.com\/es\/2021\/11\/21\/sainz-cita-ritmo-pero-ve-ferrari-conservador-en-catar-el-miedo-al-desgaste-nos-freno\/"},"modified":"2021-11-21T15:57:54","modified_gmt":"2021-11-21T18:57:54","slug":"sainz-cita-ritmo-pero-ve-ferrari-conservador-en-catar-el-miedo-al-desgaste-nos-freno","status":"publish","type":"post","link":"https:\/\/grandepremio.com\/es\/f1\/sainz-cita-ritmo-pero-ve-ferrari-conservador-en-catar-el-miedo-al-desgaste-nos-freno\/","title":{"rendered":"Sainz cita ritmo, pero ve Ferrari conservador en Catar: &#8220;El miedo al desgaste nos fren\u00f3&#8221;"},"content":{"rendered":"\n<p class=\"wp-block-paragraph\">Carlos Sainz Jr. avalu\u00f3 que Ferrari fue conservador en <a href=\"https:\/\/grandepremio.com\/es\/\/f1\/hamilton-vence-gp-de-qatar-y-se-acerca-a-verstappen-alonso-es-3\/\" target=\"_blank\" rel=\"noreferrer noopener\">el GP de Catar de este domingo<\/a>. En opini\u00f3n del espa\u00f1ol, el equipo italiano tuvo el ritmo para obtener un mejor resultado en el debut de Losail en la F\u00f3rmula 1, pero evit\u00f3 seguir adelante por temor al desgaste de los neum\u00e1ticos.<\/p>\n\n\n\n<p class=\"wp-block-paragraph\">Sainz tom\u00f3 la bandera en s\u00e9ptimo lugar, 1min21s911 detr\u00e1s de Lewis Hamilton. Despu\u00e9s de la carrera, el an\u00e1lisis de los neum\u00e1ticos incluso mostr\u00f3 que ser\u00eda posible hacer m\u00e1s, pero ya era demasiado tarde.<\/p>\n\n\n\n<p class=\"wp-block-paragraph\">\u201cFuimos conservadores\u201d, dijo Carlos. \u201cMenos mal que anotamos m\u00e1s puntos que McLaren. Incluso con los neum\u00e1ticos duros, ten\u00edamos miedo de no llegar al final, pero con el an\u00e1lisis que hicimos despu\u00e9s nos dimos cuenta de que podr\u00edamos haber presionado m\u00e1s. Pero otros fueron m\u00e1s agresivos que nosotros y terminaron con un pinchazo\u201d, reflexion\u00f3.<\/p>\n\n\n\n<p class=\"wp-block-paragraph\">\u201cEs una pena. Es una carrera un poco aburrida si no puedes terminar\u201d, coment\u00f3. &#8220;El ritmo estaba ah\u00ed, pero el miedo al desgaste nos fren\u00f3\u201d, concluy\u00f3.<\/p>\n\n\n\n<figure class=\"wp-block-image size-large\"><img decoding=\"async\" src=\"https:\/\/www.grandepremio.com\/br\/wp-content\/uploads\/2021\/11\/sainz-1024x669.png\" alt=\"\" class=\"wp-image-526968\"\/><figcaption>Sainz consider\u00f3 que Ferrari podr\u00eda haber arriesgado m\u00e1s en Losail (Foto: Divulgaci\u00f3n)<\/figcaption><\/figure>\n\n\n\n<p class=\"wp-block-paragraph\"><strong>\u00a1Conoce el canal de Gran Premio en\u00a0<a href=\"https:\/\/www.youtube.com\/c\/GrandePremioTV\">YouTube<\/a>!<br>\u00a1Sigue a Gran Premio en\u00a0<a href=\"https:\/\/twitter.com\/granpremioes\" target=\"_blank\" rel=\"noreferrer noopener\">Twitter\u00a0<\/a>y en\u00a0<a href=\"https:\/\/instagram.com\/granpremio_es\" target=\"_blank\" rel=\"noreferrer noopener\">Instagram<\/a>!<\/strong><\/p>\n\n\n\n<p class=\"wp-block-paragraph\">1s215 detr\u00e1s de su compa\u00f1ero de equipo, Charles Leclerc ocup\u00f3 el octavo lugar. El monegasco no se mostr\u00f3 sorprendido por la diferencia en relaci\u00f3n a los punteros, pero estaba preocupado por la velocidad mostrada por sus rivales.<\/p>\n\n\n\n<p class=\"wp-block-paragraph\">\u201cEstaba muy contento con la puesta a punto del coche. Fue buena\u201d, dijo Leclerc. \u201cCreo que la diferencia entre Mercedes y Red Bull fue m\u00e1s o menos lo que esper\u00e1bamos. La mala sorpresa fue ver la velocidad de Alpine y AlphaTauri. Ahora tenemos que entenderlo&#8221;, agreg\u00f3.<\/p>\n\n\n\n<p class=\"wp-block-paragraph\">La F\u00f3rmula 1 vuelve a correr en dos semanas, entre el 3 y el 5 de diciembre, con otra nueva carrera en el calendario, el GP de Arabia Saudita, en las calles de Jeddah.<\/p>\n","protected":false},"excerpt":{"rendered":"<p>Carlos Sainz no termin\u00f3 muy contento del GP de Catar a pesar de quedar delante de McLaren, pues cree que el ritmo de Ferrari daba para m\u00e1s.<\/p>\n","protected":false},"author":0,"featured_media":1010045501,"comment_status":"closed","ping_status":"closed","sticky":false,"template":"","format":"standard","meta":{"42wp_featured_image_caption":"","42wp_featured_image_credits":"","42wp_featured_video":"","42wp_featured_image_hidden":false,"42wp_authors_list":[],"footnotes":""},"categories":[5],"tags":[302,1675,247,181,1233,185,179,1673,1563,1674],"42wp_author":[14233],"class_list":["post-24816","post","type-post","status-publish","format-standard","has-post-thumbnail","hentry","category-f1","tag-carlos-sainz","tag-catar","tag-charles-leclerc","tag-f1","tag-f1-2021","tag-ferrari","tag-formula-1","tag-gp-de-catar","tag-gp-de-qatar","tag-losail","42wp_author-eric-calduch"],"_links":{"self":[{"href":"https:\/\/grandepremio.com\/es\/wp-json\/wp\/v2\/posts\/24816","targetHints":{"allow":["GET"]}}],"collection":[{"href":"https:\/\/grandepremio.com\/es\/wp-json\/wp\/v2\/posts"}],"about":[{"href":"https:\/\/grandepremio.com\/es\/wp-json\/wp\/v2\/types\/post"}],"replies":[{"embeddable":true,"href":"https:\/\/grandepremio.com\/es\/wp-json\/wp\/v2\/comments?post=24816"}],"version-history":[{"count":0,"href":"https:\/\/grandepremio.com\/es\/wp-json\/wp\/v2\/posts\/24816\/revisions"}],"wp:featuredmedia":[{"embeddable":true,"href":"https:\/\/grandepremio.com\/es\/wp-json\/wp\/v2\/media\/1010045501"}],"wp:attachment":[{"href":"https:\/\/grandepremio.com\/es\/wp-json\/wp\/v2\/media?parent=24816"}],"wp:term":[{"taxonomy":"category","embeddable":true,"href":"https:\/\/grandepremio.com\/es\/wp-json\/wp\/v2\/categories?post=24816"},{"taxonomy":"post_tag","embeddable":true,"href":"https:\/\/grandepremio.com\/es\/wp-json\/wp\/v2\/tags?post=24816"},{"taxonomy":"42wp_author","embeddable":true,"href":"https:\/\/grandepremio.com\/es\/wp-json\/wp\/v2\/42wp_author?post=24816"}],"curies":[{"name":"wp","href":"https:\/\/api.w.org\/{rel}","templated":true}]}}