{"id":24820,"date":"2021-11-21T14:13:11","date_gmt":"2021-11-21T17:13:11","guid":{"rendered":"https:\/\/grandepremio.com\/es\/2021\/11\/21\/alonso-se-emociona-con-podio-en-catar-tras-7-anos-he-esperado-tanto-tiempo\/"},"modified":"2021-11-21T14:13:14","modified_gmt":"2021-11-21T17:13:14","slug":"alonso-se-emociona-con-podio-en-catar-tras-7-anos-he-esperado-tanto-tiempo","status":"publish","type":"post","link":"https:\/\/grandepremio.com\/es\/f1\/alonso-se-emociona-con-podio-en-catar-tras-7-anos-he-esperado-tanto-tiempo\/","title":{"rendered":"Alonso se emociona con podio en Catar tras 7 a\u00f1os: &#8220;He esperado tanto tiempo&#8221;"},"content":{"rendered":"\n<p class=\"wp-block-paragraph\">Fernando Alonso tuvo una carrera espectacular con Alpine este domingo, <a href=\"https:\/\/grandepremio.com\/es\/\/f1\/hamilton-vence-gp-de-qatar-y-se-acerca-a-verstappen-alonso-es-3\/\" target=\"_blank\" rel=\"noreferrer noopener\">en el primer GP de Catar de la historia de la F\u00f3rmula 1.<\/a> El espa\u00f1ol termin\u00f3 en el tercer lugar y asegur\u00f3 su mejor resultado de la temporada, en la vig\u00e9sima prueba del a\u00f1o. Tras ganar dos posiciones en la parrilla de salida por las sanciones a Valtteri Bottas y Max Verstappen, el veterano mantuvo posici\u00f3n y subi\u00f3 al podio por primera vez desde su regreso a la F1. La \u00faltima vez fue en el GP de Hungr\u00eda de 2014, todav\u00eda como piloto de Ferrari.<\/p>\n\n\n\n<p class=\"wp-block-paragraph\">El bicampe\u00f3n del mundo record\u00f3 el tiempo de espera, que incluy\u00f3 un per\u00edodo de retirada sab\u00e1tica.<\/p>\n\n\n\n<p class=\"wp-block-paragraph\">&#8220;\u00a1Incre\u00edble! Han pasado siete a\u00f1os\u2026\u201d, record\u00f3 Alonso. \u201cPero finalmente lo logramos. Nos acercamos en algunas carreras, pero no fue suficiente. Sochi fue la \u00faltima posibilidad. Pens\u00e9 que iba a liderar en la curva uno, con neum\u00e1ticos blandos ante Lewis [Hamilton, que parti\u00f3 de medios]. Tambi\u00e9n al final, muy apretado ante Checo [Sergio P\u00e9rez, que finaliz\u00f3 cuarto]\u201d, explic\u00f3.<\/p>\n\n\n\n<p class=\"wp-block-paragraph\">Alonso se lleva 15 puntos en la clasificaci\u00f3n con el tercer puesto en Catar. Sumando la puntuaci\u00f3n del espa\u00f1ol con la de Esteban Ocon, su compa\u00f1ero de equipo, que termin\u00f3 la carrera en quinto lugar -con 12 puntos-, Alpine deja Losail con 27 puntos en el bolsillo. Cabe recordar que Fernando ya hab\u00eda manifestado que no cre\u00eda en un podio para el equipo en este final de temporada, considerando el GP de Rusia, disputado en Sochi, como la \u00faltima oportunidad perdida.<\/p>\n\n\n\n<p class=\"wp-block-paragraph\"><strong>\u00a1Conoce el canal de Gran Premio en\u00a0<a href=\"https:\/\/www.youtube.com\/c\/GrandePremioTV\">YouTube<\/a>!<br>\u00a1Sigue a Gran Premio en\u00a0<a href=\"https:\/\/twitter.com\/granpremioes\" target=\"_blank\" rel=\"noreferrer noopener\">Twitter\u00a0<\/a>y en\u00a0<a href=\"https:\/\/instagram.com\/granpremio_es\" target=\"_blank\" rel=\"noreferrer noopener\">Instagram<\/a>!<\/strong><\/p>\n\n\n\n<figure class=\"wp-block-image size-large\"><img decoding=\"async\" src=\"https:\/\/grandepremio.com\/es\/\/wp-content\/uploads\/2021\/11\/jm2121no445-1024x683.jpg\" alt=\"\" class=\"wp-image-45480\"\/><figcaption>Fernando Alonso cerr\u00f3 una sequ\u00eda de siete a\u00f1os sin pisar el podio tras lograr el 3r puesto en Losail (Foto: Alpine)<\/figcaption><\/figure>\n\n\n\n<p class=\"wp-block-paragraph\">\u201cCon Esteban [Ocon] en quinto lugar, fue un buen domingo\u201d, celebr\u00f3. \u201cPlaneamos una parada desde el principio, pero no conoc\u00edamos la temperatura ni la degradaci\u00f3n. Estuvo muy bien ejecutado. La fiabilidad del coche es excelente y se lo merecen. \u00a1Maldita sea! \u00a1He estado esperando tanto tiempo para esto!&#8221; cont\u00f3 desbordado Alonso, sin contener la alegr\u00eda por el podio a sus 40 a\u00f1os.<\/p>\n\n\n\n<p class=\"wp-block-paragraph\">La situaci\u00f3n es a\u00fan mejor considerando que su competidor directo por el quinto lugar, AlphaTauri, no anot\u00f3 puntos. Pierre Gasly termin\u00f3 11\u00b0 despu\u00e9s de comenzar segundo y Yuki Tsunoda solo fue 13\u00b0. As\u00ed, Alpine sube directamente a los 139 puntos, frente a los mismos 112 de AlphaTauri, que lleg\u00f3 a Catar empatado en la clasificaci\u00f3n con el equipo de Alonso y Ocon.<\/p>\n\n\n\n<p class=\"wp-block-paragraph\">La F\u00f3rmula 1 vuelve a correr entre el 3 y el 5 de diciembre, con la pen\u00faltima prueba del a\u00f1o. Una vez m\u00e1s, la categor\u00eda acoger\u00e1 una carrera por primera vez en su historia, con el GP de Arabia Saudita, que se disputar\u00e1 en el Circuito de Jeddah.<\/p>\n","protected":false},"excerpt":{"rendered":"<p>Fernando Alonso no pudo contener la gran alegr\u00eda por cosechar su primer podio desde 2014, diciendo que hab\u00eda esperado tanto tiempo para esto.<\/p>\n","protected":false},"author":0,"featured_media":1000527191,"comment_status":"closed","ping_status":"closed","sticky":false,"template":"","format":"standard","meta":{"42wp_featured_image_caption":"","42wp_featured_image_credits":"","42wp_featured_video":"","42wp_featured_image_hidden":false,"42wp_authors_list":[],"footnotes":""},"categories":[5],"tags":[782,678,1675,181,1233,184,179,1673,1674,394],"42wp_author":[14233],"class_list":["post-24820","post","type-post","status-publish","format-standard","has-post-thumbnail","hentry","category-f1","tag-alonso","tag-alpine","tag-catar","tag-f1","tag-f1-2021","tag-fernando-alonso","tag-formula-1","tag-gp-de-catar","tag-losail","tag-podio","42wp_author-eric-calduch"],"_links":{"self":[{"href":"https:\/\/grandepremio.com\/es\/wp-json\/wp\/v2\/posts\/24820","targetHints":{"allow":["GET"]}}],"collection":[{"href":"https:\/\/grandepremio.com\/es\/wp-json\/wp\/v2\/posts"}],"about":[{"href":"https:\/\/grandepremio.com\/es\/wp-json\/wp\/v2\/types\/post"}],"replies":[{"embeddable":true,"href":"https:\/\/grandepremio.com\/es\/wp-json\/wp\/v2\/comments?post=24820"}],"version-history":[{"count":0,"href":"https:\/\/grandepremio.com\/es\/wp-json\/wp\/v2\/posts\/24820\/revisions"}],"wp:featuredmedia":[{"embeddable":true,"href":"https:\/\/grandepremio.com\/es\/wp-json\/wp\/v2\/media\/1000527191"}],"wp:attachment":[{"href":"https:\/\/grandepremio.com\/es\/wp-json\/wp\/v2\/media?parent=24820"}],"wp:term":[{"taxonomy":"category","embeddable":true,"href":"https:\/\/grandepremio.com\/es\/wp-json\/wp\/v2\/categories?post=24820"},{"taxonomy":"post_tag","embeddable":true,"href":"https:\/\/grandepremio.com\/es\/wp-json\/wp\/v2\/tags?post=24820"},{"taxonomy":"42wp_author","embeddable":true,"href":"https:\/\/grandepremio.com\/es\/wp-json\/wp\/v2\/42wp_author?post=24820"}],"curies":[{"name":"wp","href":"https:\/\/api.w.org\/{rel}","templated":true}]}}