{"id":24852,"date":"2021-11-18T14:24:30","date_gmt":"2021-11-18T17:24:30","guid":{"rendered":"https:\/\/grandepremio.com\/es\/2021\/11\/18\/leclerc-cambiara-de-estilo-si-verstappen-queda-impune-del-incidente-en-brasil\/"},"modified":"2021-11-18T14:24:31","modified_gmt":"2021-11-18T17:24:31","slug":"leclerc-cambiara-de-estilo-si-verstappen-queda-impune-del-incidente-en-brasil","status":"publish","type":"post","link":"https:\/\/grandepremio.com\/es\/f1\/leclerc-cambiara-de-estilo-si-verstappen-queda-impune-del-incidente-en-brasil\/","title":{"rendered":"Leclerc cambiar\u00e1 de estilo si Verstappen queda impune del incidente en Brasil"},"content":{"rendered":"\n<p class=\"wp-block-paragraph\">La pol\u00e9mica disputa entre Max Verstappen y Lewis Hamilton en la vuelta 48 del GP de S\u00e3o Paulo sigue resonando en el paddock de F\u00f3rmula 1. Durante la carrera, el piloto de Red Bull forz\u00f3 la salida de pista con Hamilton y escap\u00f3 de sanciones. Este hecho molest\u00f3 a Mercedes y hoy ha provocado que Charles Leclerc hablara al respecto. Sin embargo, <a href=\"https:\/\/grandepremio.com\/es\/\/f1\/fia-se-reune-el-jueves-para-revisar-incidente-entre-verstappen-y-hamilton-en-brasil\/\" target=\"_blank\" rel=\"noreferrer noopener\">el lanzamiento de una nueva c\u00e1mara en el incidente hizo que el se solicitara la revisi\u00f3n de la decisi\u00f3n de los comisarios.<\/a><\/p>\n\n\n\n<p class=\"wp-block-paragraph\">A v\u00edsperas de la prueba en Catar, Leclerc tambi\u00e9n dio su opini\u00f3n sobre el incidente. El monegasco advirti\u00f3 que cambiar\u00eda su estilo de pilotaje si su rival holand\u00e9s vuelve a escapar de la sanci\u00f3n. El piloto de Ferrari tambi\u00e9n record\u00f3 la disputa que tuvo contra Verstappen en el GP de Austria de 2019, cuando tambi\u00e9n se quej\u00f3 de haber sido expulsado de la pista.<\/p>\n\n\n\n<p class=\"wp-block-paragraph\"><strong>\u00a1Conoce el canal de Gran Premio en\u00a0<a href=\"https:\/\/www.youtube.com\/c\/GrandePremioTV\">YouTube<\/a>!<br>\u00a1Sigue a Gran Premio en\u00a0<a href=\"https:\/\/twitter.com\/granpremioes\" target=\"_blank\" rel=\"noreferrer noopener\">Twitter\u00a0<\/a>y en\u00a0<a href=\"https:\/\/instagram.com\/granpremio_es\" target=\"_blank\" rel=\"noreferrer noopener\">Instagram<\/a>!<\/strong><\/p>\n\n\n\n<figure class=\"wp-block-image size-large\"><img decoding=\"async\" src=\"https:\/\/www.grandepremio.com\/br\/wp-content\/uploads\/2021\/11\/FEUQ4RGX0AY_Sht-1024x553.jpg\" alt=\"MAX VERSTAPPEN; LEWIS HAMILTON; GP DE S\u00c3O PAULO; F1; F\u00d3RMULA 1;\" class=\"wp-image-525744\"\/><figcaption>Max Verstappen ech\u00f3 a Lewis Hamilton para fuera de la pista en disputa por el liderato en Brasil (Foto: Reproducci\u00f3n)<\/figcaption><\/figure>\n\n\n\n<p class=\"wp-block-paragraph\">&#8220;Siempre debes adaptarte a cada situaci\u00f3n, a cada decisi\u00f3n de los comisarios. Tan pronto como supe que Max no fue sancionado en Austria [en 2019], fui a Silverstone y cambi\u00e9 mi postura. Creo que eso es lo mismo para cada piloto, todos van a superar el l\u00edmite de lo permitido. Y eso es lo que voy a hacer si esas cosas se permiten&#8221;, dijo Leclerc.<\/p>\n\n\n\n<p class=\"wp-block-paragraph\">&#8220;Austria fue una situaci\u00f3n diferente y pudimos correr un poco m\u00e1s duro, lo que pens\u00e9 que era bueno para la F\u00f3rmula 1, para el espect\u00e1culo, as\u00ed como para esa situaci\u00f3n actual. Dejar\u00e9 las cosas en manos de los comisarios y ver\u00e9 qu\u00e9 piensan ellos&#8221;, sigui\u00f3.<\/p>\n\n\n\n<p class=\"wp-block-paragraph\">Preguntado sobre la preferencia en la decisi\u00f3n de los comisarios, el monegasco prefiri\u00f3 dar una respuesta pol\u00edtica.<\/p>\n\n\n\n<p class=\"wp-block-paragraph\">&#8220;Honestamente, no me importa. Pero lo que est\u00e1 permitido, quiero saberlo como piloto, eso es lo \u00fanico que me importa. Si est\u00e1 permitido, adelantar por fuera ser\u00e1 muy dif\u00edcil. Pero s\u00ed, independientemente de la situaci\u00f3n, voy a adaptar mi pilotaje&#8221;, concluy\u00f3.<\/p>\n","protected":false},"excerpt":{"rendered":"<p>Charles Leclerc advirti\u00f3 que si Max Verstappen no es sancionado por el incidente en Brasil piensa cambiar su estilo de pilotaje en la pista. <\/p>\n","protected":false},"author":0,"featured_media":1010045276,"comment_status":"closed","ping_status":"closed","sticky":false,"template":"","format":"standard","meta":{"42wp_featured_image_caption":"","42wp_featured_image_credits":"","42wp_featured_video":"","42wp_featured_image_hidden":false,"42wp_authors_list":[],"footnotes":""},"categories":[5],"tags":[247,181,1233,185,179,492,1673,474,1674,249,206,213],"42wp_author":[14233],"class_list":["post-24852","post","type-post","status-publish","format-standard","has-post-thumbnail","hentry","category-f1","tag-charles-leclerc","tag-f1","tag-f1-2021","tag-ferrari","tag-formula-1","tag-gp-de-brasil","tag-gp-de-catar","tag-interlagos","tag-losail","tag-max-verstappen","tag-red-bull","tag-reglamento","42wp_author-eric-calduch"],"_links":{"self":[{"href":"https:\/\/grandepremio.com\/es\/wp-json\/wp\/v2\/posts\/24852","targetHints":{"allow":["GET"]}}],"collection":[{"href":"https:\/\/grandepremio.com\/es\/wp-json\/wp\/v2\/posts"}],"about":[{"href":"https:\/\/grandepremio.com\/es\/wp-json\/wp\/v2\/types\/post"}],"replies":[{"embeddable":true,"href":"https:\/\/grandepremio.com\/es\/wp-json\/wp\/v2\/comments?post=24852"}],"version-history":[{"count":0,"href":"https:\/\/grandepremio.com\/es\/wp-json\/wp\/v2\/posts\/24852\/revisions"}],"wp:featuredmedia":[{"embeddable":true,"href":"https:\/\/grandepremio.com\/es\/wp-json\/wp\/v2\/media\/1010045276"}],"wp:attachment":[{"href":"https:\/\/grandepremio.com\/es\/wp-json\/wp\/v2\/media?parent=24852"}],"wp:term":[{"taxonomy":"category","embeddable":true,"href":"https:\/\/grandepremio.com\/es\/wp-json\/wp\/v2\/categories?post=24852"},{"taxonomy":"post_tag","embeddable":true,"href":"https:\/\/grandepremio.com\/es\/wp-json\/wp\/v2\/tags?post=24852"},{"taxonomy":"42wp_author","embeddable":true,"href":"https:\/\/grandepremio.com\/es\/wp-json\/wp\/v2\/42wp_author?post=24852"}],"curies":[{"name":"wp","href":"https:\/\/api.w.org\/{rel}","templated":true}]}}