{"id":24876,"date":"2021-11-15T14:31:40","date_gmt":"2021-11-15T17:31:40","guid":{"rendered":"https:\/\/grandepremio.com\/es\/2021\/11\/15\/ocon-lamenta-adelantamiento-de-gasly-pero-elogia-a-alpine-en-sp-puntos-importantes\/"},"modified":"2021-11-15T14:31:41","modified_gmt":"2021-11-15T17:31:41","slug":"ocon-lamenta-adelantamiento-de-gasly-pero-elogia-a-alpine-en-sp-puntos-importantes","status":"publish","type":"post","link":"https:\/\/grandepremio.com\/es\/f1\/ocon-lamenta-adelantamiento-de-gasly-pero-elogia-a-alpine-en-sp-puntos-importantes\/","title":{"rendered":"Ocon lamenta adelantamiento de Gasly, pero elogia a Alpine en SP: &#8220;Puntos importantes&#8221;"},"content":{"rendered":"\n<p class=\"wp-block-paragraph\">Con el quinto lugar en el Mundial de Constructores en juego, la batalla entre AlphaTauri y Alpine sigue bien dura. Y aunque Pierre Gasly sali\u00f3 del GP de S\u00e3o Paulo como m\u00e1ximo puntuador de los cuatro pilotos en cuesti\u00f3n, mientras el equipo franc\u00e9s pudo contar con sus dos coches en la zona de puntos. Esteban Ocon y Fernando Alonso terminaron en octavo y noveno lugar, respectivamente.<\/p>\n\n\n\n<p class=\"wp-block-paragraph\">Para Ocon, el trabajo en equipo fue fundamental para salir del circuito brasile\u00f1o sumando puntos. Explica que Alpine incluso trat\u00f3 de apostar por una estrategia de intercambiar posiciones con sus pilotos para intentar retener al due\u00f1o del coche #10. Eso realmente funcion\u00f3, pero no por mucho tiempo. <a href=\"https:\/\/grandepremio.com\/es\/\/f1\/hamilton-caza-a-verstappen-y-vence-en-brasil-con-remontada-memorable\/\" target=\"_blank\" rel=\"noreferrer noopener\">Gasly termin\u00f3 la carrera en s\u00e9ptimo lugar por delante de Ocon y Alonso.<\/a><\/p>\n\n\n\n<p class=\"wp-block-paragraph\"><strong>\u00a1Conoce el canal de Gran Premio en\u00a0<a href=\"https:\/\/www.youtube.com\/c\/GrandePremioTV\">YouTube<\/a>!<br>\u00a1Sigue a Gran Premio en\u00a0<a href=\"https:\/\/twitter.com\/granpremioes\" target=\"_blank\" rel=\"noreferrer noopener\">Twitter\u00a0<\/a>y en\u00a0<a href=\"https:\/\/instagram.com\/granpremio_es\" target=\"_blank\" rel=\"noreferrer noopener\">Instagram<\/a>!<\/strong><\/p>\n\n\n\n<figure class=\"wp-block-image size-large\"><img decoding=\"async\" src=\"https:\/\/www.grandepremio.com\/br\/wp-content\/uploads\/2021\/11\/alphatauri-pierregasly-01-4-1024x603.jpg\" alt=\"\" class=\"wp-image-524776\"\/><figcaption>Pierre Gasly cerr\u00f3 la carrera en la s\u00e9ptima posici\u00f3n, con los dos Alpine detr\u00e1s (Foto: AlphaTauri)<\/figcaption><\/figure>\n\n\n\n<p class=\"wp-block-paragraph\">&#8220;Puntos muy importantes para el equipo, fue un muy buen trabajo. Creo que pusimos en pr\u00e1ctica nuestras t\u00e1cticas al m\u00e1ximo, y fue divertido. Intercambiamos posiciones al principio, y luego Fernando [Alonso] intent\u00f3 darme un rebufo en las rectas para intentar mantener a Pierre [Gasly] atr\u00e1s, lo que hicimos durante casi cuatro vueltas. Estuvo muy bien, pero logr\u00f3 adelantarnos, tiene un coche m\u00e1s r\u00e1pido. Fernando y yo volvimos a intercambiar posiciones&#8221;, explic\u00f3 Ocon despu\u00e9s de la carrera.<\/p>\n\n\n\n<p class=\"wp-block-paragraph\">&#8220;Ha sido una buena carrera. Son buenos puntos para nosotros, mantenemos vivo el campeonato de constructores. Pero necesitamos m\u00e1s velocidad&#8221;, a\u00f1adi\u00f3.<\/p>\n\n\n\n<p class=\"wp-block-paragraph\">La pelea entre los dos equipos sigue empatada a puntos en el Campeonato del Mundo de Constructores. Cada uno ten\u00eda 105 puntos antes del GP de S\u00e3o Paulo. En AlphaTauri solo Gasly ha anotado en la prueba brasile\u00f1a, ya que Yuki Tsunoda termin\u00f3 en el puesto 15. Por otro lado, ambos Alpine terminaron entre los 10 primeros, dejando la puntuaci\u00f3n ahora en 112 puntos cada equipo.<\/p>\n\n\n\n<p class=\"wp-block-paragraph\">La pr\u00f3xima prueba de la F\u00f3rmula 1, sin embargo, podr\u00eda ser un punto de inflexi\u00f3n. La pista de Catar har\u00e1 su debut en la categor\u00eda este fin de semana, entre el 19 y el 21 de noviembre, y los resultados podr\u00edan cambiar.<\/p>\n","protected":false},"excerpt":{"rendered":"<p>Esteban Ocon coment\u00f3 la buena actuaci\u00f3n de Alpine en Brasil, que coloc\u00f3 ambos coches en los puntos pese a terminar detr\u00e1s de Gasly en carrera.<\/p>\n","protected":false},"author":0,"featured_media":1010045148,"comment_status":"closed","ping_status":"closed","sticky":false,"template":"","format":"standard","meta":{"42wp_featured_image_caption":"","42wp_featured_image_credits":"","42wp_featured_video":"","42wp_featured_image_hidden":false,"42wp_authors_list":[],"footnotes":""},"categories":[5],"tags":[508,678,458,362,181,1233,184,179,492,1491,427,1836],"42wp_author":[14233],"class_list":["post-24876","post","type-post","status-publish","format-standard","has-post-thumbnail","hentry","category-f1","tag-alphatauri","tag-alpine","tag-brasil","tag-esteban-ocon","tag-f1","tag-f1-2021","tag-fernando-alonso","tag-formula-1","tag-gp-de-brasil","tag-gp-de-sao-paulo-2","tag-pierre-gasly","tag-sao-paulo","42wp_author-eric-calduch"],"_links":{"self":[{"href":"https:\/\/grandepremio.com\/es\/wp-json\/wp\/v2\/posts\/24876","targetHints":{"allow":["GET"]}}],"collection":[{"href":"https:\/\/grandepremio.com\/es\/wp-json\/wp\/v2\/posts"}],"about":[{"href":"https:\/\/grandepremio.com\/es\/wp-json\/wp\/v2\/types\/post"}],"replies":[{"embeddable":true,"href":"https:\/\/grandepremio.com\/es\/wp-json\/wp\/v2\/comments?post=24876"}],"version-history":[{"count":0,"href":"https:\/\/grandepremio.com\/es\/wp-json\/wp\/v2\/posts\/24876\/revisions"}],"wp:featuredmedia":[{"embeddable":true,"href":"https:\/\/grandepremio.com\/es\/wp-json\/wp\/v2\/media\/1010045148"}],"wp:attachment":[{"href":"https:\/\/grandepremio.com\/es\/wp-json\/wp\/v2\/media?parent=24876"}],"wp:term":[{"taxonomy":"category","embeddable":true,"href":"https:\/\/grandepremio.com\/es\/wp-json\/wp\/v2\/categories?post=24876"},{"taxonomy":"post_tag","embeddable":true,"href":"https:\/\/grandepremio.com\/es\/wp-json\/wp\/v2\/tags?post=24876"},{"taxonomy":"42wp_author","embeddable":true,"href":"https:\/\/grandepremio.com\/es\/wp-json\/wp\/v2\/42wp_author?post=24876"}],"curies":[{"name":"wp","href":"https:\/\/api.w.org\/{rel}","templated":true}]}}