{"id":25004,"date":"2021-11-03T14:55:20","date_gmt":"2021-11-03T17:55:20","guid":{"rendered":"https:\/\/grandepremio.com\/es\/2021\/11\/03\/grosjean-pasa-por-nueva-cirugia-y-se-somete-a-un-trasplante-de-piel-de-la-mano\/"},"modified":"2021-11-03T16:25:34","modified_gmt":"2021-11-03T19:25:34","slug":"grosjean-pasa-por-nueva-cirugia-y-se-somete-a-un-trasplante-de-piel-de-la-mano","status":"publish","type":"post","link":"https:\/\/grandepremio.com\/es\/indy\/grosjean-pasa-por-nueva-cirugia-y-se-somete-a-un-trasplante-de-piel-de-la-mano\/","title":{"rendered":"Grosjean pasa por nueva cirug\u00eda y se somete a un trasplante de piel de la mano"},"content":{"rendered":"\n<p class=\"wp-block-paragraph\">Romain Grosjean, ex piloto de F\u00f3rmula 1 y actualmente disputando a Indy, realiz\u00f3 un nuevo trasplante de piel en su mano el martes pasado. Todav\u00eda es como resultado del accidente que sufri\u00f3 en el GP de Bahrein de 2020. El veterano esperaba este procedimiento, e incluso tendr\u00e1 otro trasplante el pr\u00f3ximo a\u00f1o para continuar con su recuperaci\u00f3n. <a href=\"https:\/\/grandepremio.com\/es\/\/f1\/grosjean-revela-visita-al-hospital-de-vettel-tras-accidente-estaba-preocupado-por-mi\/\" target=\"_blank\" rel=\"noreferrer noopener\">Hace unos d\u00edas, el franc\u00e9s dio m\u00e1s detalles sobre su accidente y explic\u00f3 una sorprendente visita que recibi\u00f3 e el hospital. <\/a><\/p>\n\n\n\n<p class=\"wp-block-paragraph\">Despu\u00e9s de la cirug\u00eda, Grosjean public\u00f3 fotos en sus redes sociales y brome\u00f3 con la situaci\u00f3n.<\/p>\n\n\n\n<p class=\"wp-block-paragraph\">&#8220;Tengo mi mano de Mickey de vuelta&#8221;, public\u00f3 el franco-suizo.<\/p>\n\n\n\n<figure class=\"wp-block-embed is-type-rich is-provider-twitter wp-block-embed-twitter\"><div class=\"wp-block-embed__wrapper\">\n<blockquote class=\"twitter-tweet\" data-width=\"500\" data-dnt=\"true\"><p lang=\"en\" dir=\"ltr\">Got my Mickey hand back on <a href=\"https:\/\/t.co\/e5VAi71auM\">pic.twitter.com\/e5VAi71auM<\/a><\/p>&mdash; Romain Grosjean (@RGrosjean) <a href=\"https:\/\/x.com\/RGrosjean\/status\/1455629403388629002?ref_src=twsrc%5Etfw\">November 2, 2021<\/a><\/blockquote><script async src=\"https:\/\/platform.x.com\/widgets.js\" charset=\"utf-8\"><\/script>\n<\/div><\/figure>\n\n\n\n<p class=\"wp-block-paragraph\"><strong>\u00a1Conoce el canal de Gran Premio en\u00a0<a href=\"https:\/\/www.youtube.com\/c\/GrandePremioTV\">YouTube<\/a>!<br>\u00a1Sigue a Gran Premio en\u00a0<a href=\"https:\/\/twitter.com\/granpremioes\" target=\"_blank\" rel=\"noreferrer noopener\">Twitter\u00a0<\/a>y en\u00a0<a href=\"https:\/\/instagram.com\/granpremio_es\" target=\"_blank\" rel=\"noreferrer noopener\">Instagram<\/a>!<\/strong><\/p>\n\n\n\n<p class=\"wp-block-paragraph\">En el accidente, que har\u00e1 un a\u00f1o el 29 de noviembre, Grosjean perdi\u00f3 el control del Haas y golpe\u00f3 el guardarra\u00edl. En el proceso, el coche qued\u00f3 destrozado y las llamas envolvieron el monoplaza, en cuyo interior qued\u00f3 atrapado Romain durante casi 30 segundos. Fue una de las escenas m\u00e1s aterradoras de la F\u00f3rmula 1 en los \u00faltimos tiempos. A pesar del susto, que paraliz\u00f3 la carrera y acab\u00f3 suponiendo su \u00faltima participaci\u00f3n en la F1 en su carrera, las quemaduras que sufri\u00f3 el piloto no fueron graves, y el alta m\u00e9dica lleg\u00f3 tres d\u00edas despu\u00e9s.<\/p>\n\n\n\n<figure class=\"wp-block-embed is-type-rich is-provider-instagram wp-block-embed-instagram\"><div class=\"wp-block-embed__wrapper\">\nhttps:\/\/www.instagram.com\/p\/CVyWqeVslmE\/?utm_medium=copy_link\n<\/div><\/figure>\n\n\n\n<p class=\"wp-block-paragraph\">Hace unas semanas, Grosjean revel\u00f3 al podcast &#8216;In the Fast Lane&#8217; que la mano izquierda, m\u00e1s expuesta a las llamas, estaba en torno al 95% de recuperada. Por ahrora, con solo unas pocas limitaciones con las que &#8220;aprendes a vivir&#8221;. La mano derecha est\u00e1 100% recuperada, pero es necesario usar protector solar cuando se expone al sol. Adem\u00e1s, Romain actualiza peri\u00f3dicamente a los aficionados sobre su estado de salud y public\u00f3 una foto de la mano a principios de octubre para mostrar la etapa de recuperaci\u00f3n.<\/p>\n\n\n\n<figure class=\"wp-block-image size-large\"><img decoding=\"async\" src=\"https:\/\/www.grandepremio.com\/br\/wp-content\/uploads\/2021\/11\/Grosjean-833x1024.jpg\" alt=\"\" class=\"wp-image-521289\"\/><figcaption>Grosjean public\u00f3 una foto de la mano para mostrar recuperaci\u00f3n a los fans (Foto: Reproducci\u00f3n\/Twitter)<\/figcaption><\/figure>\n\n\n\n<p class=\"wp-block-paragraph\">Con una extensa trayectoria en la F\u00f3rmula 1, el GP de Bahrein de 2020 termin\u00f3 siendo su \u00faltima carrera en la categor\u00eda principal del automovilismo. En 2021, Grosjean comenz\u00f3 a correr en Indy para Dale Coyne y asegur\u00f3 un contrato con Andretti para 2022 tras un gran debut. Adem\u00e1s, tiene la posibilidad de luchar por el t\u00edtulo, ya que el equipo forma el Trio-de-hierro de la Indy junto a Ganassi y Penske. En una nueva etapa en su carrera, Romain dijo estar &#8220;enamorado&#8221; de esta categor\u00eda.<\/p>\n","protected":false},"excerpt":{"rendered":"<p>Romain Grosjean confirm\u00f3 por sus redes sociales que tuvo una nueva cirug\u00eda en su mano para someterse a un transplante de piel. <\/p>\n","protected":false},"author":0,"featured_media":1010043129,"comment_status":"closed","ping_status":"closed","sticky":false,"template":"","format":"standard","meta":{"42wp_featured_image_caption":"","42wp_featured_image_credits":"","42wp_featured_video":"","42wp_featured_image_hidden":false,"42wp_authors_list":[],"footnotes":""},"categories":[7],"tags":[597,1814,181,1233,179,925,310,1617,1815,207,1816],"42wp_author":[14233],"class_list":["post-25004","post","type-post","status-publish","format-standard","has-post-thumbnail","hentry","category-indy","tag-andretti","tag-cirugia","tag-f1","tag-f1-2021","tag-formula-1","tag-indy","tag-indycar","tag-indycar-2021","tag-mano","tag-romain-grosjean","tag-transplante-de-piel","42wp_author-eric-calduch"],"_links":{"self":[{"href":"https:\/\/grandepremio.com\/es\/wp-json\/wp\/v2\/posts\/25004","targetHints":{"allow":["GET"]}}],"collection":[{"href":"https:\/\/grandepremio.com\/es\/wp-json\/wp\/v2\/posts"}],"about":[{"href":"https:\/\/grandepremio.com\/es\/wp-json\/wp\/v2\/types\/post"}],"replies":[{"embeddable":true,"href":"https:\/\/grandepremio.com\/es\/wp-json\/wp\/v2\/comments?post=25004"}],"version-history":[{"count":0,"href":"https:\/\/grandepremio.com\/es\/wp-json\/wp\/v2\/posts\/25004\/revisions"}],"wp:featuredmedia":[{"embeddable":true,"href":"https:\/\/grandepremio.com\/es\/wp-json\/wp\/v2\/media\/1010043129"}],"wp:attachment":[{"href":"https:\/\/grandepremio.com\/es\/wp-json\/wp\/v2\/media?parent=25004"}],"wp:term":[{"taxonomy":"category","embeddable":true,"href":"https:\/\/grandepremio.com\/es\/wp-json\/wp\/v2\/categories?post=25004"},{"taxonomy":"post_tag","embeddable":true,"href":"https:\/\/grandepremio.com\/es\/wp-json\/wp\/v2\/tags?post=25004"},{"taxonomy":"42wp_author","embeddable":true,"href":"https:\/\/grandepremio.com\/es\/wp-json\/wp\/v2\/42wp_author?post=25004"}],"curies":[{"name":"wp","href":"https:\/\/api.w.org\/{rel}","templated":true}]}}