{"id":25145,"date":"2021-10-18T14:14:45","date_gmt":"2021-10-18T17:14:45","guid":{"rendered":"https:\/\/grandepremio.com\/es\/2021\/10\/18\/alpine-preve-podios-frecuentes-desde-2024-el-proyecto-es-a-largo-plazo\/"},"modified":"2021-10-18T14:47:19","modified_gmt":"2021-10-18T17:47:19","slug":"alpine-preve-podios-frecuentes-desde-2024-el-proyecto-es-a-largo-plazo","status":"publish","type":"post","link":"https:\/\/grandepremio.com\/es\/f1\/alpine-preve-podios-frecuentes-desde-2024-el-proyecto-es-a-largo-plazo\/","title":{"rendered":"Alpine prev\u00e9 podios frecuentes desde 2024: \u201cEl proyecto es a largo plazo\u201d"},"content":{"rendered":"\n<p class=\"wp-block-paragraph\">Con una inesperada victoria conseguida en la temporada de F\u00f3rmula 1, Alpine muestra un buen rendimiento durante su primer a\u00f1o tras correr hasta 2020 como Renault. <a href=\"https:\/\/grandepremio.com\/es\/\/f1\/ocon-logra-victoria-increible-en-un-gp-de-hungria-caotico-y-memorable\/\">Aunque el triunfo de Esteban Ocon en el GP de Hungr\u00eda tuvo mucho que ver con las circunstancias de la carrera<\/a>, es innegable que el proyecto supera las expectativas para el a\u00f1o 2021. Seg\u00fan el jefe del equipo, Laurent Rossi, esta victoria es s\u00f3lo un atisbo del futuro que planea la escuadra de Enstone.<\/p>\n\n\n\n<p class=\"wp-block-paragraph\">&#8220;Tenemos un proyecto a largo plazo. Queremos tener un nivel que nos sit\u00fae en el podio el mayor n\u00famero de veces posible en 2024&#8221;, declar\u00f3 al portal oficial de la F1. &#8220;Cada a\u00f1o ser\u00e1 un poco mejor. Es un proyecto de 100 carreras, cuatro a\u00f1os, cuatro temporadas&#8221;, revel\u00f3.<\/p>\n\n\n\n<p class=\"wp-block-paragraph\">Independientemente de sus conquistas, Rossi quiere ver una evoluci\u00f3n cada fin de semana. Y de esta forma, perseguir el objetivo de ser una escuder\u00eda dominante de la F1 en el futuro. As\u00edmismo, el dirigente tambi\u00e9n record\u00f3 que el orden de fuerzas para 2022 contin\u00faa siendo una inc\u00f3gnita por los cambios en el reglamento t\u00e9cnico.<\/p>\n\n\n\n<p class=\"wp-block-paragraph\"><strong>\u00a1Conoce el canal de Gran Premio en\u00a0<a href=\"https:\/\/www.youtube.com\/c\/GrandePremioTV\">YouTube<\/a>!<br>\u00a1Sigue a Gran Premio en\u00a0<a href=\"https:\/\/twitter.com\/granpremioes\" target=\"_blank\" rel=\"noreferrer noopener\">Twitter\u00a0<\/a>y en\u00a0<a href=\"https:\/\/instagram.com\/granpremio_es\" target=\"_blank\" rel=\"noreferrer noopener\">Instagram<\/a>!<\/strong><\/p>\n\n\n\n<figure class=\"wp-block-image size-large\"><img decoding=\"async\" src=\"https:\/\/grandepremio.com\/es\/\/wp-content\/uploads\/2021\/10\/jm2109oc135-1024x683.jpg\" alt=\"\" class=\"wp-image-40119\"\/><\/figure>\n\n\n\n<p class=\"wp-block-paragraph\">&#8220;Tenemos que progresar en cada carrera&#8221;, dijo. &#8220;Podr\u00e1 verse en la pista, o quiz\u00e1s en peque\u00f1os detalles. La idea es no detenerse nunca, y ser capaces de ver que vamos en la direcci\u00f3n correcta. El a\u00f1o que viene, la moneda volver\u00e1 a ser lanzada&#8221;, manifest\u00f3 Rossi, en referencia a que los cambios previstos para 2022 deber\u00edan barajar las fuerzas de la parrilla.<\/p>\n\n\n\n<p class=\"wp-block-paragraph\">&#8220;Lo que queremos es asegurarnos de tener un nivel de rendimiento satisfactorio que no nos aleje demasiado de la cima. Y a partir de ah\u00ed podemos seguir escalando la monta\u00f1a&#8221;, pronostic\u00f3. &#8220;Estamos aqu\u00ed para quedarnos, para mejorar cada a\u00f1o&#8221;, finaliz\u00f3.<\/p>\n\n\n\n<p class=\"wp-block-paragraph\">Y el apoyo recibido por Alpine garantiza la estabilidad necesaria para que el equipo se centre \u00fanicamente en su evoluci\u00f3n. El jefe del Grupo Renault, Luca de Meo, confirm\u00f3 su intenci\u00f3n de transformar al equipo franc\u00e9s en una potencia a mediano plazo.<\/p>\n\n\n\n<figure class=\"wp-block-image size-large\"><img decoding=\"async\" src=\"https:\/\/grandepremio.com\/es\/\/wp-content\/uploads\/2021\/08\/jm2101au661-scaled-e1628210136773-768x1024.jpg\" alt=\"\" class=\"wp-image-30804\"\/><figcaption>Esteban Ocon logr\u00f3 su primera victoria en F\u00f3rmula 1 en el GP de Hungr\u00eda. (Foto: Alpine)<\/figcaption><\/figure>\n\n\n\n<p class=\"wp-block-paragraph\">&#8220;Estamos aqu\u00ed para quedarnos&#8221;, confirm\u00f3 de Meo. &#8220;Tenemos ambici\u00f3n. Alpine forma parte de uno de los mayores fabricantes del mundo. Estamos incluyendo a la marca en el negocio de los autos el\u00e9ctricos, desarrollando el producto. La idea es construir alrededor de las actividades de las carreras un negocio que sostenga esas actividades, lo que financiar\u00eda la operaci\u00f3n. Ser\u00e1 un sistema autosuficiente. Nuestro rendimiento aqu\u00ed [en la F1] sirve de base para todo lo dem\u00e1s&#8221;, concluy\u00f3.<\/p>\n\n\n\n<p class=\"wp-block-paragraph\">Alpine suma 104 puntos en lo que va de temporada, con 58 de Alonso y 46 de Ocon, y est\u00e1 quinto en el campeonato. Y como fecha destacada, su mejor participaci\u00f3n fue justamente en Hungr\u00eda, con la victoria del franc\u00e9s y el cuarto lugar del espa\u00f1ol. Con Ferrari con m\u00e1s del doble de puntos -232,5-, la aspiraci\u00f3n de la escuder\u00eda gala es mantenerse en el Mundial frente a AlphaTauri, que tiene 92.<\/p>\n\n\n\n<p class=\"wp-block-paragraph\">La F\u00f3rmula 1 proseguir\u00e1 su campeonato con el GP de los Estados Unidos, que se celebrar\u00e1 este fin de semana en el circuito de Austin.<\/p>\n","protected":false},"excerpt":{"rendered":"<p>El director del Grupo Renault, Luca de Meo, y el jefe de Alpine, Laurent Rossi, hablaron de los planes a futuro del equipo de F\u00f3rmula 1 que componen Fernando Alonso y Esteban Ocon. <\/p>\n","protected":false},"author":0,"featured_media":1010040118,"comment_status":"closed","ping_status":"closed","sticky":false,"template":"","format":"standard","meta":{"42wp_featured_image_caption":"","42wp_featured_image_credits":"","42wp_featured_video":"","42wp_featured_image_hidden":false,"42wp_authors_list":[],"footnotes":""},"categories":[5],"tags":[678,362,181,184,179,682,1500,683,210],"42wp_author":[14223],"class_list":["post-25145","post","type-post","status-publish","format-standard","has-post-thumbnail","hentry","category-f1","tag-alpine","tag-esteban-ocon","tag-f1","tag-fernando-alonso","tag-formula-1","tag-grupo-renault","tag-laurent-rossi","tag-luca-de-meo","tag-renault","42wp_author-esteban-nieto"],"_links":{"self":[{"href":"https:\/\/grandepremio.com\/es\/wp-json\/wp\/v2\/posts\/25145","targetHints":{"allow":["GET"]}}],"collection":[{"href":"https:\/\/grandepremio.com\/es\/wp-json\/wp\/v2\/posts"}],"about":[{"href":"https:\/\/grandepremio.com\/es\/wp-json\/wp\/v2\/types\/post"}],"replies":[{"embeddable":true,"href":"https:\/\/grandepremio.com\/es\/wp-json\/wp\/v2\/comments?post=25145"}],"version-history":[{"count":0,"href":"https:\/\/grandepremio.com\/es\/wp-json\/wp\/v2\/posts\/25145\/revisions"}],"wp:featuredmedia":[{"embeddable":true,"href":"https:\/\/grandepremio.com\/es\/wp-json\/wp\/v2\/media\/1010040118"}],"wp:attachment":[{"href":"https:\/\/grandepremio.com\/es\/wp-json\/wp\/v2\/media?parent=25145"}],"wp:term":[{"taxonomy":"category","embeddable":true,"href":"https:\/\/grandepremio.com\/es\/wp-json\/wp\/v2\/categories?post=25145"},{"taxonomy":"post_tag","embeddable":true,"href":"https:\/\/grandepremio.com\/es\/wp-json\/wp\/v2\/tags?post=25145"},{"taxonomy":"42wp_author","embeddable":true,"href":"https:\/\/grandepremio.com\/es\/wp-json\/wp\/v2\/42wp_author?post=25145"}],"curies":[{"name":"wp","href":"https:\/\/api.w.org\/{rel}","templated":true}]}}