{"id":25187,"date":"2021-10-11T12:07:32","date_gmt":"2021-10-11T15:07:32","guid":{"rendered":"https:\/\/grandepremio.com\/es\/2021\/10\/11\/marko-ve-a-mercedes-superior-en-velocidad-necesitamos-pensar-en-algo\/"},"modified":"2021-10-11T12:07:33","modified_gmt":"2021-10-11T15:07:33","slug":"marko-ve-a-mercedes-superior-en-velocidad-necesitamos-pensar-en-algo","status":"publish","type":"post","link":"https:\/\/grandepremio.com\/es\/f1\/marko-ve-a-mercedes-superior-en-velocidad-necesitamos-pensar-en-algo\/","title":{"rendered":"Marko ve a Mercedes superior en velocidad: &#8220;Necesitamos pensar en algo&#8221;"},"content":{"rendered":"\n<p class=\"wp-block-paragraph\">Helmut Marko sali\u00f3 del GP de Turqu\u00eda preocupado con la diferencia de velocidad entre Mercedes y Red Bull. El consultor del equipo de la marca de bebidas energ\u00e9ticas defendi\u00f3 que el equipo necesita buscar alternativas para reducir el d\u00e9ficit en relaci\u00f3n a sus rivales en la lucha por el t\u00edtulo de la F\u00f3rmula 1. <\/p>\n\n\n\n<p class=\"wp-block-paragraph\">Marko resalt\u00f3 que no sabe donde Mercedes encontr\u00f3 la actual superioridad en l\u00ednea recta, pero apunt\u00f3 una diferencia cerca de 15 km\/h en el trazado de Estambul. <\/p>\n\n\n\n<p class=\"wp-block-paragraph\">En el GP de Turqu\u00eda del pasado domingo, Verstappen no logr\u00f3 ni presionar a Valtteri Bottas, <a href=\"https:\/\/grandepremio.com\/es\/\/f1\/impecable-bottas-vence-el-gp-de-turquia-verstappen-es-2o-y-hamilton-5\/\" target=\"_blank\" rel=\"noreferrer noopener\">que gan\u00f3 la carrera con m\u00e1s de 14 segundos de ventaja.<\/a> Sergio P\u00e9rez cerr\u00f3 el podio, con Lewis Hamilton en el quinto lugar. <\/p>\n\n\n\n<p class=\"wp-block-paragraph\">A pesa de haber recuperado el liderato de Mundial de Pilotos una vez m\u00e1s, con Verstappen al frente, Marko evalu\u00f3 que necesitan hacer algo en relaci\u00f3n a esa superioridad del motor Mercedes. <\/p>\n\n\n\n<figure class=\"wp-block-image size-large\"><img decoding=\"async\" src=\"https:\/\/www.grandepremio.com\/br\/wp-content\/uploads\/2021\/10\/SI202110080518_news-1024x683.jpg\" alt=\"MAX VERSTAPPEN; RED BULL; GP DA TURQUIA; F\u00d3RMULA 1; TREINO LIVRE;\" class=\"wp-image-515859\"\/><figcaption>Marko admiti\u00f3 un d\u00e9ficit de velocidad de Red Bull con Mercedes (Foto: Mark Thompson\/Getty Images\/Red Bull Content Pool)<\/figcaption><\/figure>\n\n\n\n<p class=\"wp-block-paragraph\"><strong>\u00a1Conoce el canal de Gran Premio en\u00a0<a href=\"https:\/\/www.youtube.com\/c\/GrandePremioTV\">YouTube<\/a>!<br>\u00a1Sigue a Gran Premio en\u00a0<a href=\"https:\/\/twitter.com\/granpremioes\" target=\"_blank\" rel=\"noreferrer noopener\">Twitter\u00a0<\/a>y en\u00a0<a href=\"https:\/\/instagram.com\/granpremio_es\" target=\"_blank\" rel=\"noreferrer noopener\">Instagram<\/a>!<\/strong><\/p>\n\n\n\n<p class=\"wp-block-paragraph\">&#8220;Tenemos que pensar en alguna cosa, pues Mercedes es muy r\u00e1pido en las rectas&#8221;, dijo Marko a la cadena austriaca ORF. &#8220;Ellos fueron casi 15 km\/h m\u00e1s r\u00e1pidos aqu\u00ed, como cuando usas el DRS&#8221;, compar\u00f3. <\/p>\n\n\n\n<p class=\"wp-block-paragraph\">&#8220;Hab\u00eda sido as\u00ed desde Silverstone y la diferencia solo hace que aumentar&#8221;, coment\u00f3. &#8220;Esa superioridad de motor, no se lo que es y lo que podemos hacer al respecto. Necesitamos optimizar nuestro chasis a\u00fan m\u00e1s para que podamos equilibrarlo otra vez de alguna forma&#8221;, complet\u00f3. <\/p>\n\n\n\n<p class=\"wp-block-paragraph\">Algunos rumores indican que Red Bull pidi\u00f3 esclarecer eso a la FIA (Federaci\u00f3n Internacional de Automovilismo). Ellos creen que hay alg\u00fan truco que Mercedes est\u00e1 usando en el intercooler. Esta pieza que tiene la funci\u00f3n de enfriar el aire que sale del turbocompresor antes de entrar en el motor. Esto ayuda en el rendimiento del motor, reduciendo el consumo de combustible. <\/p>\n","protected":false},"excerpt":{"rendered":"<p>Helmut Marko asegur\u00f3 que Red Bull tiene un d\u00e9ficit de velocidad en comparaci\u00f3n a Mercedes, qui\u00e9n encontr\u00f3 mucha velocidad en su motor. En Turqu\u00eda se estima que hab\u00edan 15 km\/h de diferencia en recta. <\/p>\n","protected":false},"author":0,"featured_media":1010039702,"comment_status":"closed","ping_status":"closed","sticky":false,"template":"","format":"standard","meta":{"42wp_featured_image_caption":"","42wp_featured_image_credits":"","42wp_featured_video":"","42wp_featured_image_hidden":false,"42wp_authors_list":[],"footnotes":""},"categories":[5],"tags":[489,181,1233,179,641,1358,249,197,428,206],"42wp_author":[14233],"class_list":["post-25187","post","type-post","status-publish","format-standard","has-post-thumbnail","hentry","category-f1","tag-estambul","tag-f1","tag-f1-2021","tag-formula-1","tag-gp-de-turquia","tag-helmut-marko","tag-max-verstappen","tag-mercedes","tag-motor","tag-red-bull","42wp_author-eric-calduch"],"_links":{"self":[{"href":"https:\/\/grandepremio.com\/es\/wp-json\/wp\/v2\/posts\/25187","targetHints":{"allow":["GET"]}}],"collection":[{"href":"https:\/\/grandepremio.com\/es\/wp-json\/wp\/v2\/posts"}],"about":[{"href":"https:\/\/grandepremio.com\/es\/wp-json\/wp\/v2\/types\/post"}],"replies":[{"embeddable":true,"href":"https:\/\/grandepremio.com\/es\/wp-json\/wp\/v2\/comments?post=25187"}],"version-history":[{"count":0,"href":"https:\/\/grandepremio.com\/es\/wp-json\/wp\/v2\/posts\/25187\/revisions"}],"wp:featuredmedia":[{"embeddable":true,"href":"https:\/\/grandepremio.com\/es\/wp-json\/wp\/v2\/media\/1010039702"}],"wp:attachment":[{"href":"https:\/\/grandepremio.com\/es\/wp-json\/wp\/v2\/media?parent=25187"}],"wp:term":[{"taxonomy":"category","embeddable":true,"href":"https:\/\/grandepremio.com\/es\/wp-json\/wp\/v2\/categories?post=25187"},{"taxonomy":"post_tag","embeddable":true,"href":"https:\/\/grandepremio.com\/es\/wp-json\/wp\/v2\/tags?post=25187"},{"taxonomy":"42wp_author","embeddable":true,"href":"https:\/\/grandepremio.com\/es\/wp-json\/wp\/v2\/42wp_author?post=25187"}],"curies":[{"name":"wp","href":"https:\/\/api.w.org\/{rel}","templated":true}]}}