{"id":25208,"date":"2021-10-09T12:56:13","date_gmt":"2021-10-09T15:56:13","guid":{"rendered":"https:\/\/grandepremio.com\/es\/2021\/10\/09\/leclerc-vibra-con-el-3r-lugar-en-turquia-y-evalua-el-nuevo-motor-ferrari\/"},"modified":"2021-10-09T12:56:14","modified_gmt":"2021-10-09T15:56:14","slug":"leclerc-vibra-con-el-3r-lugar-en-turquia-y-evalua-el-nuevo-motor-ferrari","status":"publish","type":"post","link":"https:\/\/grandepremio.com\/es\/f1\/leclerc-vibra-con-el-3r-lugar-en-turquia-y-evalua-el-nuevo-motor-ferrari\/","title":{"rendered":"Leclerc vibra con el 3r lugar en Turqu\u00eda y eval\u00faa el nuevo motor Ferrari"},"content":{"rendered":"\n<p class=\"wp-block-paragraph\">A pesar de hacer el cuarto tiempo de la clasificaci\u00f3n de este s\u00e1bado en el GP de Turqu\u00eda de <a href=\"https:\/\/grandepremio.com\/es\/\/categoria\/f1\/\" target=\"_blank\" rel=\"noreferrer noopener\">F\u00f3rmula 1<\/a>, Charles Leclerc arrancar\u00e1 ma\u00f1ana en el tercer lugar gracias a la penalizaci\u00f3n de Lewis Hamilton. El resultado final hasta fue bueno, pero el monegasco admite que Ferrari podr\u00eda haber hecho m\u00e1s que eso, pero no era la prioridad. <\/p>\n\n\n\n<p class=\"wp-block-paragraph\">De acuerdo con Leclerc, la decisi\u00f3n fue de adoptar un ajuste espec\u00edfico del coche volviendo para el \u00e9xito en ritmo de carrera en detrimento de clasificaci\u00f3n. <\/p>\n\n\n\n<p class=\"wp-block-paragraph\">&#8220;Estuvo bien, una sesi\u00f3n muy complicada. Optamos por usar un setup con downforce m\u00e1s bajos para hoy porque nos beneficiar\u00e1 ma\u00f1ana, pero sab\u00edamos que ser\u00eda dif\u00edcil clasificar en estas condiciones. Cuando la pista mejor\u00f3 un poco, conseguimos hacer una buena vuelta y quedar en tercero, lo que es \u00f3ptimo&#8221;, dijo. <\/p>\n\n\n\n<figure class=\"wp-block-image size-large\"><img decoding=\"async\" src=\"https:\/\/www.grandepremio.com\/br\/wp-content\/uploads\/2020\/05\/21003-russian-gp-thursday-1024x683.jpg\" alt=\"\" class=\"wp-image-512079\"\/><figcaption>Charles Leclerc: nuevo motor Ferrari es bueno, pero nada del otro mundo (Foto: Ferrari)<\/figcaption><\/figure>\n\n\n\n<p class=\"wp-block-paragraph\"><strong>\u00a1Conoce el canal de Gran Premio en\u00a0<a href=\"https:\/\/www.youtube.com\/c\/GrandePremioTV\">YouTube<\/a>!<br>\u00a1Sigue a Gran Premio en\u00a0<a href=\"https:\/\/twitter.com\/granpremioes\" target=\"_blank\" rel=\"noreferrer noopener\">Twitter\u00a0<\/a>y en\u00a0<a href=\"https:\/\/instagram.com\/granpremio_es\" target=\"_blank\" rel=\"noreferrer noopener\">Instagram<\/a>!<\/strong><\/p>\n\n\n\n<p class=\"wp-block-paragraph\">&#8220;Vamos arrancar en tercer lugar y, si las condiciones fueran como las de la Q3, deber\u00edamos tener una buena carrera. Por lo que escuch\u00e9, deber\u00edamos tener buenas condiciones&#8221;, coment\u00f3. <\/p>\n\n\n\n<p class=\"wp-block-paragraph\">En la segunda carrera que hace con el nuevo motor de Ferrari, Leclerc no mostr\u00f3 mucho entusiasmo ante esta novedad, diciendo que no es gran cosa. <\/p>\n\n\n\n<p class=\"wp-block-paragraph\">&#8220;No es algo que cambie el juego, pero nos coloca en buena posici\u00f3n. No es algo que no har\u00e1 ganar carreras, pero pone el equipo en la buena direcci\u00f3n. Es lo que queremos, como pilotos. Es bueno ver que el desarrollo est\u00e1 en la direcci\u00f3n correcta&#8221;, sigui\u00f3. <\/p>\n","protected":false},"excerpt":{"rendered":"<p>Charles Leclerc se muestra feliz por el gran resultado en clasificaci\u00f3n pero se muestra cauteloso ante el nuevo motor que ha tra\u00eddo Ferrari.<\/p>\n","protected":false},"author":0,"featured_media":1010039341,"comment_status":"closed","ping_status":"closed","sticky":false,"template":"","format":"standard","meta":{"42wp_featured_image_caption":"","42wp_featured_image_credits":"","42wp_featured_video":"","42wp_featured_image_hidden":false,"42wp_authors_list":[],"footnotes":""},"categories":[5],"tags":[247,489,181,1233,185,179,641,1022],"42wp_author":[14233],"class_list":["post-25208","post","type-post","status-publish","format-standard","has-post-thumbnail","hentry","category-f1","tag-charles-leclerc","tag-estambul","tag-f1","tag-f1-2021","tag-ferrari","tag-formula-1","tag-gp-de-turquia","tag-turquia","42wp_author-eric-calduch"],"_links":{"self":[{"href":"https:\/\/grandepremio.com\/es\/wp-json\/wp\/v2\/posts\/25208","targetHints":{"allow":["GET"]}}],"collection":[{"href":"https:\/\/grandepremio.com\/es\/wp-json\/wp\/v2\/posts"}],"about":[{"href":"https:\/\/grandepremio.com\/es\/wp-json\/wp\/v2\/types\/post"}],"replies":[{"embeddable":true,"href":"https:\/\/grandepremio.com\/es\/wp-json\/wp\/v2\/comments?post=25208"}],"version-history":[{"count":0,"href":"https:\/\/grandepremio.com\/es\/wp-json\/wp\/v2\/posts\/25208\/revisions"}],"wp:featuredmedia":[{"embeddable":true,"href":"https:\/\/grandepremio.com\/es\/wp-json\/wp\/v2\/media\/1010039341"}],"wp:attachment":[{"href":"https:\/\/grandepremio.com\/es\/wp-json\/wp\/v2\/media?parent=25208"}],"wp:term":[{"taxonomy":"category","embeddable":true,"href":"https:\/\/grandepremio.com\/es\/wp-json\/wp\/v2\/categories?post=25208"},{"taxonomy":"post_tag","embeddable":true,"href":"https:\/\/grandepremio.com\/es\/wp-json\/wp\/v2\/tags?post=25208"},{"taxonomy":"42wp_author","embeddable":true,"href":"https:\/\/grandepremio.com\/es\/wp-json\/wp\/v2\/42wp_author?post=25208"}],"curies":[{"name":"wp","href":"https:\/\/api.w.org\/{rel}","templated":true}]}}