{"id":25269,"date":"2021-10-03T09:31:43","date_gmt":"2021-10-03T12:31:43","guid":{"rendered":"https:\/\/grandepremio.com\/es\/2021\/10\/03\/piero-ferrari-schumacher-no-esta-muerto-pero-no-puede-comunicarse\/"},"modified":"2021-10-03T09:46:33","modified_gmt":"2021-10-03T12:46:33","slug":"piero-ferrari-schumacher-no-esta-muerto-pero-no-puede-comunicarse","status":"publish","type":"post","link":"https:\/\/grandepremio.com\/es\/f1\/piero-ferrari-schumacher-no-esta-muerto-pero-no-puede-comunicarse\/","title":{"rendered":"Schumacher \u201cno est\u00e1 muerto, pero no puede comunicarse\u201d, dice Piero Ferrari"},"content":{"rendered":"\n<p class=\"wp-block-paragraph\">El estado cl\u00ednico de Michael Schumacher es un secreto absoluto y tuvo muy pocas actualizaciones desde el grave accidente que sufriera el siete veces campe\u00f3n del mundo de F\u00f3rmula 1 en la estaci\u00f3n de esqu\u00ed de M\u00e9ribel, en los Alpes franceses, el 29 de diciembre de 2013. Recientemente, en el documental &#8216;Schumacher&#8217;, <a href=\"https:\/\/grandepremio.com\/es\/\/f1\/netflix-exhibe-trailer-de-documental-sobre-schumacher-a-30-anos-del-debut\/\">emitido en la plataforma de streaming Netflix<\/a>, Corinna Schumacher habl\u00f3 un poco de la situaci\u00f3n actual de su marido. Y este fin de semana fue el turno de Piero Ferrari, vicepresidente de la marca italiana e hijo del fundador, Enzo Ferrari.<\/p>\n\n\n\n<p class=\"wp-block-paragraph\">En una entrevista concedida al diario italiano La Gazzetta dello Sport, el directivo record\u00f3 las oportunidades que disfrut\u00f3 de la compa\u00f1\u00eda de Michael Schumacher y destac\u00f3 la personalidad del ex piloto alem\u00e1n.<\/p>\n\n\n\n<p class=\"wp-block-paragraph\">&#8220;Tuve el placer de tener a Schumacher como invitado en mi casa y beber juntos una botella de vino tinto. Le encantaban esos momentos de intimidad y tranquilidad&#8221;, manifest\u00f3 Piero. &#8220;Era una persona sencilla, clara y precisa. Una personalidad muy lineal&#8221;, subray\u00f3.<\/p>\n\n\n\n<p class=\"wp-block-paragraph\"><strong>\u00a1Conoce el canal de Gran Premio en&nbsp;<a href=\"https:\/\/www.youtube.com\/c\/GrandePremioTV\">YouTube<\/a>!<br>\u00a1Sigue a Gran Premio en&nbsp;<a href=\"https:\/\/twitter.com\/granpremioes\" target=\"_blank\" rel=\"noreferrer noopener\">Twitter&nbsp;<\/a>y en&nbsp;<a href=\"https:\/\/instagram.com\/granpremio_es\" target=\"_blank\" rel=\"noreferrer noopener\">Instagram<\/a>!<\/strong><\/p>\n\n\n\n<figure class=\"wp-block-image size-large\"><img decoding=\"async\" src=\"https:\/\/grandepremio.com\/es\/\/wp-content\/uploads\/2021\/10\/1500251-1-1024x683.jpg\" alt=\"\" class=\"wp-image-38310\"\/><figcaption>Piero Ferrari opin\u00f3 sobre el estado de salud de Michael Schumacher. (Foto: Ferrari)<\/figcaption><\/figure>\n\n\n\n<p class=\"wp-block-paragraph\"><\/p>\n\n\n\n<p class=\"wp-block-paragraph\">Al hablar del estado actual de Michael, Piero corrobor\u00f3 las recientes palabras de Corinna. &#8220;Lamento hablar hoy de \u00e9l como si estuviera muerto. No est\u00e1 muerto. Est\u00e1 ah\u00ed, pero no puede comunicarse&#8221;, dijo el italiano.<\/p>\n\n\n\n<p class=\"wp-block-paragraph\">En unas inusuales declaraciones sobre su marido, Corinna Schumacher habl\u00f3 recientemente sobre los sentimientos de la familia ante el estado actual de Michael.<\/p>\n\n\n\n<p class=\"wp-block-paragraph\">&#8220;Nunca culp\u00e9 a Dios por lo que pas\u00f3. Fue s\u00f3lo mala suerte, ya que podr\u00eda haberle ocurrido a cualquiera. Por supuesto, lo extra\u00f1o cada d\u00eda. Pero no soy la \u00fanica que lo hace. Los ni\u00f1os, su familia, su padre, todos alrededor. Todo el mundo lo extra\u00f1a&#8221;, expres\u00f3 su mujer durante el documental &#8220;Schumacher&#8221;.<\/p>\n\n\n\n<p class=\"wp-block-paragraph\">&#8220;Pero Michael est\u00e1 aqu\u00ed. Es diferente, pero est\u00e1 aqu\u00ed. Y eso nos da fuerza&#8221;, consider\u00f3. &#8220;Estamos juntos, vivimos juntos en casa. Est\u00e1 en tratamiento. Hacemos todo lo posible para mejorar su estado, para que est\u00e9 c\u00f3modo y para que se sienta como en familia, que haya una conexi\u00f3n&#8221;, subray\u00f3.<\/p>\n\n\n\n<figure class=\"wp-block-image size-large\"><img decoding=\"async\" src=\"https:\/\/grandepremio.com\/es\/\/wp-content\/uploads\/2021\/08\/schumi-netflix-819x1024.jpg\" alt=\"\" class=\"wp-image-33010\"\/><figcaption>Netflix estren\u00f3 un documental sobre Michael Schumacher el 15 de septiembre. (Foto: Netflix)<\/figcaption><\/figure>\n\n\n\n<p class=\"wp-block-paragraph\">Tambi\u00e9n en el documental, Corinna reforz\u00f3 las razones por las que la familia mantiene en estricto secreto el estado de Schumacher. &#8220;Michael siempre nos protegi\u00f3, ahora nosotros protegemos a Michael. Estamos viviendo nuestras vidas, &#8216;lo privado es privado&#8217;, como siempre dec\u00eda. Para m\u00ed es muy importante que pueda seguir disfrutando de su vida privada lo m\u00e1ximo posible&#8221;.<\/p>\n\n\n\n<p class=\"wp-block-paragraph\">&#8220;Pase lo que pase, har\u00e9 todo lo que pueda. Siempre lo haremos. Como familia, intentamos seguir adelante como le gustar\u00eda a Michael y como \u00e9l todav\u00eda quiere&#8221;, finaliz\u00f3 Corinna Schumacher.<\/p>\n","protected":false},"excerpt":{"rendered":"<p>Hijo de Enzo y actual vicepresidente de la marca italiana, Piero Ferrari cont\u00f3 sobre su relaci\u00f3n con Michael Schumacher y dio detalles sobre su sigiloso estado de salud.<\/p>\n","protected":false},"author":0,"featured_media":1010038312,"comment_status":"closed","ping_status":"closed","sticky":false,"template":"","format":"standard","meta":{"42wp_featured_image_caption":"","42wp_featured_image_credits":"","42wp_featured_video":"","42wp_featured_image_hidden":false,"42wp_authors_list":[],"footnotes":""},"categories":[5],"tags":[1587,181,179,188,1685],"42wp_author":[14223],"class_list":["post-25269","post","type-post","status-publish","format-standard","has-post-thumbnail","hentry","category-f1","tag-estado-de-salud-de-schumacher","tag-f1","tag-formula-1","tag-michael-schumacher","tag-piero-ferrari","42wp_author-esteban-nieto"],"_links":{"self":[{"href":"https:\/\/grandepremio.com\/es\/wp-json\/wp\/v2\/posts\/25269","targetHints":{"allow":["GET"]}}],"collection":[{"href":"https:\/\/grandepremio.com\/es\/wp-json\/wp\/v2\/posts"}],"about":[{"href":"https:\/\/grandepremio.com\/es\/wp-json\/wp\/v2\/types\/post"}],"replies":[{"embeddable":true,"href":"https:\/\/grandepremio.com\/es\/wp-json\/wp\/v2\/comments?post=25269"}],"version-history":[{"count":0,"href":"https:\/\/grandepremio.com\/es\/wp-json\/wp\/v2\/posts\/25269\/revisions"}],"wp:featuredmedia":[{"embeddable":true,"href":"https:\/\/grandepremio.com\/es\/wp-json\/wp\/v2\/media\/1010038312"}],"wp:attachment":[{"href":"https:\/\/grandepremio.com\/es\/wp-json\/wp\/v2\/media?parent=25269"}],"wp:term":[{"taxonomy":"category","embeddable":true,"href":"https:\/\/grandepremio.com\/es\/wp-json\/wp\/v2\/categories?post=25269"},{"taxonomy":"post_tag","embeddable":true,"href":"https:\/\/grandepremio.com\/es\/wp-json\/wp\/v2\/tags?post=25269"},{"taxonomy":"42wp_author","embeddable":true,"href":"https:\/\/grandepremio.com\/es\/wp-json\/wp\/v2\/42wp_author?post=25269"}],"curies":[{"name":"wp","href":"https:\/\/api.w.org\/{rel}","templated":true}]}}