{"id":25275,"date":"2021-10-02T12:34:32","date_gmt":"2021-10-02T15:34:32","guid":{"rendered":"https:\/\/grandepremio.com\/es\/2021\/10\/02\/hill-afirma-que-pasividad-de-bottas-fue-regalo-para-verstappen-en-rusia\/"},"modified":"2021-10-02T12:58:04","modified_gmt":"2021-10-02T15:58:04","slug":"hill-afirma-que-pasividad-de-bottas-fue-regalo-para-verstappen-en-rusia","status":"publish","type":"post","link":"https:\/\/grandepremio.com\/es\/f1\/hill-afirma-que-pasividad-de-bottas-fue-regalo-para-verstappen-en-rusia\/","title":{"rendered":"Hill afirma que pasividad de Bottas fue un &#8220;regalo&#8221; para Verstappen en Rusia"},"content":{"rendered":"\n<p class=\"wp-block-paragraph\">Valtteri Bottas <a href=\"https:\/\/grandepremio.com\/es\/\/f1\/alfa-romeo-confirma-a-bottas-para-sustituir-a-raikkonen-en-2022\/\">est\u00e1 en su gira de despedida de Mercedes<\/a>, pero sigue recibiendo cr\u00edticas como si estuviera luchando por un puesto en el equipo para el pr\u00f3ximo a\u00f1o. Y en su papel de protagonista en las batallas contra Red Bull, el excampe\u00f3n del mundo Damon Hill, afirm\u00f3 que el finland\u00e9s no ten\u00eda muchas ganas de desaf\u00edos en el \u00faltimo GP de Rusia.<\/p>\n\n\n\n<p class=\"wp-block-paragraph\">Hill, que actualmente es un influyente comentarista de televisi\u00f3n, se\u00f1al\u00f3 que el hecho de que Verstappen pasara de \u00faltimo a segundo en Sochi, mientras que Bottas larg\u00f3 delanto suyo y termin\u00f3 m\u00e1s atr\u00e1s, es algo a tener en cuenta. Especialmente en relaci\u00f3n al fugaz enfrentamiento entre ambos en la pista.<\/p>\n\n\n\n<p class=\"wp-block-paragraph\"><strong>\u00a1Conoce el canal de Gran Premio en\u00a0<a href=\"https:\/\/www.youtube.com\/c\/GrandePremioTV\">YouTube<\/a>!<br>\u00a1Sigue a Gran Premio en\u00a0<a href=\"https:\/\/twitter.com\/granpremioes\" target=\"_blank\" rel=\"noreferrer noopener\">Twitter\u00a0<\/a>y en\u00a0<a href=\"https:\/\/instagram.com\/granpremio_es\" target=\"_blank\" rel=\"noreferrer noopener\">Instagram<\/a>!<\/strong><\/p>\n\n\n\n<p class=\"wp-block-paragraph\"><\/p>\n\n\n\n<figure class=\"wp-block-image size-large\"><img decoding=\"async\" src=\"https:\/\/grandepremio.com\/es\/\/wp-content\/uploads\/2021\/10\/damon-hill-768x1024.jpg\" alt=\"\" class=\"wp-image-38164\"\/><figcaption>Damon Hill, campe\u00f3n de la F1 en 1996, tiene 61 a\u00f1os y es actualmente comentarista de F\u00f3rmula 1. (Foto: Twitter\/Damon Hill)<\/figcaption><\/figure>\n\n\n\n<p class=\"wp-block-paragraph\">&#8220;No se puede obviar el hecho de que Max lleg\u00f3 segundo detr\u00e1s de Lewis [Hamilton]. Y con respecto al compa\u00f1ero del que gan\u00f3 la carrera, Valtteri, esper\u00e1bamos que se defendiera un poco . Que pudiera aguantar la potestad de Mercedes contra los Red Bull y Verstappen. Pero al final parece que hizo una se\u00f1al para que lo superararan&#8221;, dijo en la cadena de televisi\u00f3n brit\u00e1nica Sky Sports.<\/p>\n\n\n\n<p class=\"wp-block-paragraph\">&#8220;No quiere problemas, no lo s\u00e9. No parece que est\u00e9 corriendo. Fue casi como un regalo para Max, algo que no es muy propio de las carreras&#8221;, dijo, ante el apoyo de su colega y tambi\u00e9n ex piloto Johnny Herbert.<\/p>\n\n\n\n<p class=\"wp-block-paragraph\">&#8220;A veces esperas un poco m\u00e1s de rendimiento por el auto en el que est\u00e1. Mercedes brinda la condici\u00f3n de ganar carreras, pero no fue as\u00ed para \u00e9l&#8221;, coment\u00f3 Herbert. &#8220;Es un poco preocupante, y lo hemos visto varias veces con Valtteri. De todos modos, va a hacer cosas mejores en el futuro, espero&#8221;, concluy\u00f3.<\/p>\n\n\n\n<p class=\"wp-block-paragraph\">La F1 contin\u00faa entre el 8 y el 10 de octubre en Estambul con el GP de Turqu\u00eda.<\/p>\n\n\n\n<p class=\"wp-block-paragraph\"><\/p>\n","protected":false},"excerpt":{"rendered":"<p>Excampe\u00f3n de la F\u00f3rmula 1 en 1996 y actual comentarista de televisi\u00f3n, el brit\u00e1nico Damon Hill fue cr\u00edtico con la labor de Valtteri Bottas durante el GP de Rusia, al no haber obstaculizado lo suficiente a Max Verstappen.<\/p>\n","protected":false},"author":0,"featured_media":1010038163,"comment_status":"closed","ping_status":"closed","sticky":false,"template":"","format":"standard","meta":{"42wp_featured_image_caption":"","42wp_featured_image_credits":"","42wp_featured_video":"","42wp_featured_image_hidden":false,"42wp_authors_list":[],"footnotes":""},"categories":[5],"tags":[962,181,179,249,197,206,252],"42wp_author":[14223],"class_list":["post-25275","post","type-post","status-publish","format-standard","has-post-thumbnail","hentry","category-f1","tag-damon-hill","tag-f1","tag-formula-1","tag-max-verstappen","tag-mercedes","tag-red-bull","tag-valtteri-bottas","42wp_author-esteban-nieto"],"_links":{"self":[{"href":"https:\/\/grandepremio.com\/es\/wp-json\/wp\/v2\/posts\/25275","targetHints":{"allow":["GET"]}}],"collection":[{"href":"https:\/\/grandepremio.com\/es\/wp-json\/wp\/v2\/posts"}],"about":[{"href":"https:\/\/grandepremio.com\/es\/wp-json\/wp\/v2\/types\/post"}],"replies":[{"embeddable":true,"href":"https:\/\/grandepremio.com\/es\/wp-json\/wp\/v2\/comments?post=25275"}],"version-history":[{"count":0,"href":"https:\/\/grandepremio.com\/es\/wp-json\/wp\/v2\/posts\/25275\/revisions"}],"wp:featuredmedia":[{"embeddable":true,"href":"https:\/\/grandepremio.com\/es\/wp-json\/wp\/v2\/media\/1010038163"}],"wp:attachment":[{"href":"https:\/\/grandepremio.com\/es\/wp-json\/wp\/v2\/media?parent=25275"}],"wp:term":[{"taxonomy":"category","embeddable":true,"href":"https:\/\/grandepremio.com\/es\/wp-json\/wp\/v2\/categories?post=25275"},{"taxonomy":"post_tag","embeddable":true,"href":"https:\/\/grandepremio.com\/es\/wp-json\/wp\/v2\/tags?post=25275"},{"taxonomy":"42wp_author","embeddable":true,"href":"https:\/\/grandepremio.com\/es\/wp-json\/wp\/v2\/42wp_author?post=25275"}],"curies":[{"name":"wp","href":"https:\/\/api.w.org\/{rel}","templated":true}]}}