{"id":25288,"date":"2021-09-30T12:16:34","date_gmt":"2021-09-30T15:16:34","guid":{"rendered":"https:\/\/grandepremio.com\/es\/2021\/09\/30\/argentina-cierra-acuerdo-con-motogp-y-permanecera-en-el-calendario-hasta-2025\/"},"modified":"2021-09-30T12:16:35","modified_gmt":"2021-09-30T15:16:35","slug":"argentina-cierra-acuerdo-con-motogp-y-permanecera-en-el-calendario-hasta-2025","status":"publish","type":"post","link":"https:\/\/grandepremio.com\/es\/motogp\/argentina-cierra-acuerdo-con-motogp-y-permanecera-en-el-calendario-hasta-2025\/","title":{"rendered":"Argentina cierra acuerdo con MotoGP y permanecer\u00e1 en el calendario hasta 2025"},"content":{"rendered":"\n<p class=\"wp-block-paragraph\">Dorna, empresa organizadora del Mundial de Motociclismo, anunci\u00f3 este jueves que el GP de Argentina continuar\u00e1 en calendario unos a\u00f1os m\u00e1s, por lo menos hasta 2025. La prueba, disputada en el circuito de Termas de R\u00edo Hondo, <a href=\"https:\/\/grandepremio.com\/es\/\/motogp\/motogp-descarta-gp-de-argentina-y-cierra-su-calendario-con-18-fechas\/\" target=\"_blank\" rel=\"noreferrer noopener\">no estuvo presente en el campeonato de MotoGP de las \u00faltimas temporadas<\/a> debido a la pandemia de Covid-19. <\/p>\n\n\n\n<p class=\"wp-block-paragraph\">El circuito argentino se estren\u00f3 en el Mundial de 2014 y fue presencia constante en el calendario hasta 2019. En 2020, debido a la pandemia del nuevo coronavirus, la categor\u00eda cancelar el viaje hacia Am\u00e9rica del Sur, as\u00ed como de otras varias pruebas previstas inicialmente. <\/p>\n\n\n\n<p class=\"wp-block-paragraph\">Este a\u00f1o, el escenario se repiti\u00f3 y Termas de R\u00edo Hondo nuevamente no recibi\u00f3 motos en la pista. En medio del camino, un incendio destruy\u00f3 buena parte del paddock y de los boxes. <\/p>\n\n\n\n<p class=\"wp-block-paragraph\">A pesar de los cambios y de la ausencia de carreras en los \u00faltimos a\u00f1os, el director Orlando Terranova est\u00e1 feliz con la continuidad de la prueba en el calendario del Mundial de Motociclismo. <\/p>\n\n\n\n<figure class=\"wp-block-image size-large\"><img decoding=\"async\" src=\"https:\/\/www.grandepremio.com\/br\/wp-content\/uploads\/2021\/09\/SI201903310463_hires_jpeg_24bit_rgb-1024x680.jpg\" alt=\"\" class=\"wp-image-513695\"\/><figcaption>Argentina no recibe las motos de MotoGP desde 2019 (Foto: Red Bull Content Pool)<\/figcaption><\/figure>\n\n\n\n<p class=\"wp-block-paragraph\"><strong>\u00a1Conoce el canal de Gran Premio en\u00a0<a href=\"https:\/\/www.youtube.com\/c\/GrandePremioTV\">YouTube<\/a>!<br>\u00a1Sigue a Gran Premio en\u00a0<a href=\"https:\/\/twitter.com\/granpremioes\" target=\"_blank\" rel=\"noreferrer noopener\">Twitter\u00a0<\/a>y en\u00a0<a href=\"https:\/\/instagram.com\/granpremio_es\" target=\"_blank\" rel=\"noreferrer noopener\">Instagram<\/a>!<\/strong><\/p>\n\n\n\n<p class=\"wp-block-paragraph\">&#8220;Estamos felices y satisfechos por la renovaci\u00f3n del acuerdo con Dorna para continuar organizando el GP de Argentina, algo que ya ha hecho desde 2014. MotoGP es un evento que nos permite mostrar nuestra capacidad para todo el mundo y ser un punto de referencia en un deporte de elite&#8221;, dijo Terranova. <\/p>\n\n\n\n<p class=\"wp-block-paragraph\">&#8220;Termas de R\u00edo Hondo nos recibir\u00e1 mejor que nunca. El circuito estar\u00e1 perfecto y todav\u00eda m\u00e1s moderno. Continuamos avanzando para ser referencia en esta parte del mundo&#8221;, sigui\u00f3. <\/p>\n\n\n\n<p class=\"wp-block-paragraph\">Carmelo Ezpeleta, jefe de Dorna, tambi\u00e9n coment\u00f3 la novedad. &#8220;El contrato de tres a\u00f1os para el GP de Argentina es una noticia fant\u00e1stica para MotoGP, mostrando una vez m\u00e1s el incre\u00edble nivel de inter\u00e9s por el deporte en todo el mundo&#8221;, afirm\u00f3. <\/p>\n\n\n\n<p class=\"wp-block-paragraph\">MotoGP vuelve a las pistas el pr\u00f3ximo 3 de octubre para el GP de las Am\u00e9ricas, en Austin, Texas. En GRANDE PR\u00caMIO seguimos todas las actividades del Mundial de Motociclismo de 2021. <\/p>\n","protected":false},"excerpt":{"rendered":"<p>El GP de Argentina continuar\u00e1 en el calendario de MotoGP hasta 2025. A pesar de cancelar las dos pasadas ediciones por Covid-19 y el incendio de boxes, el Termas de Rio Hondo volver\u00e1 el pr\u00f3ximo a\u00f1o.<\/p>\n","protected":false},"author":0,"featured_media":1010037966,"comment_status":"closed","ping_status":"closed","sticky":false,"template":"","format":"standard","meta":{"42wp_featured_image_caption":"","42wp_featured_image_credits":"","42wp_featured_video":"","42wp_featured_image_hidden":false,"42wp_authors_list":[],"footnotes":""},"categories":[8],"tags":[1388,1678,1445,1602,1293,1352,1444],"42wp_author":[14233],"class_list":["post-25288","post","type-post","status-publish","format-standard","has-post-thumbnail","hentry","category-motogp","tag-argentina","tag-dorna","tag-gp-de-argentina","tag-gp-de-argentina-motogp","tag-motogp","tag-motogp-2021","tag-termas-de-rio-hondo","42wp_author-eric-calduch"],"_links":{"self":[{"href":"https:\/\/grandepremio.com\/es\/wp-json\/wp\/v2\/posts\/25288","targetHints":{"allow":["GET"]}}],"collection":[{"href":"https:\/\/grandepremio.com\/es\/wp-json\/wp\/v2\/posts"}],"about":[{"href":"https:\/\/grandepremio.com\/es\/wp-json\/wp\/v2\/types\/post"}],"replies":[{"embeddable":true,"href":"https:\/\/grandepremio.com\/es\/wp-json\/wp\/v2\/comments?post=25288"}],"version-history":[{"count":0,"href":"https:\/\/grandepremio.com\/es\/wp-json\/wp\/v2\/posts\/25288\/revisions"}],"wp:featuredmedia":[{"embeddable":true,"href":"https:\/\/grandepremio.com\/es\/wp-json\/wp\/v2\/media\/1010037966"}],"wp:attachment":[{"href":"https:\/\/grandepremio.com\/es\/wp-json\/wp\/v2\/media?parent=25288"}],"wp:term":[{"taxonomy":"category","embeddable":true,"href":"https:\/\/grandepremio.com\/es\/wp-json\/wp\/v2\/categories?post=25288"},{"taxonomy":"post_tag","embeddable":true,"href":"https:\/\/grandepremio.com\/es\/wp-json\/wp\/v2\/tags?post=25288"},{"taxonomy":"42wp_author","embeddable":true,"href":"https:\/\/grandepremio.com\/es\/wp-json\/wp\/v2\/42wp_author?post=25288"}],"curies":[{"name":"wp","href":"https:\/\/api.w.org\/{rel}","templated":true}]}}