{"id":25339,"date":"2021-09-24T16:37:28","date_gmt":"2021-09-24T19:37:28","guid":{"rendered":"https:\/\/grandepremio.com\/es\/2021\/09\/24\/grosjean-cierra-acuerdo-plurianual-con-andretti-y-continuara-en-la-indy\/"},"modified":"2021-09-24T16:45:10","modified_gmt":"2021-09-24T19:45:10","slug":"grosjean-cierra-acuerdo-plurianual-con-andretti-y-continuara-en-la-indy","status":"publish","type":"post","link":"https:\/\/grandepremio.com\/es\/indy\/grosjean-cierra-acuerdo-plurianual-con-andretti-y-continuara-en-la-indy\/","title":{"rendered":"Grosjean cierra acuerdo plurianual con Andretti y continuar\u00e1 en la Indy en 2022"},"content":{"rendered":"\n<p class=\"wp-block-paragraph\">Romain Grosjean correr\u00e1 con Andretti en la temporada 2022 de la Indy. El esperado anuncio lleg\u00f3 este viernes, con la revelaci\u00f3n de que el franc\u00e9s firm\u00f3 un acuerdo de varios a\u00f1os con el equipo de Michael Andretti. De esta forma, ser\u00e1 piloto del auto #28, que perteneci\u00f3 durante muchos a\u00f1os a Ryan Hunter-Reay.<\/p>\n\n\n\n<p class=\"wp-block-paragraph\">Hace unas semanas, Hunter-Reay hab\u00eda anticipado y declarado que no seguir\u00eda en el equipo en el pr\u00f3ximo a\u00f1o. La confirmaci\u00f3n de Grosjean tambi\u00e9n viene acompa\u00f1ada de la renovaci\u00f3n con DHL, el principal patrocinador del auto. As\u00ed, se vislumbra que Romain tendr\u00e1 un auto amarillo y rojo a partir de 2022.<\/p>\n\n\n\n<p class=\"wp-block-paragraph\"><strong>\u00a1Conoce el canal de Gran Premio en\u00a0<a href=\"https:\/\/www.youtube.com\/c\/GrandePremioTV\">YouTube<\/a>!<br>\u00a1Sigue a Gran Premio en\u00a0<a href=\"https:\/\/twitter.com\/granpremioes\" target=\"_blank\" rel=\"noreferrer noopener\">Twitter\u00a0<\/a>y en\u00a0<a href=\"https:\/\/instagram.com\/granpremio_es\" target=\"_blank\" rel=\"noreferrer noopener\">Instagram<\/a>!<\/strong><\/p>\n\n\n\n<p class=\"wp-block-paragraph\">&#8220;Estoy muy contento de ir a Andretti y correr el auto #28 el pr\u00f3ximo a\u00f1o. Es un gran honor estar en un equipo de semejante calibre, un nombre tan conocido en el automovilismo mundial. Estoy muy contento y orgulloso de ser su nuevo piloto. Espero que tengamos muchos \u00e9xitos juntos, ese es el objetivo de todos. Tambi\u00e9n me gustar\u00eda dar las gracias a Dale Coyne por darme la oportunidad de correr en la Indy. Me gust\u00f3 mucho la oportunidad y me ayud\u00f3 a llegar a uno de los mejores equipos del mundo&#8221;, dijo el piloto.<\/p>\n\n\n\n<p class=\"wp-block-paragraph\">&#8220;Estamos muy contentos de darle la bienvenida a Romain por parte de la familia Andretti. Ya ten\u00eda grandes logros antes de llegar a la Indy, pero ver su temporada de novato fue algo bastante incre\u00edble, por decir algo. Sus vastos conocimientos del automovilismo nos ayudar\u00e1n en la fuerte alineaci\u00f3n que tendremos para 2022&#8221;, coment\u00f3 Michael Andretti.<\/p>\n\n\n\n<figure class=\"wp-block-image size-large\"><img decoding=\"async\" src=\"https:\/\/grandepremio.com\/es\/\/wp-content\/uploads\/2021\/09\/grosjean2-1024x683.jpg\" alt=\"\" class=\"wp-image-37071\"\/><figcaption>Romain Grosjean viene de lograr un podio en Laguna Seca con el equipo Dale Coyne. (Foto: IndyCar)<\/figcaption><\/figure>\n\n\n\n<p class=\"wp-block-paragraph\">Andretti buscar\u00e1 volver a ser campe\u00f3n de la IndyCar, algo que no ocurre desde 2012, cuando el propio Hunter-Reay levant\u00f3 el trofeo. Desde entonces, el equipo gan\u00f3 tres Indy 500, con Hunter-Reay, Rossi y Takuma Sato, adem\u00e1s de haber luchado por los t\u00edtulos.<\/p>\n\n\n\n<p class=\"wp-block-paragraph\">La \u00faltima de las cuatro plazas del equipo para 2022, que ya cuenta con <a href=\"https:\/\/grandepremio.com\/es\/\/indy\/herta-vence-en-laguna-seca-palou-es-2-y-se-acerca-al-titulo-de-la-indy\/\">Colton Herta<\/a>, Alexander Rossi y Grosjean, seg\u00fan la revista North American Racer, ser\u00eda para Devlin DeFrancesco, actualmente sexto en la Indy Lights con Andretti y manteniendo la relaci\u00f3n con Honda Canad\u00e1.<\/p>\n\n\n\n<p class=\"wp-block-paragraph\">Grosjean tuvo un primer a\u00f1o absolutamente brillante en Indy. Incluso con tres carreras menos, el franco-suizo todav\u00eda puede ganar el trofeo de novato del a\u00f1o y hasta ahora logr\u00f3 tres podios y una pole, demostrando una adaptaci\u00f3n muy r\u00e1pida, especialmente en circuitos mixtos.<\/p>\n","protected":false},"excerpt":{"rendered":"<p>Luego de descollar en su primera temporada en la Indy como piloto del equipo Dale Coyne, Romain Grosjean sell\u00f3 su traspaso a Andretti para 2022, una de las escuder\u00edas m\u00e1s fuertes de la categor\u00eda.<\/p>\n","protected":false},"author":0,"featured_media":1010037072,"comment_status":"closed","ping_status":"closed","sticky":false,"template":"","format":"standard","meta":{"42wp_featured_image_caption":"","42wp_featured_image_credits":"","42wp_featured_video":"","42wp_featured_image_hidden":false,"42wp_authors_list":[],"footnotes":""},"categories":[7],"tags":[323,925,920,207,1319],"42wp_author":[14223],"class_list":["post-25339","post","type-post","status-publish","format-standard","has-post-thumbnail","hentry","category-indy","tag-andretti-autosports","tag-indy","tag-michael-andretti","tag-romain-grosjean","tag-ryan-hunter-reay","42wp_author-esteban-nieto"],"_links":{"self":[{"href":"https:\/\/grandepremio.com\/es\/wp-json\/wp\/v2\/posts\/25339","targetHints":{"allow":["GET"]}}],"collection":[{"href":"https:\/\/grandepremio.com\/es\/wp-json\/wp\/v2\/posts"}],"about":[{"href":"https:\/\/grandepremio.com\/es\/wp-json\/wp\/v2\/types\/post"}],"replies":[{"embeddable":true,"href":"https:\/\/grandepremio.com\/es\/wp-json\/wp\/v2\/comments?post=25339"}],"version-history":[{"count":0,"href":"https:\/\/grandepremio.com\/es\/wp-json\/wp\/v2\/posts\/25339\/revisions"}],"wp:featuredmedia":[{"embeddable":true,"href":"https:\/\/grandepremio.com\/es\/wp-json\/wp\/v2\/media\/1010037072"}],"wp:attachment":[{"href":"https:\/\/grandepremio.com\/es\/wp-json\/wp\/v2\/media?parent=25339"}],"wp:term":[{"taxonomy":"category","embeddable":true,"href":"https:\/\/grandepremio.com\/es\/wp-json\/wp\/v2\/categories?post=25339"},{"taxonomy":"post_tag","embeddable":true,"href":"https:\/\/grandepremio.com\/es\/wp-json\/wp\/v2\/tags?post=25339"},{"taxonomy":"42wp_author","embeddable":true,"href":"https:\/\/grandepremio.com\/es\/wp-json\/wp\/v2\/42wp_author?post=25339"}],"curies":[{"name":"wp","href":"https:\/\/api.w.org\/{rel}","templated":true}]}}