{"id":25410,"date":"2021-09-14T14:16:04","date_gmt":"2021-09-14T17:16:04","guid":{"rendered":"https:\/\/grandepremio.com\/es\/2021\/09\/14\/verstappen-explica-por-que-no-paro-para-ver-hamilton-luego-del-incidente\/"},"modified":"2021-09-14T14:30:31","modified_gmt":"2021-09-14T17:30:31","slug":"verstappen-explica-por-que-no-paro-para-ver-hamilton-luego-del-incidente","status":"publish","type":"post","link":"https:\/\/grandepremio.com\/es\/f1\/verstappen-explica-por-que-no-paro-para-ver-hamilton-luego-del-incidente\/","title":{"rendered":"Verstappen explica por que no par\u00f3 para ver Hamilton luego del incidente en Italia"},"content":{"rendered":"\n<p class=\"wp-block-paragraph\"><a href=\"https:\/\/grandepremio.com\/es\/\/f1\/verstappen-y-hamilton-se-tocan-en-chicana-y-abandonan-el-gp-de-italia\/\">Durante el incidente entre Max Verstappen y Lewis Hamilton en el GP de Italia<\/a>, llam\u00f3 la atenci\u00f3n la postura del holand\u00e9s al bajar del auto y pasar directamente junto al Mercedes sin mostrar preocupaci\u00f3n por su rival. Hamilton fue golpeado por la rueda trasera del Red Bull, pero no sufri\u00f3 consecuencias m\u00e1s graves gracias al halo. <a href=\"https:\/\/grandepremio.com\/es\/\/f1\/hamilton-atonito-con-verstappen-por-su-actitud-tras-el-incidente-en-monza\/\">Frente a esto, Lewis dijo estar sorprendido por la frialdad que mostr\u00f3 su adversario.<\/a><\/p>\n\n\n\n<p class=\"wp-block-paragraph\">Sin embargo, Verstappen entiende que no hay lugar a la pol\u00e9mica. Seg\u00fan \u00e9l, Hamilton se mov\u00eda dentro del Mercedes en ese momento. &#8220;Lewis estaba bien. Todav\u00eda estaba tratando de dar marcha atr\u00e1s cuando yo ya estaba afuera del auto. Cuando no est\u00e1s bien, no lo haces&#8221;, manifest\u00f3 el piloto de Red Bull en una entrevista publicada por el sitio web holand\u00e9s RacingNews365.<\/p>\n\n\n\n<p class=\"wp-block-paragraph\"><strong>\u00a1Conoce el canal de Gran Premio en\u00a0<a href=\"https:\/\/www.youtube.com\/c\/GrandePremioTV\">YouTube<\/a>!<br>\u00a1Sigue a Gran Premio en\u00a0<a href=\"https:\/\/twitter.com\/granpremioes\" target=\"_blank\" rel=\"noreferrer noopener\">Twitter\u00a0<\/a>y en\u00a0<a href=\"https:\/\/instagram.com\/granpremio_es\" target=\"_blank\" rel=\"noreferrer noopener\">Instagram<\/a>!<\/strong><\/p>\n\n\n\n<figure class=\"wp-block-video\"><video class=\"video-js vjs-big-play-centered\" data-gp-vjs=\"1\" controls src=\"https:\/\/www.grandepremio.com\/br\/wp-content\/uploads\/2021\/09\/Lewis-Hamilton-Crash-Max-Verstappen-Italian-GP-F1-2021-Race.mp4\"><\/video><figcaption>El inicidente entre Lewis Hamilton y Max Verstappen en el GP de Italia: El Red Bull qued\u00f3 montado sobre el auto de Mercedes (Video: F1)<\/figcaption><\/figure>\n\n\n\n<p class=\"wp-block-paragraph\">&#8220;Estoy decepcionado. Esperaba un buen resultado. Pero ya dimos vuelta la p\u00e1gina&#8221;, se lament\u00f3 Max, que reconoci\u00f3 que el episodio fue una oportunidad perdida de sumar puntos importantes para el campeonato.<\/p>\n\n\n\n<p class=\"wp-block-paragraph\">Verstappen consider\u00f3 que Hamilton jug\u00f3 demasiado fuerte en la entrada de la chicana de la curva 1, pero clasific\u00f3 la situaci\u00f3n en s\u00ed como un incidente de carrera. Por esto mismo, no estuvo de acuerdo con la sanci\u00f3n que le impusieron  los comisarios de la FIA. Por este motivo, Max perder\u00e1 tres posiciones en la grilla de largada del pr\u00f3ximo GP de Rusia del 26 de septiembre.<\/p>\n\n\n\n<figure class=\"wp-block-video\"><video class=\"video-js vjs-big-play-centered\" data-gp-vjs=\"1\" controls src=\"https:\/\/www.grandepremio.com\/br\/wp-content\/uploads\/2021\/09\/Hamilton-Verstappen-acidente-camera-360.mp4\"><\/video><figcaption>C\u00e1mara 360 en el auto de Hamilton muestra c\u00f3mo el auto de Verstappen le pas\u00f3 por encima. (Video: F1)<\/figcaption><\/figure>\n\n\n\n<p class=\"wp-block-paragraph\">&#8220;Cuando \u00e9l [Hamilton] sali\u00f3 de boxes empez\u00f3 a apretarme en la entrada de la curva 1, as\u00ed que tuve que usar la parte verde [sin agarre] de la pista. Estaba muy apretado, pero hab\u00eda espacio para ir por fuera, y tuve que ir por ese sector&#8221;, detall\u00f3. &#8220;No estoy totalmente de acuerdo con la sanci\u00f3n porque creo que fue un incidente de carrera. Es una pena lo que ha pasado, pero somos dos profesionales y seguiremos adelante&#8221;, a\u00f1adi\u00f3 el l\u00edder del Mundial de Pilotos.<\/p>\n\n\n\n<p class=\"wp-block-paragraph\">La actitud de Max disgust\u00f3, por ejemplo, a Jackie Stewart. En una entrevista con el peri\u00f3dico brit\u00e1nico Daily Mail, <a href=\"https:\/\/grandepremio.com\/es\/\/f1\/stewart-critica-a-verstappen-por-incidente-esta-tardando-en-madurar\/\">el tricampe\u00f3n del mundo habl\u00f3 de la falta de madurez del holand\u00e9s.<\/a><\/p>\n\n\n\n<figure class=\"wp-block-image size-large\"><img decoding=\"async\" src=\"https:\/\/grandepremio.com\/es\/\/wp-content\/uploads\/2021\/09\/stewart.jpg\" alt=\"\" class=\"wp-image-35923\"\/><figcaption>Jackie Stewart, legendario tricampe\u00f3n de la F1, critic\u00f3 a Max Verstappen. (Foto: Rodrigo Berton\/Grande Premio)<\/figcaption><\/figure>\n\n\n\n<p class=\"wp-block-paragraph\">&#8220;Verstappen est\u00e1 tardando demasiado en madurar, ni siquiera fue a ver como estaba Hamilton. Realmente no entiendo c\u00f3mo no lo hizo cuando reci\u00e9n acababa de montar su auto encima del Mercedes. A\u00fan m\u00e1s cuando el otro piloto estaba en su cockpit y estuvo all\u00ed durante mucho tiempo antes de salir. Max tiene mucho que aprender. \u00bfPero a qui\u00e9n va a escuchar?&#8221;, expres\u00f3 el tricampe\u00f3n de la F\u00f3rmula 1 en 1969, 1971 y 1973. <\/p>\n\n\n\n<p class=\"wp-block-paragraph\">&#8220;Es muy, muy bueno. Probablemente sea el piloto m\u00e1s r\u00e1pido de la parrilla en este momento. Pero para ser un verdadero campe\u00f3n no puedes estar involucrado en choques todo el tiempo. Si yo fuera el director del equipo, dir\u00eda: &#8216;Por el amor de Dios, no vuelvas a hacer eso&#8217;. El hecho de ser l\u00edder del campeonato no significa que seas a prueba de balas&#8221;, cerr\u00f3 Stewart.<\/p>\n","protected":false},"excerpt":{"rendered":"<p>Max Verstappen rompi\u00f3 el silencio tras ser criticado por indiferente tras su incidente con Lewis Hamilton en el GP de Italia. Seg\u00fan el holand\u00e9s, \u00e9l se despreocup\u00f3 por la salud de su rival al ver que intentaba hacer marcha atr\u00e1s.<\/p>\n","protected":false},"author":0,"featured_media":1010035932,"comment_status":"closed","ping_status":"closed","sticky":false,"template":"","format":"standard","meta":{"42wp_featured_image_caption":"","42wp_featured_image_credits":"","42wp_featured_video":"","42wp_featured_image_hidden":false,"42wp_authors_list":[],"footnotes":""},"categories":[5],"tags":[1604,181,179,673,199,249,197,206],"42wp_author":[14223],"class_list":["post-25410","post","type-post","status-publish","format-standard","has-post-thumbnail","hentry","category-f1","tag-accidente-de-lewis-hamilton-y-max-verstappen","tag-f1","tag-formula-1","tag-gp-de-italia","tag-lewis-hamilton","tag-max-verstappen","tag-mercedes","tag-red-bull","42wp_author-esteban-nieto"],"_links":{"self":[{"href":"https:\/\/grandepremio.com\/es\/wp-json\/wp\/v2\/posts\/25410","targetHints":{"allow":["GET"]}}],"collection":[{"href":"https:\/\/grandepremio.com\/es\/wp-json\/wp\/v2\/posts"}],"about":[{"href":"https:\/\/grandepremio.com\/es\/wp-json\/wp\/v2\/types\/post"}],"replies":[{"embeddable":true,"href":"https:\/\/grandepremio.com\/es\/wp-json\/wp\/v2\/comments?post=25410"}],"version-history":[{"count":0,"href":"https:\/\/grandepremio.com\/es\/wp-json\/wp\/v2\/posts\/25410\/revisions"}],"wp:featuredmedia":[{"embeddable":true,"href":"https:\/\/grandepremio.com\/es\/wp-json\/wp\/v2\/media\/1010035932"}],"wp:attachment":[{"href":"https:\/\/grandepremio.com\/es\/wp-json\/wp\/v2\/media?parent=25410"}],"wp:term":[{"taxonomy":"category","embeddable":true,"href":"https:\/\/grandepremio.com\/es\/wp-json\/wp\/v2\/categories?post=25410"},{"taxonomy":"post_tag","embeddable":true,"href":"https:\/\/grandepremio.com\/es\/wp-json\/wp\/v2\/tags?post=25410"},{"taxonomy":"42wp_author","embeddable":true,"href":"https:\/\/grandepremio.com\/es\/wp-json\/wp\/v2\/42wp_author?post=25410"}],"curies":[{"name":"wp","href":"https:\/\/api.w.org\/{rel}","templated":true}]}}