{"id":25436,"date":"2021-09-11T15:09:12","date_gmt":"2021-09-11T18:09:12","guid":{"rendered":"https:\/\/grandepremio.com\/es\/2021\/09\/11\/mercedes-senala-que-hamilton-se-durmio-en-la-largada-del-sprint-en-italia\/"},"modified":"2021-09-11T15:09:14","modified_gmt":"2021-09-11T18:09:14","slug":"mercedes-senala-que-hamilton-se-durmio-en-la-largada-del-sprint-en-italia","status":"publish","type":"post","link":"https:\/\/grandepremio.com\/es\/f1\/mercedes-senala-que-hamilton-se-durmio-en-la-largada-del-sprint-en-italia\/","title":{"rendered":"Mercedes apunta que Hamilton &#8220;se durmi\u00f3&#8221; en la largada del sprint en Monza"},"content":{"rendered":"\n<p class=\"wp-block-paragraph\">Este s\u00e1bado fue uno de los m\u00e1s frustrantes para Mercedes. El equipo alem\u00e1n parec\u00eda tener el auto m\u00e1s r\u00e1pido en Monza, pero se enfrenta a la posibilidad real de terminar el GP de Italia perdiendo m\u00e1s puntos que Red Bull. Todo como consecuencia <a href=\"https:\/\/grandepremio.com\/es\/\/f1\/bottas-vence-sprint-pero-hamilton-erra-y-verstappen-es-poleman-en-italia\/\">de un sprint<\/a> en el que, seg\u00fan palabras del jefe Toto Wolff, Lewis Hamilton &#8220;simplemente se durmi\u00f3&#8221; en la largada.<\/p>\n\n\n\n<p class=\"wp-block-paragraph\">Hamilton cay\u00f3 del segundo al quinto puesto en las primeras curvas y no recuper\u00f3 terreno, <a href=\"https:\/\/grandepremio.com\/es\/\/f1\/mercedes-cambia-motor-y-bottas-debera-largar-ultimo-en-el-gp-de-italia\/\">aunque saldr\u00e1 cuarto tras la sanci\u00f3n a Valtteri Bottas<\/a>. Pero no son tan buenas noticias, ya que el rev\u00e9s del finland\u00e9s deja a Max Verstappen en la pole position. <\/p>\n\n\n\n<p class=\"wp-block-paragraph\"><strong>\u00a1Conoce el canal de Gran Premio en\u00a0<a href=\"https:\/\/www.youtube.com\/c\/GrandePremioTV\">YouTube<\/a>!<br>\u00a1Sigue a Gran Premio en\u00a0<a href=\"https:\/\/twitter.com\/granpremioes\" target=\"_blank\" rel=\"noreferrer noopener\">Twitter\u00a0<\/a>y en\u00a0<a href=\"https:\/\/instagram.com\/granpremio_es\" target=\"_blank\" rel=\"noreferrer noopener\">Instagram<\/a>!<\/strong><\/p>\n\n\n\n<figure class=\"wp-block-image size-large\"><img decoding=\"async\" src=\"https:\/\/grandepremio.com\/es\/\/wp-content\/uploads\/2021\/09\/M280746-1024x620.jpg\" alt=\"\" class=\"wp-image-35486\"\/><figcaption>Lewis Hamilton no tuvo un buen desempe\u00f1o en el sprint. (Foto: Mercedes\/Jiri Krenek)<\/figcaption><\/figure>\n\n\n\n<p class=\"wp-block-paragraph\">&#8220;Las cosas no funcionaron&#8221;, lament\u00f3 Wolff, entrevistado por la televisi\u00f3n austr\u00edaca ORF. &#8220;Lo positivo es que Valtteri hizo una gran carrera y una muy buena largada. Lo malo es que el otro auto [Hamilton] obr\u00f3 exactamente al contrario. Se durmi\u00f3 en la salida, simplemente tard\u00f3 demasiado con el embrague. Muy inusual en \u00e9l&#8221;, continu\u00f3.<\/p>\n\n\n\n<p class=\"wp-block-paragraph\">&#8220;Max consigui\u00f3 dos puntos y sale desde la pole position, Lewis no consigui\u00f3 ninguno. Puede que regalemos 10 puntos este fin de semana, pero nada est\u00e1 perdido&#8221;, reflexion\u00f3.<\/p>\n\n\n\n<p class=\"wp-block-paragraph\">Hamilton, que admiti\u00f3 el error al comienzo de la carrera sprint, hizo una predicci\u00f3n similar a la de Wolff. El brit\u00e1nico cree que Verstappen tendr\u00e1 una victoria f\u00e1cil, en gran parte por los dos McLaren que est\u00e1n en el medio. Lewis estuvo encajonado detr\u00e1s de Lando Norris durante toda la competencia, sin reacci\u00f3n alguna. La misi\u00f3n no es m\u00e1s dif\u00edcil que la de Valtteri Bottas, sancionado por cambiar los componentes del motor, que largar\u00e1 desde la \u00faltima posici\u00f3n.<\/p>\n","protected":false},"excerpt":{"rendered":"<p>Toto Wolff lament\u00f3 el error de Lewis Hamilton en la largada de la carrera clasificatoria del GP de Italia, y para este domingo el candidato para la victoria del jefe de equipo es el holand\u00e9s Max Verstappen.<\/p>\n","protected":false},"author":0,"featured_media":1010035496,"comment_status":"closed","ping_status":"closed","sticky":false,"template":"","format":"standard","meta":{"42wp_featured_image_caption":"","42wp_featured_image_credits":"","42wp_featured_video":"","42wp_featured_image_hidden":false,"42wp_authors_list":[],"footnotes":""},"categories":[5],"tags":[1525,1545,181,179,673,199,249,1441,569,252],"42wp_author":[14223],"class_list":["post-25436","post","type-post","status-publish","format-standard","has-post-thumbnail","hentry","category-f1","tag-carrera-clasificatoria","tag-carrera-sprint","tag-f1","tag-formula-1","tag-gp-de-italia","tag-lewis-hamilton","tag-max-verstappen","tag-sprint","tag-toto-wolff","tag-valtteri-bottas","42wp_author-esteban-nieto"],"_links":{"self":[{"href":"https:\/\/grandepremio.com\/es\/wp-json\/wp\/v2\/posts\/25436","targetHints":{"allow":["GET"]}}],"collection":[{"href":"https:\/\/grandepremio.com\/es\/wp-json\/wp\/v2\/posts"}],"about":[{"href":"https:\/\/grandepremio.com\/es\/wp-json\/wp\/v2\/types\/post"}],"replies":[{"embeddable":true,"href":"https:\/\/grandepremio.com\/es\/wp-json\/wp\/v2\/comments?post=25436"}],"version-history":[{"count":0,"href":"https:\/\/grandepremio.com\/es\/wp-json\/wp\/v2\/posts\/25436\/revisions"}],"wp:featuredmedia":[{"embeddable":true,"href":"https:\/\/grandepremio.com\/es\/wp-json\/wp\/v2\/media\/1010035496"}],"wp:attachment":[{"href":"https:\/\/grandepremio.com\/es\/wp-json\/wp\/v2\/media?parent=25436"}],"wp:term":[{"taxonomy":"category","embeddable":true,"href":"https:\/\/grandepremio.com\/es\/wp-json\/wp\/v2\/categories?post=25436"},{"taxonomy":"post_tag","embeddable":true,"href":"https:\/\/grandepremio.com\/es\/wp-json\/wp\/v2\/tags?post=25436"},{"taxonomy":"42wp_author","embeddable":true,"href":"https:\/\/grandepremio.com\/es\/wp-json\/wp\/v2\/42wp_author?post=25436"}],"curies":[{"name":"wp","href":"https:\/\/api.w.org\/{rel}","templated":true}]}}