{"id":25457,"date":"2021-09-10T12:05:41","date_gmt":"2021-09-10T15:05:41","guid":{"rendered":"https:\/\/grandepremio.com\/es\/2021\/09\/10\/miller-supera-aleix-espargaro-y-lidera-los-libres-2-de-motogp-en-aragon\/"},"modified":"2021-09-10T14:58:17","modified_gmt":"2021-09-10T17:58:17","slug":"miller-supera-aleix-espargaro-y-lidera-los-libres-2-de-motogp-en-aragon","status":"publish","type":"post","link":"https:\/\/grandepremio.com\/es\/motogp\/miller-supera-aleix-espargaro-y-lidera-los-libres-2-de-motogp-en-aragon\/","title":{"rendered":"Miller supera Aleix Espargar\u00f3 y lidera segunda pr\u00e1ctica del MotoGP en Arag\u00f3n"},"content":{"rendered":"\n<p class=\"wp-block-paragraph\">Los segundos entrenamientos de MotoGP en el circuito de MotorLand, en Alca\u00f1iz, tuvieron una hoja de tiempos bastante inesperada. Con un 1:47.613, Jack Miller coloc\u00f3 la Ducati al frente de la sesi\u00f3n de este viernes en Arag\u00f3n, dos d\u00e9cimas mejor que Aleix Espargar\u00f3, el segundo colocado. Para completar la sorprendente clasificaci\u00f3n, el tercero fue Cal Crutchlow. <\/p>\n\n\n\n<p class=\"wp-block-paragraph\">Johann Zarco aprovech\u00f3 la \u00faltima de las 18 vueltas para alcanzar el cuarto mejor tiempo, seguido por Jorge Mart\u00edn y Francesco Bagnaia. El l\u00edder del Mundial, Fabio Quartararo hizo su mejor vuelta en 1:48.034 y se qued\u00f3 en el s\u00e9ptimo, cuatro d\u00e9cimas por detr\u00e1s del l\u00edder. <\/p>\n\n\n\n<p class=\"wp-block-paragraph\">Takaaki Nakagami lider\u00f3 parte de la sesi\u00f3n, pero acab\u00f3 en el octavo frente a Enea Bastianini. Pol Espargar\u00f3 completa la lista de los doce mejores seguido por \u00c0lex Rins y Brad Binder. <\/p>\n\n\n\n<p class=\"wp-block-paragraph\"><strong>\u00a1Conoce el canal de Gran Premio en&nbsp;<a href=\"https:\/\/www.youtube.com\/c\/GrandePremioTV\">YouTube<\/a>!<br>\u00a1Sigue a Gran Premio en&nbsp;<a href=\"https:\/\/twitter.com\/granpremioes\" target=\"_blank\" rel=\"noreferrer noopener\">Twitter&nbsp;<\/a>y en&nbsp;<a href=\"https:\/\/instagram.com\/granpremio_es\" target=\"_blank\" rel=\"noreferrer noopener\">Instagram<\/a>!<\/strong><\/p>\n\n\n\n<figure class=\"wp-block-image size-large\"><img decoding=\"async\" src=\"https:\/\/grandepremio.com\/es\/\/wp-content\/uploads\/2021\/09\/Jack_A1X9000_UC313259_High-1024x683-1.jpg\" alt=\"\" class=\"wp-image-35179\"\/><figcaption>Jack Miller hizo los tiempos m\u00e1s r\u00e1pidos del d\u00eda con la Ducati. (Foto: Divulgaci\u00f3n \/ MotoGP)<\/figcaption><\/figure>\n\n\n\n<p class=\"wp-block-paragraph\">El due\u00f1o del hist\u00f3rico m\u00e1s exitoso en Arag\u00f3n, Marc M\u00e1rquez, sufri\u00f3 una ca\u00edda en la curva 16 a mitad de sesi\u00f3n y no logr\u00f3 mejorar sus registros. El espa\u00f1ol termin\u00f3 20\u00ba, m\u00e1s de un segundo por detr\u00e1s de Miller, <a href=\"https:\/\/grandepremio.com\/es\/\/motogp\/marquez-lidera-primer-ensayo-en-aragon-vinales-debuta-19-con-aprilia\/\" target=\"_blank\" rel=\"noreferrer noopener\">tras liderar la sesi\u00f3n matutina en los Libres 1.<\/a> Unas mil\u00e9simas por delante termin\u00f3 Maverick Vi\u00f1ales, que fue 19\u00ba con la Aprilia. <\/p>\n\n\n\n<p class=\"wp-block-paragraph\">La arrancada del GP de Arag\u00f3n de MotoGP est\u00e1 marcada para las 14h del domingo, hora local. En <strong>GRAN PREMIO<\/strong> seguiremos todas las actividades del Mundial de Motociclismo de este 2021. <\/p>\n\n\n\n<h3 class=\"wp-block-heading\">\u00bfC\u00f3mo fue el segundo entrenamiento libre del GP de Arag\u00f3n de MotoGP?<\/h3>\n\n\n\n<p class=\"wp-block-paragraph\">Tal y como sucedi\u00f3 m\u00e1s pronto, MotoGP se encontr\u00f3 sol y calor en los segundos libres del d\u00eda en Alca\u00f1iz. Antes del inicio de la \u00faltima jornada del d\u00eda, los term\u00f3metros se enfilaban hasta los 27\u00baC, con el asfalto llegando a los 44\u00baC.<\/p>\n\n\n\n<p class=\"wp-block-paragraph\">Con un 1:50.039, Miguel Oliveira abri\u00f3 la sesi\u00f3n al frente de la tabla de tiempos, dos d\u00e9cimas mejor que Quartararo. Poco despu\u00e9s, Joan Mir cogi\u00f3 el liderato, pero se qued\u00f3 a muy poca distancia por delante. <\/p>\n\n\n\n<p class=\"wp-block-paragraph\">Pilotando con un neum\u00e1tico trasero blando, Oliveira hizo un 1:48.623 y recuper\u00f3 el liderato, seis d\u00e9cimas mejor que Nakagami. Aleix Espargar\u00f3 subi\u00f3 al tercero, frente a Bagnaia y Martin. Quartararo aceler\u00f3 el paso y salt\u00f3 al sagundo lugar, reduciendo el margen con el de KTM hasta las dos d\u00e9cimas de diferencia. <\/p>\n\n\n\n<p class=\"wp-block-paragraph\">En una sesi\u00f3n donde varios pilotos ten\u00edan un neum\u00e1tico trasero duro, Bagnaia anot\u00f3 un 1:48.616 en la cuarta vuelta de esta tarde para rebajar la diferencia de Oliveria, qued\u00e1ndose 7 mil\u00e9simas m\u00e1s lento. Martin era tercero, frente a Quartararo y Brad Binder. <\/p>\n\n\n\n<p class=\"wp-block-paragraph\">Todav\u00eda al inicio de la sesi\u00f3n, Marc sufri\u00f3 una ca\u00edda en la curva 16. El espa\u00f1ol sali\u00f3 ileso pero furioso por haber ca\u00eddo, ya que ven\u00eda enganchado a su hermano y necesit\u00f3 salir de la l\u00ednea para evitar tocar la parte trasera de \u00c1lex. 22\u00ba, Marc ven\u00eda con mejores parciales, pero acab\u00f3 con la RC213V destru\u00edda. <\/p>\n\n\n\n<figure class=\"wp-block-video\"><video class=\"video-js vjs-big-play-centered\" data-gp-vjs=\"1\" controls src=\"https:\/\/www.grandepremio.com\/br\/wp-content\/uploads\/2021\/09\/MotoGP-2021-Aragao-MotorLand-TL2-Marc-Marquez-Alex-Marquez.mp4\"><\/video><figcaption>Marc M\u00e1rquez sufri\u00f3 una ca\u00edda cuando rodaba detr\u00e1s de su hermano \u00c1lex (V\u00eddeo: MotoGP)<\/figcaption><\/figure>\n\n\n\n<p class=\"wp-block-paragraph\">Mientras Marc volv\u00eda a boxes, Nakagami hizo un 1:48.574 y asum\u00eda el liderato, 49 mil\u00e9simas mejor que Oliveira. Bagnaia, adem\u00e1s, cay\u00f3 en la curva 5 pero sin mayores consecuencias. <\/p>\n\n\n\n<p class=\"wp-block-paragraph\">Pasados los primeros 20 minutos del entrenamiento, Nakagami estaba al frente, con Oliveira, Quartararo, Aleix Espargar\u00f3, Rins, Pol, \u00c1lex M\u00e1rquez, Bagnaia, Martin y Lecuona. <\/p>\n\n\n\n<p class=\"wp-block-paragraph\">Poco despu\u00e9s, Vi\u00f1ales tuvo un buen susto al pasar por encima de un piano con la rueda delantera en la \u00faltima curva. A pesar de la sacudida, el piloto logr\u00f3 mantenerse encima de la moto. <\/p>\n\n\n\n<p class=\"wp-block-paragraph\">De vuelta a la pista, Marc lleg\u00f3 a hacer un 1:48.827 y asumi\u00f3 el quinto puesto, dos d\u00e9cimas por detr\u00e1s de Nakagami, qui\u00e9n segu\u00eda liderando. El espa\u00f1ol ten\u00eda neum\u00e1ticos duros en la parte trasera de la RCV, igual que la mayor\u00eda de pilotos de la parrilla en ese momento. <\/p>\n\n\n\n<figure class=\"wp-block-video\"><video class=\"video-js vjs-big-play-centered\" data-gp-vjs=\"1\" controls src=\"https:\/\/www.grandepremio.com\/br\/wp-content\/uploads\/2021\/09\/MotoGP-2021-Aragao-MotorLand-TL2-Maverick-Vinales.mp4\"><\/video><figcaption>Maverick Vi\u00f1ales se llev\u00f3 un buen susto durante la sesi\u00f3n. (V\u00eddeo: MotoGP)<\/figcaption><\/figure>\n\n\n\n<p class=\"wp-block-paragraph\">Con gran parte de los pilotos yendo a box, Joan Mir apareci\u00f3 con una goma media en su GSX-RR para anotar un 1:48.886 e instalarse en el sexto lugar, tres d\u00e9cimas por detr\u00e1s. <\/p>\n\n\n\n<p class=\"wp-block-paragraph\">Tras la \u00faltima ronda de pit stops, los pilotos volvieron a la pista, la mayor\u00eda con blandos atr\u00e1s. \u00c1lex M\u00e1rquez fue uno de los primeros en mejorar, subiendo al cuarto lugar. <\/p>\n\n\n\n<p class=\"wp-block-paragraph\">Despu\u00e9s, Aleix Espargar\u00f3 hizo un 1:48.547 para colocar la Aprilia al frente, 27 mil\u00e9simas mejor que Nakagami. R\u00e1pidamente Lecuona super\u00f3 ese tiempo por 21 mil\u00e9simas para ser primero. Pol Espargar\u00f3 tambi\u00e9n mejor\u00f3 y se puso tercero. <\/p>\n\n\n\n<p class=\"wp-block-paragraph\">\u00c1lex Rins subi\u00f3 al tercero, con Valentino Rossi avanzando hasta el s\u00e9ptimo. Inmediatamente, Jack Miller arras\u00f3 con un 1:47.613 y cogi\u00f3 el liderato con 7 d\u00e9cimas de margen sobre \u00c1lex. Petrucci, por su parte, se coloc\u00f3 tercero usando el rebufo del espa\u00f1ol de LCR. <\/p>\n\n\n\n<figure class=\"wp-block-video\"><video class=\"video-js vjs-big-play-centered\" data-gp-vjs=\"1\" controls src=\"https:\/\/www.grandepremio.com\/br\/wp-content\/uploads\/2021\/09\/MotoGP-2021-Aragao-MotorLand-TL2-Cal-Crutchlow.mp4\"><\/video><figcaption>Cal Crutchlow qued\u00f3 muy satisfecho tras el rendimiento en los FP2 (V\u00eddeo: MotoGP)<\/figcaption><\/figure>\n\n\n\n<p class=\"wp-block-paragraph\">Cal Crutchlow subi\u00f3 al segundo lugar, dos d\u00e9cimas por debajo de Miller pero delante de Aleix, Nakagami, Pol y \u00c1lex M\u00e1rquez. Quartararo solo ven\u00eda siendo 17\u00ba. <\/p>\n\n\n\n<p class=\"wp-block-paragraph\">Enea Bastianini tambi\u00e9n logr\u00f3 ser m\u00e1s r\u00e1pido y salt\u00f3 para la quinta posici\u00f3n, pero perdi\u00f3 el puesto r\u00e1pidamente al subir al cuarto puesto Quartararo, con cuatro d\u00e9cimas de margen para Miller. <\/p>\n\n\n\n<p class=\"wp-block-paragraph\">Aleix logr\u00f3 reaccionar con un 1:47.886 y volvi\u00f3 al segundo lugar, dos d\u00e9cimas detr\u00e1s de Miller. Brad Binder sub\u00eda al octavo lugar. <\/p>\n\n\n\n<p class=\"wp-block-paragraph\">Con la bandera cuadriculada ondulando en el MotorLand, Bagnaia salt\u00f3 hasta el cuarto lugar, siendo inmediatamente superado por un Mart\u00edn 9 mil\u00e9simas m\u00e1s veloz. <\/p>\n\n\n\n<h3 class=\"wp-block-heading\"><strong>MotoGP 2021, GP de Arag\u00f3n, MotorLand, Libres 2:<\/strong><\/h3>\n\n\n\n<figure class=\"wp-block-table\"><table><tbody><tr><td>1<\/td><td>J MILLER<\/td><td>Ducati<\/td><td>1:47.613<\/td><td>&nbsp;<\/td><\/tr><tr><td>2<\/td><td>A ESPARGAR\u00d3<\/td><td>Aprilia Gresini<\/td><td>1:47.886<\/td><td>+0.273<\/td><\/tr><tr><td>3<\/td><td>C CRUTCHLOW<\/td><td>Yamaha<\/td><td>1:47.897<\/td><td>+0.284<\/td><\/tr><tr><td>4<\/td><td>J ZARCO<\/td><td>Pramac Ducati<\/td><td>1:47.988<\/td><td>+0.375<\/td><\/tr><tr><td>5<\/td><td>J MART\u00cdN<\/td><td>Pramac Ducati<\/td><td>1:48.023<\/td><td>+0.410<\/td><\/tr><tr><td>6<\/td><td>F BAGNAIA<\/td><td>Ducati<\/td><td>1:48.032<\/td><td>+0.419<\/td><\/tr><tr><td>7<\/td><td>F QUARTARARO<\/td><td>Yamaha<\/td><td>1:48.034<\/td><td>+0.421<\/td><\/tr><tr><td>8<\/td><td>T NAKAGAMI<\/td><td>LCR Honda<\/td><td>1:48.057<\/td><td>+0.444<\/td><\/tr><tr><td>9<\/td><td>E BASTIANINI<\/td><td>Avintia Ducati<\/td><td>1:48.086<\/td><td>+0.473<\/td><\/tr><tr><td>10<\/td><td>P ESPARGAR\u00d3<\/td><td>Honda<\/td><td>1:48.166<\/td><td>+0.553<\/td><\/tr><tr><td>11<\/td><td>A RINS<\/td><td>Suzuki<\/td><td>1:48.267<\/td><td>+0.654<\/td><\/tr><tr><td>12<\/td><td>B BINDER<\/td><td>KTM<\/td><td>1:48.278<\/td><td>+0.665<\/td><\/tr><tr><td>13<\/td><td>A M\u00c1RQUEZ<\/td><td>LCR Honda<\/td><td>1:48.314<\/td><td>+0.701<\/td><\/tr><tr><td>14<\/td><td>D PETRUCCI<\/td><td>Tech3 KTM<\/td><td>1:48.351<\/td><td>+0.738<\/td><\/tr><tr><td>15<\/td><td>L MARINI<\/td><td>Avintia VR46 Ducati<\/td><td>1:48.456<\/td><td>+0.843<\/td><\/tr><tr><td>16<\/td><td>I LECUONA<\/td><td>Tech3 KTM<\/td><td>1:48.526<\/td><td>+0.913<\/td><\/tr><tr><td>17<\/td><td>M OLIVEIRA<\/td><td>KTM<\/td><td>1:48.623<\/td><td>+1.010<\/td><\/tr><tr><td>18<\/td><td>V ROSSI<\/td><td>SRT Yamaha<\/td><td>1:48.649<\/td><td>+1.036<\/td><\/tr><tr><td>19<\/td><td>M VI\u00d1ALES<\/td><td>Aprilia Gresini<\/td><td>1:48.755<\/td><td>+1.142<\/td><\/tr><tr><td>20<\/td><td>M M\u00c1RQUEZ<\/td><td>Honda<\/td><td>1:48.827<\/td><td>+1.214<\/td><\/tr><tr><td>21<\/td><td>J MIR<\/td><td>Suzuki<\/td><td>1:48.887<\/td><td>+1.274<\/td><\/tr><tr><td>22<\/td><td>J DIXON<\/td><td>SRT Yamaha<\/td><td>1:49.987<\/td><td>+2.374<\/td><\/tr><\/tbody><\/table><\/figure>\n\n\n\n<p class=\"wp-block-paragraph\"><\/p>\n","protected":false},"excerpt":{"rendered":"<p>Jack Miller lider\u00f3 con muy buenas prestaciones la segunda sesi\u00f3n de libres de MotoGP en Arag\u00f3n. El australiano termin\u00f3 por delante de Aleix Espargar\u00f3 y de Cal Crutchlow.<\/p>\n","protected":false},"author":0,"featured_media":1010035178,"comment_status":"closed","ping_status":"closed","sticky":false,"template":"","format":"standard","meta":{"42wp_featured_image_caption":"","42wp_featured_image_credits":"","42wp_featured_video":"","42wp_featured_image_hidden":false,"42wp_authors_list":[],"footnotes":""},"categories":[8],"tags":[1377,1394,1506,1340,1571,1383,1293,1352,1596,1309],"42wp_author":[14225],"class_list":["post-25457","post","type-post","status-publish","format-standard","has-post-thumbnail","hentry","category-motogp","tag-aleix-espargaro","tag-aprilia","tag-cal-crutchlow","tag-ducati","tag-gp-de-aragon","tag-jack-miller","tag-motogp","tag-motogp-2021","tag-motorland","tag-yamaha","42wp_author-juliana-tesser"],"_links":{"self":[{"href":"https:\/\/grandepremio.com\/es\/wp-json\/wp\/v2\/posts\/25457","targetHints":{"allow":["GET"]}}],"collection":[{"href":"https:\/\/grandepremio.com\/es\/wp-json\/wp\/v2\/posts"}],"about":[{"href":"https:\/\/grandepremio.com\/es\/wp-json\/wp\/v2\/types\/post"}],"replies":[{"embeddable":true,"href":"https:\/\/grandepremio.com\/es\/wp-json\/wp\/v2\/comments?post=25457"}],"version-history":[{"count":0,"href":"https:\/\/grandepremio.com\/es\/wp-json\/wp\/v2\/posts\/25457\/revisions"}],"wp:featuredmedia":[{"embeddable":true,"href":"https:\/\/grandepremio.com\/es\/wp-json\/wp\/v2\/media\/1010035178"}],"wp:attachment":[{"href":"https:\/\/grandepremio.com\/es\/wp-json\/wp\/v2\/media?parent=25457"}],"wp:term":[{"taxonomy":"category","embeddable":true,"href":"https:\/\/grandepremio.com\/es\/wp-json\/wp\/v2\/categories?post=25457"},{"taxonomy":"post_tag","embeddable":true,"href":"https:\/\/grandepremio.com\/es\/wp-json\/wp\/v2\/tags?post=25457"},{"taxonomy":"42wp_author","embeddable":true,"href":"https:\/\/grandepremio.com\/es\/wp-json\/wp\/v2\/42wp_author?post=25457"}],"curies":[{"name":"wp","href":"https:\/\/api.w.org\/{rel}","templated":true}]}}