{"id":2548,"date":"2026-02-22T09:27:34","date_gmt":"2026-02-22T12:27:34","guid":{"rendered":"https:\/\/grandepremio.com\/es\/2026\/02\/22\/bezzecchi-domina-final-lidera-ultimo-dia-pretemporada-motogp-tailandia\/"},"modified":"2026-02-22T09:27:37","modified_gmt":"2026-02-22T12:27:37","slug":"bezzecchi-domina-final-lidera-ultimo-dia-pretemporada-motogp-tailandia","status":"publish","type":"post","link":"https:\/\/grandepremio.com\/es\/motogp\/bezzecchi-domina-final-lidera-ultimo-dia-pretemporada-motogp-tailandia\/","title":{"rendered":"Bezzecchi domina al final y lidera el \u00faltimo d\u00eda de pretemporada de MotoGP en Tailandia"},"content":{"rendered":"\n<p class=\"wp-block-paragraph\">El segundo y \u00faltimo d\u00eda de entrenamientos de <strong>MotoGP<\/strong> en <strong>Tailandia<\/strong>, este domingo, termin\u00f3 con <strong>Aprilia<\/strong> en cabeza. Con una gran vuelta en los \u00faltimos minutos de la sesi\u00f3n, <strong>Marco Bezzecchi<\/strong> marc\u00f3 <strong>1min28s668<\/strong> y destron\u00f3 a la dupla del equipo oficial <strong>Ducati<\/strong>, que hab\u00eda dominado la sesi\u00f3n.<\/p>\n\n\n\n<p class=\"wp-block-paragraph\"><strong>Ai Ogura<\/strong> puso a otra <strong>RS-GP<\/strong> en cabeza. Pilotando para el equipo sat\u00e9lite <strong>Trackhouse<\/strong>, el piloto japon\u00e9s marc\u00f3 <strong>1min28s765<\/strong>, tambi\u00e9n en los instantes finales, y termin\u00f3 a solo <strong>0s097s <\/strong>del l\u00edder, en segundo lugar.<\/p>\n\n\n\n<p class=\"wp-block-paragraph\">\ud83d\udfe5\u00a0<strong><em>\u00a1Todas las novedades te esperan en el canal de\u00a0<\/em><\/strong><a href=\"https:\/\/www.youtube.com\/@GrandePremioES\"><em>YouTube<\/em><\/a><strong><em>\u00a0de Grande Pr\u00eamio en Espa\u00f1ol!<\/em><\/strong>\u00a0\ud83d\udfe8<\/p>\n\n\n\n<figure class=\"wp-block-image size-large\"><img decoding=\"async\" src=\"https:\/\/grandepremio.com\/es\/wp-content\/uploads\/2026\/02\/LG9_1894-1200x800-1-1024x683.jpg\" alt=\"\" class=\"wp-image-391429\"\/><figcaption class=\"wp-element-caption\">Marco Bezzecchi lider\u00f3 el \u00faltimo d\u00eda de pretemporada en Buriram. (Foto: Divulgaci\u00f3n \/ MotoGP)<\/figcaption><\/figure>\n\n\n\n<p class=\"wp-block-paragraph\">\u23e9&nbsp;<strong><em>\u00a1Seguinos en redes por&nbsp;<\/em><\/strong><a href=\"https:\/\/twitter.com\/grandepremioES\"><em>Twitter&nbsp;<\/em><\/a><strong><em>e&nbsp;<\/em><\/strong><a href=\"https:\/\/www.instagram.com\/grandepremioes\/\"><em>Instagram!<\/em><\/a><br>\u23e9&nbsp;<strong><em>Adem\u00e1s, tenemos nuestro&nbsp;<\/em><\/strong><a href=\"https:\/\/whatsapp.com\/channel\/0029VaDZ5zb0gcfDxuwxBM05\"><em>canal de Whatsapp<\/em><\/a><strong><em>&nbsp;con toda la informaci\u00f3n al instante<\/em><\/strong>&nbsp;\ud83c\udfc1<\/p>\n\n\n\n<p class=\"wp-block-paragraph\"><strong>Marc M\u00e1rquez<\/strong> tuvo un d\u00eda de altibajos. Tras liderar los entrenamientos matutinos, el vigente campe\u00f3n sufri\u00f3 una ca\u00edda en la curva 3, acudi\u00f3 al centro m\u00e9dico de la categor\u00eda y ni siquiera volvi\u00f3 a rodar por la tarde. Aun as\u00ed, termin\u00f3 con el tercer mejor tiempo del d\u00eda, con <strong>1min28s836<\/strong>, seguido de <strong>Francesco Bagnaia<\/strong> y <a href=\"https:\/\/grandepremio.com\/es\/motogp\/alex-marquez-refuerza-potencial-ducati-lidera-primer-dia-pruebas-tailandia\/\"><strong>\u00c1lex M\u00e1rquez<\/strong>, l\u00edder de ayer<\/a>.<\/p>\n\n\n\n<p class=\"wp-block-paragraph\"><strong>Pedro Acosta<\/strong> termin\u00f3 sexto, seguido de <strong>Franco Morbidelli<\/strong>, <strong>Jorge Mart\u00edn<\/strong>, <strong>Fabio Di Giannantonio<\/strong> y <strong>Joan Mir<\/strong> entre los 10 primeros.<\/p>\n\n\n\n<p class=\"wp-block-paragraph\"><strong>MotoGP<\/strong> regresa a la pista entre el 27 de febrero y el 1 de marzo para la inauguraci\u00f3n de la <strong>temporada 2026<\/strong> en <strong>Buriram<\/strong>, <strong>Tailandia<\/strong>.<\/p>\n\n\n\n<h2 class=\"wp-block-heading\">As\u00ed fue el \u00faltimo d\u00eda de tests de MotoGP 2026 en Tailandia:<\/h2>\n\n\n\n<p class=\"wp-block-paragraph\">Bajo un sol intenso y temperaturas de 35 \u00b0C, con el asfalto alcanzando los 49 \u00b0C, los pilotos comenzaron sus actividades en <strong>Tailandia<\/strong> con diferentes estrategias en los boxes. <strong>Maverick Vi\u00f1ales<\/strong> fue el primero en tomar la delantera, seguido de <strong>Pedro Acosta<\/strong> y <strong>Marco Bezzecchi<\/strong>.<\/p>\n\n\n\n<p class=\"wp-block-paragraph\">Bezzecchi marc\u00f3 entonces un tiempo de <strong>1min28s952<\/strong>, con Acosta y <strong>Francesco Bagnaia<\/strong> a tan solo 0s1. Mientras tanto, <strong>Fabio Di Giannantonio<\/strong> y <strong>Toprak Razgatlioglu<\/strong> sufrieron problemas t\u00e9cnicos en la pista.<\/p>\n\n\n\n<p class=\"wp-block-paragraph\">Los tiempos siguieron bajando, y <strong>Ducati<\/strong> demostr\u00f3 su fuerza. Bagnaia marc\u00f3 un tiempo de <strong>1min28s883<\/strong> y se puso en cabeza, pero fue r\u00e1pidamente superado por su compa\u00f1ero de equipo <strong>Marc M\u00e1rquez<\/strong>, quien marc\u00f3 <strong>1min28s836<\/strong>, solo 0s047 m\u00e1s r\u00e1pido que el italiano.<\/p>\n\n\n\n<figure class=\"wp-block-image size-large\"><img decoding=\"async\" src=\"https:\/\/grandepremio.com\/es\/wp-content\/uploads\/2026\/02\/MotoGP-2026-Malasia-Sepang-Teste-Dia-1-Ducati-Marc-Marquez4-1024x700.jpg\" alt=\"\" class=\"wp-image-391379\"\/><figcaption class=\"wp-element-caption\">Marc M\u00e1rquez se volvi\u00f3 a caer en la segunda jornada de tests en Tailandia. (Foto: Ducati)<\/figcaption><\/figure>\n\n\n\n<p class=\"wp-block-paragraph\">Y as\u00ed, <strong>MotoGP<\/strong> se dirigi\u00f3 a la pausa del almuerzo, con Marc M\u00e1rquez en cabeza, seguido de Bagnaia, Bezzecchi, <strong>\u00c1lex M\u00e1rquez<\/strong>, Acosta, <strong>Franco Morbidelli<\/strong>, <strong>Jorge Mart\u00edn<\/strong>, <strong>Ai Ogura<\/strong>, <strong>Ra\u00fal Fern\u00e1ndez<\/strong> y Di Giannantonio en el top 10.<\/p>\n\n\n\n<p class=\"wp-block-paragraph\">La sesi\u00f3n de la tarde comenz\u00f3 con las habituales dificultades para arrancar, con pocos pilotos en pista. Sin embargo, el campe\u00f3n vigente fue quien tuvo la peor experiencia, al caerse en la curva 3, el tercer incidente durante las pruebas.<\/p>\n\n\n\n<p class=\"wp-block-paragraph\">Tras aproximadamente una hora y 30 minutos de actividad, se onde\u00f3 la bandera roja debido a una ca\u00edda de \u00c1lex M\u00e1rquez en la curva 3. La categor\u00eda solo inform\u00f3 que el piloto se encontraba bien tras el accidente y que la interrupci\u00f3n fue para reparar la protecci\u00f3n de aire.<\/p>\n\n\n\n<figure class=\"wp-block-image size-full\"><img decoding=\"async\" src=\"https:\/\/grandepremio.com\/es\/wp-content\/uploads\/..\/gp_br_uploads\/2026\/02\/AFP__20260203__94WE2CB__v1__MidRes__MotoPrixMasTesting.jpg\" alt=\"\" class=\"wp-image-390577\"\/><figcaption class=\"wp-element-caption\">Ai Ogura se coloc\u00f3 segundo detr\u00e1s de Bezzecchi con la Aprilia de Trackhouse. (Foto: AFP)<\/figcaption><\/figure>\n\n\n\n<p class=\"wp-block-paragraph\">La mayor parte de la parrilla prob\u00f3 su ritmo de carrera, con tiempos de vuelta altos y poca evoluci\u00f3n en la clasificaci\u00f3n. A solo 13 minutos del final de la sesi\u00f3n, Marco Bezzecchi decidi\u00f3 dejar de perder el tiempo y marc\u00f3 un tiempo de <strong>1min28s668<\/strong> para ponerse en cabeza. Ai Ogura tambi\u00e9n mejor\u00f3 significativamente y se coloc\u00f3 tercero.<\/p>\n\n\n\n<p class=\"wp-block-paragraph\">El japon\u00e9s, de hecho, mantuvo un ritmo fuerte y ascendi\u00f3 a la segunda posici\u00f3n con un tiempo de <strong>1min28s765<\/strong>, a 0s097 del l\u00edder. <strong>Jack Miller<\/strong> y <strong>Brad Binder<\/strong> tambi\u00e9n mejoraron sus tiempos y se situaron en los puestos 15\u00b0 y 16\u00b0, respectivamente.<\/p>\n\n\n\n<p class=\"wp-block-paragraph\">Al final, la pista estaba pr\u00e1cticamente paralizada. Solo <strong>Joan Mir<\/strong> tuvo tiempo de mejorar, ascendiendo al d\u00e9cimo puesto de la sesi\u00f3n.<\/p>\n\n\n\n<h2 class=\"wp-block-heading\">Resultados del d\u00eda final de pretemporada de MotoGP en Tailandia:<\/h2>\n\n\n\n<figure class=\"wp-block-table\"><table class=\"has-fixed-layout\"><tbody><tr><td>POSICI\u00d3N<\/td><td>PILOTO<\/td><td>EQUIPO<\/td><td>TIEMPO<\/td><td>DIFERENCIA<\/td><\/tr><tr><td><strong>1<\/strong><\/td><td>M BEZZECCHI<\/td><td>Aprilia<\/td><td>1:28.668<\/td><td>&nbsp;<\/td><\/tr><tr><td><strong>2<\/strong><\/td><td>A OGURA<\/td><td>Trackhouse Aprilia<\/td><td>1:28.765<\/td><td>+0.097<\/td><\/tr><tr><td><strong>3<\/strong><\/td><td>M M\u00c1RQUEZ<\/td><td>Ducati<\/td><td>1:28.836<\/td><td>+0.168<\/td><\/tr><tr><td><strong>4<\/strong><\/td><td>F BAGNAIA<\/td><td>Ducati<\/td><td>1:28.836<\/td><td>+0.168<\/td><\/tr><tr><td><strong>5<\/strong><\/td><td>\u00c1 M\u00c1RQUEZ<\/td><td>Gresini Ducati<\/td><td>1:28.961<\/td><td>+0.293<\/td><\/tr><tr><td><strong>6<\/strong><\/td><td>P ACOSTA<\/td><td>KTM<\/td><td>1:29.021<\/td><td>+0.353<\/td><\/tr><tr><td><strong>7<\/strong><\/td><td>F MORBIDELLI<\/td><td>VR46 Ducati<\/td><td>1:29.071<\/td><td>+0.403<\/td><\/tr><tr><td><strong>8<\/strong><\/td><td>J MART\u00cdN<\/td><td>Aprilia<\/td><td>1:29.167<\/td><td>+0.499<\/td><\/tr><tr><td><strong>9<\/strong><\/td><td>F DI GIANNANTONIO<\/td><td>VR46 Ducati<\/td><td>1:29.173<\/td><td>+0.505<\/td><\/tr><tr><td><strong>10<\/strong><\/td><td>J MIR<\/td><td>Honda<\/td><td>1:29.296<\/td><td>+0.628<\/td><\/tr><tr><td><strong>11<\/strong><\/td><td>R FERN\u00c1NDEZ<\/td><td>Trackhouse Aprilia<\/td><td>1:29.302<\/td><td>+0.634<\/td><\/tr><tr><td><strong>12<\/strong><\/td><td>B BINDER<\/td><td>KTM<\/td><td>1:29.392<\/td><td>+0.724<\/td><\/tr><tr><td><strong>13<\/strong><\/td><td>L MARINI<\/td><td>Honda<\/td><td>1:29.451<\/td><td>+0.783<\/td><\/tr><tr><td><strong>14<\/strong><\/td><td>M VI\u00d1ALES<\/td><td>Tech3 KTM<\/td><td>1:29.569<\/td><td>+0.901<\/td><\/tr><tr><td><strong>15<\/strong><\/td><td>J ZARCO<\/td><td>LCR Honda<\/td><td>1:29.608<\/td><td>+0.940<\/td><\/tr><tr><td><strong>16<\/strong><\/td><td>J MILLER<\/td><td>Pramac Yamaha<\/td><td>1:29.672<\/td><td>+1.004<\/td><\/tr><tr><td><strong>17<\/strong><\/td><td>F QUARTARARO<\/td><td>Yamaha<\/td><td>1:29.701<\/td><td>+1.033<\/td><\/tr><tr><td><strong>18<\/strong><\/td><td>E BASTIANINI<\/td><td>Tech3 KTM<\/td><td>1:29.728<\/td><td>+1.060<\/td><\/tr><tr><td><strong>19<\/strong><\/td><td>D MOREIRA<\/td><td>LCR Honda<\/td><td>1:29.920<\/td><td>+1.252<\/td><\/tr><tr><td><strong>20<\/strong><\/td><td>A RINS<\/td><td>Yamaha<\/td><td>1:30.122<\/td><td>+1.454<\/td><\/tr><tr><td><strong>21<\/strong><\/td><td>T RAZGATLIOGLU<\/td><td>Pramac Yamaha<\/td><td>1:30.772<\/td><td>+2.104<\/td><\/tr><tr><td><strong>22<\/strong><\/td><td>M PIRRO<\/td><td>Gresini Ducati<\/td><td>1:31.777<\/td><td>+3.109<\/td><\/tr><\/tbody><\/table><\/figure>\n\n\n\n<figure class=\"wp-block-embed is-type-video is-provider-youtube wp-block-embed-youtube wp-embed-aspect-16-9 wp-has-aspect-ratio\"><div class=\"wp-block-embed__wrapper\">\n<iframe loading=\"lazy\" title=\"AN\u00c1LISIS DEL FINAL DE PRETEMPORADA DE LA F1 2026 EN BAHREIN\" width=\"500\" height=\"281\" src=\"https:\/\/www.youtube.com\/embed\/vu7pbsBQwuk?feature=oembed\" frameborder=\"0\" allow=\"accelerometer; autoplay; clipboard-write; encrypted-media; gyroscope; picture-in-picture; web-share\" referrerpolicy=\"strict-origin-when-cross-origin\" allowfullscreen><\/iframe>\n<\/div><\/figure>\n","protected":false},"excerpt":{"rendered":"<p>Marco Bezzecchi realiz\u00f3 una gran vuelta en los \u00faltimos minutos de la sesi\u00f3n, superando al d\u00fao de Ducati y marcando el mejor tiempo en el \u00faltimo test de MotoGP 2026. Marc M\u00e1rquez sufri\u00f3 una nueva ca\u00edda, visit\u00f3 a los m\u00e9dicos de la categor\u00eda y termin\u00f3 tercero.<\/p>\n","protected":false},"author":0,"featured_media":1010390606,"comment_status":"closed","ping_status":"closed","sticky":false,"template":"","format":"standard","meta":{"42wp_featured_image_caption":"","42wp_featured_image_credits":"","42wp_featured_video":"","42wp_featured_image_hidden":false,"42wp_authors_list":[],"footnotes":""},"categories":[8],"tags":[9249,1394,3474,1340,13470,1392,1615,1293,8591,2199,3451],"42wp_author":[14240],"class_list":["post-2548","post","type-post","status-publish","format-standard","has-post-thumbnail","hentry","category-motogp","tag-ai-ogura","tag-aprilia","tag-buriram","tag-ducati","tag-gp26","tag-marc-marquez-2","tag-marco-bezzecchi","tag-motogp","tag-motogp-2026","tag-rs-gp","tag-tailandia","42wp_author-ignacio-bogado"],"_links":{"self":[{"href":"https:\/\/grandepremio.com\/es\/wp-json\/wp\/v2\/posts\/2548","targetHints":{"allow":["GET"]}}],"collection":[{"href":"https:\/\/grandepremio.com\/es\/wp-json\/wp\/v2\/posts"}],"about":[{"href":"https:\/\/grandepremio.com\/es\/wp-json\/wp\/v2\/types\/post"}],"replies":[{"embeddable":true,"href":"https:\/\/grandepremio.com\/es\/wp-json\/wp\/v2\/comments?post=2548"}],"version-history":[{"count":0,"href":"https:\/\/grandepremio.com\/es\/wp-json\/wp\/v2\/posts\/2548\/revisions"}],"wp:featuredmedia":[{"embeddable":true,"href":"https:\/\/grandepremio.com\/es\/wp-json\/wp\/v2\/media\/1010390606"}],"wp:attachment":[{"href":"https:\/\/grandepremio.com\/es\/wp-json\/wp\/v2\/media?parent=2548"}],"wp:term":[{"taxonomy":"category","embeddable":true,"href":"https:\/\/grandepremio.com\/es\/wp-json\/wp\/v2\/categories?post=2548"},{"taxonomy":"post_tag","embeddable":true,"href":"https:\/\/grandepremio.com\/es\/wp-json\/wp\/v2\/tags?post=2548"},{"taxonomy":"42wp_author","embeddable":true,"href":"https:\/\/grandepremio.com\/es\/wp-json\/wp\/v2\/42wp_author?post=2548"}],"curies":[{"name":"wp","href":"https:\/\/api.w.org\/{rel}","templated":true}]}}