{"id":25492,"date":"2021-09-06T10:05:09","date_gmt":"2021-09-06T13:05:09","guid":{"rendered":"https:\/\/grandepremio.com\/es\/2021\/09\/06\/jefe-de-mercedes-lamenta-salida-de-bottas-y-dice-que-merecia-renovar\/"},"modified":"2021-09-06T10:11:50","modified_gmt":"2021-09-06T13:11:50","slug":"jefe-de-mercedes-lamenta-salida-de-bottas-y-dice-que-merecia-renovar","status":"publish","type":"post","link":"https:\/\/grandepremio.com\/es\/f1\/jefe-de-mercedes-lamenta-salida-de-bottas-y-dice-que-merecia-renovar\/","title":{"rendered":"Jefe de Mercedes lamenta salida de Bottas y dice que merec\u00eda renovar: \u201cNo fue f\u00e1cil\u201d"},"content":{"rendered":"\n<p class=\"wp-block-paragraph\">Valtteri Bottas confirm\u00f3 su salida de Mercedes. <a href=\"https:\/\/grandepremio.com\/es\/\/f1\/bottas-se-prepara-para-dejar-mercedes-y-ve-oportunidad-en-alfa-romeo\/\">Tras semanas de rumores, finalmente el anuncio lleg\u00f3 este lunes sobre la llegada del finland\u00e9s a Alfa Romeo para 2022<\/a>. La escuder\u00eda alemana decidi\u00f3 apostar por un cambio, pero el jefe Toto Wolff lo tiene claro: Valtteri hab\u00eda hecho lo suficiente para merecer otra renovaci\u00f3n de contrato.<\/p>\n\n\n\n<p class=\"wp-block-paragraph\">&#8220;No fue un proceso f\u00e1cil ni una decisi\u00f3n sencilla para nosotros&#8221;, manifest\u00f3 Wolff. &#8220;Valtteri hizo un trabajo fant\u00e1stico en las \u00faltimas cinco temporadas y contribuy\u00f3 de forma esencial a nuestro \u00e9xito y crecimiento&#8221;, subray\u00f3.<\/p>\n\n\n\n<p class=\"wp-block-paragraph\"><strong>\u00a1Conoce el canal de Gran Premio en\u00a0<a href=\"https:\/\/www.youtube.com\/c\/GrandePremioTV\">YouTube<\/a>!<br>\u00a1Sigue a Gran Premio en\u00a0<a href=\"https:\/\/twitter.com\/granpremioes\" target=\"_blank\" rel=\"noreferrer noopener\">Twitter\u00a0<\/a>y en\u00a0<a href=\"https:\/\/instagram.com\/granpremio_es\" target=\"_blank\" rel=\"noreferrer noopener\">Instagram<\/a>!<\/strong><\/p>\n\n\n\n<p class=\"wp-block-paragraph\">&#8220;Junto con Lewis, \u00e9l [Bottas] construy\u00f3 una asociaci\u00f3n de referencia entre dos compa\u00f1eros de equipo en el deporte, que fue un arma valiosa en nuestras batallas por el campeonato y nos empuj\u00f3 a lograr un \u00e9xito sin precedentes. Definitivamente se merec\u00eda continuar con el equipo y me complace ver que tiene un reto emocionante con Alfa [Romeo] el pr\u00f3ximo a\u00f1o para continuar su carrera a un alto nivel en el deporte. Cuando llegue el momento, se llevar\u00e1 el cari\u00f1o de todos los miembros del equipo y formar\u00e1 parte para siempre de la familia Mercedes&#8221;, a\u00f1adi\u00f3.<\/p>\n\n\n\n<figure class=\"wp-block-image size-large\"><img decoding=\"async\" src=\"https:\/\/grandepremio.com\/es\/\/wp-content\/uploads\/2021\/09\/M279495-1024x683.jpg\" alt=\"\" class=\"wp-image-34258\"\/><figcaption>Valtteri Bottas form\u00f3 una dupla con Lewis Hamilton en Mercedes durante cinco temporadas. (Foto: Steve Etherington)<\/figcaption><\/figure>\n\n\n\n<p class=\"wp-block-paragraph\">Mercedes a\u00fan no lo anunci\u00f3, pero la salida de Valtteri Bottas supone la llegada de George Russell. El brit\u00e1nico aporta sangre nueva, algo necesario para un equipo que no tendr\u00e1 para siempre a Lewis Hamilton, quien ya cuenta con 36 a\u00f1os.<\/p>\n\n\n\n<p class=\"wp-block-paragraph\">A pesar de su fama de escudero, Bottas caus\u00f3 un gran impacto en Mercedes. El finland\u00e9s sum\u00f3 nueve victorias en cinco a\u00f1os, ayudando a Lewis Hamilton a consolidarse como siete veces campe\u00f3n de la F1. Valtteri lleg\u00f3 para sustituir a Nico Rosberg y cumpli\u00f3 con creces su misi\u00f3n de aportar estabilidad a la escuder\u00eda de Brackley.<\/p>\n\n\n\n<p class=\"wp-block-paragraph\">Bottas es tercero en el Mundial de Pilotos, sumando 123 puntos y siete podios, pero sigue sin ganar en 2021. Sin posibilidades de campeonato, el finland\u00e9s intentar\u00e1 ayudar a Hamilton, quien est\u00e1 tres puntos por debajo de Max Verstappen en la lucha por el t\u00edtulo.<\/p>\n","protected":false},"excerpt":{"rendered":"<p>Valtteri Bottas confirm\u00f3 su salida de Mercedes. Tras semanas de rumores, finalmente el anuncio lleg\u00f3 este lunes sobre la llegada del finland\u00e9s a Alfa Romeo para 2022. La escuder\u00eda alemana decidi\u00f3 apostar por un cambio, pero el jefe Toto Wolff lo tiene claro: Valtteri hab\u00eda hecho lo suficiente para merecer otra renovaci\u00f3n de contrato. &#8220;No [&hellip;]<\/p>\n","protected":false},"author":0,"featured_media":1010034400,"comment_status":"closed","ping_status":"closed","sticky":false,"template":"","format":"standard","meta":{"42wp_featured_image_caption":"","42wp_featured_image_credits":"","42wp_featured_video":"","42wp_featured_image_hidden":false,"42wp_authors_list":[],"footnotes":""},"categories":[5],"tags":[828,295,181,1495,179,1449,248,199,569,252],"42wp_author":[14223],"class_list":["post-25492","post","type-post","status-publish","format-standard","has-post-thumbnail","hentry","category-f1","tag-828","tag-alfa-romeo","tag-f1","tag-f1-2022","tag-formula-1","tag-jefe-de-mercedes","tag-kimi-raikkonen","tag-lewis-hamilton","tag-toto-wolff","tag-valtteri-bottas","42wp_author-esteban-nieto"],"_links":{"self":[{"href":"https:\/\/grandepremio.com\/es\/wp-json\/wp\/v2\/posts\/25492","targetHints":{"allow":["GET"]}}],"collection":[{"href":"https:\/\/grandepremio.com\/es\/wp-json\/wp\/v2\/posts"}],"about":[{"href":"https:\/\/grandepremio.com\/es\/wp-json\/wp\/v2\/types\/post"}],"replies":[{"embeddable":true,"href":"https:\/\/grandepremio.com\/es\/wp-json\/wp\/v2\/comments?post=25492"}],"version-history":[{"count":0,"href":"https:\/\/grandepremio.com\/es\/wp-json\/wp\/v2\/posts\/25492\/revisions"}],"wp:featuredmedia":[{"embeddable":true,"href":"https:\/\/grandepremio.com\/es\/wp-json\/wp\/v2\/media\/1010034400"}],"wp:attachment":[{"href":"https:\/\/grandepremio.com\/es\/wp-json\/wp\/v2\/media?parent=25492"}],"wp:term":[{"taxonomy":"category","embeddable":true,"href":"https:\/\/grandepremio.com\/es\/wp-json\/wp\/v2\/categories?post=25492"},{"taxonomy":"post_tag","embeddable":true,"href":"https:\/\/grandepremio.com\/es\/wp-json\/wp\/v2\/tags?post=25492"},{"taxonomy":"42wp_author","embeddable":true,"href":"https:\/\/grandepremio.com\/es\/wp-json\/wp\/v2\/42wp_author?post=25492"}],"curies":[{"name":"wp","href":"https:\/\/api.w.org\/{rel}","templated":true}]}}