{"id":25510,"date":"2021-09-04T10:26:15","date_gmt":"2021-09-04T13:26:15","guid":{"rendered":"https:\/\/grandepremio.com\/es\/2021\/09\/04\/contacto-estrecho-de-raikkonen-jefe-de-williams-deja-el-gp-de-holanda-paises-bajos\/"},"modified":"2021-09-04T12:19:02","modified_gmt":"2021-09-04T15:19:02","slug":"contacto-estrecho-de-raikkonen-jefe-de-williams-deja-el-gp-de-holanda-paises-bajos","status":"publish","type":"post","link":"https:\/\/grandepremio.com\/es\/f1\/contacto-estrecho-de-raikkonen-jefe-de-williams-deja-el-gp-de-holanda-paises-bajos\/","title":{"rendered":"Contacto estrecho de R\u00e4ikk\u00f6nen, jefe de Williams tambi\u00e9n abandona GP de Holanda"},"content":{"rendered":"\n<p class=\"wp-block-paragraph\"><a href=\"https:\/\/grandepremio.com\/es\/\/f1\/raikkonen-da-positivo-de-covid-y-kubica-retorna-a-la-f1-como-su-sustituto\/\">Tras el anuncio de que Kimi R\u00e4ikk\u00f6nen dio positivo de Covid-19 y qued\u00f3 apartado por el resto del GP de Holanda<\/a>, disputado en Pa\u00edses Bajos, Williams tambi\u00e9n confirm\u00f3 este s\u00e1bado la retirada por precauci\u00f3n del jefe de equipo, Jost Capito. El directivo alem\u00e1n hab\u00eda cenado con el finland\u00e9s el viernes por la noche y, por eso, se encuentra aislado en el hotel donde se aloja en Zandvoort, incluso despu\u00e9s de dar negativo en los tests sanitarios.<\/p>\n\n\n\n<p class=\"wp-block-paragraph\">En un comunicado oficial publicado en Twitter, Williams anunci\u00f3 que Capito est\u00e1 aislado del resto del equipo y, por tanto, no seguir\u00e1 el GP de Holanda de manera presencial.<\/p>\n\n\n\n<p class=\"wp-block-paragraph\"><strong>\u00a1Conoce el canal de Gran Premio en\u00a0<a href=\"https:\/\/www.youtube.com\/c\/GrandePremioTV\">YouTube<\/a>!<br>\u00a1Sigue a Gran Premio en\u00a0<a href=\"https:\/\/twitter.com\/granpremioes\" target=\"_blank\" rel=\"noreferrer noopener\">Twitter\u00a0<\/a>y en\u00a0<a href=\"https:\/\/instagram.com\/granpremio_es\" target=\"_blank\" rel=\"noreferrer noopener\">Instagram<\/a>!<\/strong><\/p>\n\n\n\n<figure class=\"wp-block-image size-large\"><img decoding=\"async\" src=\"https:\/\/grandepremio.com\/es\/\/wp-content\/uploads\/2021\/09\/2021-Dutch-Grand-Prix-Thursday-1024x683.jpg\" alt=\"\" class=\"wp-image-34089\"\/><figcaption>Kimi R\u00e4ikk\u00f6nen contrajo Covid-19 y no podr\u00e1 continuar compitiendo en el GP de Holanda. (Foto: Alfa Romeo)<\/figcaption><\/figure>\n\n\n\n<p class=\"wp-block-paragraph\">&#8220;Tras el anuncio de que Kimi R\u00e4ikk\u00f6inen dio positivo de Covid-19, Williams confirma que Jost Capito no entrar\u00e1 en el paddock tras el GP de Holanda. Jost se reuni\u00f3 ayer con Kimi, de forma social y respetando la distancia. Aunque no tuvo contacto cercano y dio negativo, Jost y Williams decidieron, como precauci\u00f3n, tomar esta medida para mitigar un potencial contagio en el equipo&#8221;, manifest\u00f3 el comunicado.<\/p>\n\n\n\n<p class=\"wp-block-paragraph\">Dentro de la pista y ya sin la presencia de Capito, Williams ubic\u00f3 a Nicholas Latifi y George Russell, 12\u00ba y 14\u00ba respectivamente en el tercer entrenamiento disputado en Zandvoort. La escuder\u00eda de Grove viene de dos buenos resultados, con ambos pilotos dentro del Top-10 en los \u00faltimos GPs de Hungr\u00eda y B\u00e9lgica. En el Mundial de Constructores, Williams est\u00e1 octavo, con 20 unidades y por delante de Alfa Romeo y Haas. <\/p>\n","protected":false},"excerpt":{"rendered":"<p>Tras el anuncio de que Kimi R\u00e4ikk\u00f6nen dio positivo de Covid-19 y qued\u00f3 apartado por el resto del GP de Holanda, disputado en Pa\u00edses Bajos, Williams tambi\u00e9n confirm\u00f3 este s\u00e1bado la retirada por precauci\u00f3n del jefe de equipo, Jost Capito. El directivo alem\u00e1n hab\u00eda cenado con el finland\u00e9s el viernes por la noche y, por [&hellip;]<\/p>\n","protected":false},"author":0,"featured_media":1010030020,"comment_status":"closed","ping_status":"closed","sticky":false,"template":"","format":"standard","meta":{"42wp_featured_image_caption":"","42wp_featured_image_credits":"","42wp_featured_video":"","42wp_featured_image_hidden":false,"42wp_authors_list":[],"footnotes":""},"categories":[5],"tags":[295,181,179,1443,1574,1222,248,204],"42wp_author":[14223],"class_list":["post-25510","post","type-post","status-publish","format-standard","has-post-thumbnail","hentry","category-f1","tag-alfa-romeo","tag-f1","tag-formula-1","tag-gp-de-holanda","tag-gp-de-paises-bajos","tag-jost-capito","tag-kimi-raikkonen","tag-williams","42wp_author-esteban-nieto"],"_links":{"self":[{"href":"https:\/\/grandepremio.com\/es\/wp-json\/wp\/v2\/posts\/25510","targetHints":{"allow":["GET"]}}],"collection":[{"href":"https:\/\/grandepremio.com\/es\/wp-json\/wp\/v2\/posts"}],"about":[{"href":"https:\/\/grandepremio.com\/es\/wp-json\/wp\/v2\/types\/post"}],"replies":[{"embeddable":true,"href":"https:\/\/grandepremio.com\/es\/wp-json\/wp\/v2\/comments?post=25510"}],"version-history":[{"count":0,"href":"https:\/\/grandepremio.com\/es\/wp-json\/wp\/v2\/posts\/25510\/revisions"}],"wp:featuredmedia":[{"embeddable":true,"href":"https:\/\/grandepremio.com\/es\/wp-json\/wp\/v2\/media\/1010030020"}],"wp:attachment":[{"href":"https:\/\/grandepremio.com\/es\/wp-json\/wp\/v2\/media?parent=25510"}],"wp:term":[{"taxonomy":"category","embeddable":true,"href":"https:\/\/grandepremio.com\/es\/wp-json\/wp\/v2\/categories?post=25510"},{"taxonomy":"post_tag","embeddable":true,"href":"https:\/\/grandepremio.com\/es\/wp-json\/wp\/v2\/tags?post=25510"},{"taxonomy":"42wp_author","embeddable":true,"href":"https:\/\/grandepremio.com\/es\/wp-json\/wp\/v2\/42wp_author?post=25510"}],"curies":[{"name":"wp","href":"https:\/\/api.w.org\/{rel}","templated":true}]}}