{"id":25513,"date":"2021-09-04T07:40:01","date_gmt":"2021-09-04T10:40:01","guid":{"rendered":"https:\/\/grandepremio.com\/es\/2021\/09\/04\/raikkonen-da-positivo-de-covid-y-kubica-retorna-a-la-f1-como-su-sustituto\/"},"modified":"2021-09-04T08:35:25","modified_gmt":"2021-09-04T11:35:25","slug":"raikkonen-da-positivo-de-covid-y-kubica-retorna-a-la-f1-como-su-sustituto","status":"publish","type":"post","link":"https:\/\/grandepremio.com\/es\/f1\/raikkonen-da-positivo-de-covid-y-kubica-retorna-a-la-f1-como-su-sustituto\/","title":{"rendered":"R\u00e4ikk\u00f6nen da positivo de Covid-19 y Kubica retorna a la F1 en su reemplazo en Holanda"},"content":{"rendered":"\n<p class=\"wp-block-paragraph\">Kimi R\u00e4ikk\u00f6nen dio positivo de Covid-19 y est\u00e1 fuera de lo que resta del GP de Holanda de F\u00f3rmula 1. Seg\u00fan Alfa Romeo, que anunci\u00f3 la informaci\u00f3n este s\u00e1bado por la ma\u00f1ana , &#8220;Iceman&#8221; no presenta s\u00edntomas y se encuentra bien. Robert Kubica, piloto reserva de la escuder\u00eda \u00edtalo-suiza, sustituir\u00e1 al finland\u00e9s de 41 a\u00f1os en Zandvoort.<\/p>\n\n\n\n<p class=\"wp-block-paragraph\"><a href=\"https:\/\/grandepremio.com\/es\/\/f1\/raikkonen-anuncia-su-retiro-de-la-f1-cuando-finalice-temporada-2021\/\">R\u00e4ikk\u00f6nen, que esta semana anunci\u00f3 su retiro de la F1<\/a>, es el cuarto piloto reemplazado en el Mundial que da positivo de Covid-19. El a\u00f1o pasado, Sergio P\u00e9rez y Lance Stroll fueron los primeros en contraer el nuevo coronavirus. El mexicano se ausent\u00f3 de Racing Point, ahora Aston Martin, en los GP de Gran Breta\u00f1a y del 70 aniversario de la F1, mientras que Stroll no corri\u00f3 en el GP de Eifel en N\u00fcrburgring, con ambos sustituidos por Nico H\u00fclkenberg. M\u00e1s adelante, Lewis Hamilton tambi\u00e9n dio positivo por Covid-19, y su lugar en Mercedes lo ocup\u00f3 George Russell.<\/p>\n\n\n\n<p class=\"wp-block-paragraph\"><strong>\u00a1Conoce el canal de Gran Premio en\u00a0<a href=\"https:\/\/www.youtube.com\/c\/GrandePremioTV\">YouTube<\/a>!<br>\u00a1Sigue a Gran Premio en\u00a0<a href=\"https:\/\/twitter.com\/granpremioes\" target=\"_blank\" rel=\"noreferrer noopener\">Twitter\u00a0<\/a>y en\u00a0<a href=\"https:\/\/instagram.com\/granpremio_es\" target=\"_blank\" rel=\"noreferrer noopener\">Instagram<\/a>!<\/strong><\/p>\n\n\n\n<p class=\"wp-block-paragraph\">Charles Leclerc, Pierre Gasly y Lando Norris tambi\u00e9n dieron positivo por Covid-19. Sin embargo, se contagiaron en un periodo sin competir en la F\u00f3rmula 1 y no tuvieron mayores consecuencias.<\/p>\n\n\n\n<figure class=\"wp-block-image size-large\"><img decoding=\"async\" src=\"https:\/\/grandepremio.com\/es\/\/wp-content\/uploads\/2021\/09\/kubica-1024x683.jpg\" alt=\"\" class=\"wp-image-34090\"\/><figcaption>Robert Kubica volver\u00e1 a la F1 este fin de semana en reemplazo de R\u00e4ikk\u00f6nen. (Foto: Alfa Romeo)<\/figcaption><\/figure>\n\n\n\n<p class=\"wp-block-paragraph\">El fin de semana hab\u00eda comenzado bien para Alfa Romeo. Antonio Giovinazzi consigui\u00f3 un puesto entre los 10 primeros en las dos sesiones de entrenamientos del viernes. Kimi, por su parte, fue 13\u00ba en la sesi\u00f3n de la ma\u00f1ana en Zandvoort y 16\u00ba en la vespertina.<\/p>\n\n\n\n<p class=\"wp-block-paragraph\">El equipo dirigido por Fr\u00e9d\u00e9ric Vasseur tambi\u00e9n inform\u00f3 de que R\u00e4ikk\u00f6nen &#8220;se aisl\u00f3 inmediatamente en el hotel&#8221;, y le  dese\u00f3 una pronta recuperaci\u00f3n. Sin embargo, como la pr\u00f3xima carrera de F1 se celebra el fin de semana siguiente en Monza, la presencia del veterano est\u00e1 en duda.<\/p>\n\n\n\n<p class=\"wp-block-paragraph\">Kubica, de 36 a\u00f1os, no corre en el Mundial de F\u00f3rmula 1 desde el GP de Abu Dhabi de 2019, en su despedida de Williams. Al a\u00f1o siguiente, el polaco lleg\u00f3 a Alfa Romeo como piloto reserva, aportando al equipo el principal patrocinador, la petrolera polaca PKN Orlen.<\/p>\n\n\n\n<p class=\"wp-block-paragraph\">La \u00faltima carrera de Kubica, que la hizo en Resistencia y no en F1, tuvo un resultado frustrante para el veterano. El piloto compiti\u00f3 en las 24 Horas de Le Mans para el equipo WRT en la clase LMP2, y su tripulaci\u00f3n, formada tambi\u00e9n por Yfei Ye y Louis Del\u00e9traz, perdi\u00f3 la victoria tras tener problemas con el combustible cuando lideraba en la \u00faltima vuelta.<\/p>\n\n\n\n<p class=\"wp-block-paragraph\">El otro reserva de Alfa Romeo, Callum Ilott, vinculado a la Academia de Pilotos de Ferrari, prob\u00f3 durante la semana en Indian\u00e1polis para preparar su debut en la Indy en el GP de Portland. Sin embargo, el fin de semana, el brit\u00e1nico, subcampe\u00f3n de la F\u00f3rmula 2 el a\u00f1o pasado, est\u00e1 en N\u00fcrburgring para disputar una carrera de tres horas para el equipo italiano Iron Lynx junto a Alessio Rovera y Antonio Fuoco.<\/p>\n","protected":false},"excerpt":{"rendered":"<p>Kimi R\u00e4ikk\u00f6nen dio positivo de Covid-19 y est\u00e1 fuera de lo que resta del GP de Holanda de F\u00f3rmula 1. Seg\u00fan Alfa Romeo, que anunci\u00f3 la informaci\u00f3n este s\u00e1bado por la ma\u00f1ana , &#8220;Iceman&#8221; no presenta s\u00edntomas y se encuentra bien. Robert Kubica, piloto reserva de la escuder\u00eda \u00edtalo-suiza, sustituir\u00e1 al finland\u00e9s de 41 a\u00f1os [&hellip;]<\/p>\n","protected":false},"author":0,"featured_media":1010034089,"comment_status":"closed","ping_status":"closed","sticky":false,"template":"","format":"standard","meta":{"42wp_featured_image_caption":"","42wp_featured_image_credits":"","42wp_featured_video":"","42wp_featured_image_hidden":false,"42wp_authors_list":[],"footnotes":""},"categories":[5],"tags":[295,181,179,1443,248,299],"42wp_author":[14223],"class_list":["post-25513","post","type-post","status-publish","format-standard","has-post-thumbnail","hentry","category-f1","tag-alfa-romeo","tag-f1","tag-formula-1","tag-gp-de-holanda","tag-kimi-raikkonen","tag-robert-kubica","42wp_author-esteban-nieto"],"_links":{"self":[{"href":"https:\/\/grandepremio.com\/es\/wp-json\/wp\/v2\/posts\/25513","targetHints":{"allow":["GET"]}}],"collection":[{"href":"https:\/\/grandepremio.com\/es\/wp-json\/wp\/v2\/posts"}],"about":[{"href":"https:\/\/grandepremio.com\/es\/wp-json\/wp\/v2\/types\/post"}],"replies":[{"embeddable":true,"href":"https:\/\/grandepremio.com\/es\/wp-json\/wp\/v2\/comments?post=25513"}],"version-history":[{"count":0,"href":"https:\/\/grandepremio.com\/es\/wp-json\/wp\/v2\/posts\/25513\/revisions"}],"wp:featuredmedia":[{"embeddable":true,"href":"https:\/\/grandepremio.com\/es\/wp-json\/wp\/v2\/media\/1010034089"}],"wp:attachment":[{"href":"https:\/\/grandepremio.com\/es\/wp-json\/wp\/v2\/media?parent=25513"}],"wp:term":[{"taxonomy":"category","embeddable":true,"href":"https:\/\/grandepremio.com\/es\/wp-json\/wp\/v2\/categories?post=25513"},{"taxonomy":"post_tag","embeddable":true,"href":"https:\/\/grandepremio.com\/es\/wp-json\/wp\/v2\/tags?post=25513"},{"taxonomy":"42wp_author","embeddable":true,"href":"https:\/\/grandepremio.com\/es\/wp-json\/wp\/v2\/42wp_author?post=25513"}],"curies":[{"name":"wp","href":"https:\/\/api.w.org\/{rel}","templated":true}]}}