{"id":25528,"date":"2021-09-01T11:31:06","date_gmt":"2021-09-01T14:31:06","guid":{"rendered":"https:\/\/grandepremio.com\/es\/2021\/09\/01\/alpine-piensa-apoyar-a-alonso-en-la-indy-500-seria-bueno-para-la-marca\/"},"modified":"2021-09-01T12:06:23","modified_gmt":"2021-09-01T15:06:23","slug":"alpine-piensa-apoyar-a-alonso-en-la-indy-500-seria-bueno-para-la-marca","status":"publish","type":"post","link":"https:\/\/grandepremio.com\/es\/f1\/alpine-piensa-apoyar-a-alonso-en-la-indy-500-seria-bueno-para-la-marca\/","title":{"rendered":"Alpine considera apoyar a Alonso en la Indy 500: \u201cSer\u00eda muy bueno para la marca&#8221;"},"content":{"rendered":"\n<p class=\"wp-block-paragraph\">Incluso volviendo a la F\u00f3rmula 1, Fernando Alonso nunca ocult\u00f3 sus planes de sobresalir en la Indy y ganar las 500 millas de Indian\u00e1polis. El espa\u00f1ol tiene como gran anhelo conquistar la Triple Corona e igualar al legendario Graham Hill, y este mi\u00e9rcoles recibi\u00f3 la buena noticia de que tendr\u00eda el apoyo de Alpine para lograr ese objetivo. <\/p>\n\n\n\n<p class=\"wp-block-paragraph\">Alonso logr\u00f3 victorias en 2006 y 2007 en el GP de M\u00f3naco y triunf\u00f3 en 2018 y 2019 en las 24 Horas de Le Mans. De manera que s\u00f3lo le falta la Indy 500 en el curr\u00edculum, que en sus dos primeros intentos no logr\u00f3 conquistarla. En opini\u00f3n del director general de Alpine, Laurent Rossi, el apoyo ser\u00eda una manera de agradecer los servicios prestados por el espa\u00f1ol y tambi\u00e9n una forma de lograr trascendencia de los Estados Unidos.<\/p>\n\n\n\n<p class=\"wp-block-paragraph\"><strong>\u00a1Conoce el canal de Gran Premio en\u00a0<a href=\"https:\/\/www.youtube.com\/c\/GrandePremioTV\">YouTube<\/a>!<br>\u00a1Sigue a Gran Premio en\u00a0<a href=\"https:\/\/twitter.com\/granpremioes\" target=\"_blank\" rel=\"noreferrer noopener\">Twitter\u00a0<\/a>y en\u00a0<a href=\"https:\/\/instagram.com\/granpremio_es\" target=\"_blank\" rel=\"noreferrer noopener\">Instagram<\/a>!<\/strong><\/p>\n\n\n\n<figure class=\"wp-block-image size-large\"><img decoding=\"async\" src=\"https:\/\/grandepremio.com\/es\/\/wp-content\/uploads\/2021\/09\/jm2129au301-1024x683.jpg\" alt=\"\" class=\"wp-image-33679\"\/><figcaption>Fernando Alonso fue 11\u00b0 en el fallido GP de B\u00e9lgica, que solo tuvo dos vueltas. (Foto: Alpine)<\/figcaption><\/figure>\n\n\n\n<p class=\"wp-block-paragraph\">&#8220;Podr\u00eda ser algo que consideremos, especialmente si Fernando se retira de la F\u00f3rmula 1, el momento es bueno y tenemos un auto. Podemos hacerlo, podemos conseguirlo. Nos plantearemos meditar sobre el asunto, le debemos mucho a Fernando y para la marca tambi\u00e9n ser\u00eda bueno. Aunque todav\u00eda no estemos presentes en este mercado (de Estados Unidos), es algo que ser\u00eda muy bueno para la marca&#8221;, expres\u00f3 Rossi.<\/p>\n\n\n\n<p class=\"wp-block-paragraph\">En paralelo, Rossi cit\u00f3 la fusi\u00f3n de las especificaciones t\u00e9cnicas del WEC y la IMSA, que entrar\u00e1n en vigor a partir de 2023, como otra oportunidad de oro para que Alpine pueda competir en esa regi\u00f3n. &#8220;El reglamento LMDh [hypercars] nos permite ahora correr en el IMSA y eso podr\u00eda ser algo interesante si elegimos ese camino para tener a Fernando, un piloto de resistencia muy entusiasta, para reforzar nuestro equipo que ya es bastante fuerte&#8221;, proyect\u00f3.<\/p>\n\n\n\n<figure class=\"wp-block-image size-large\"><img decoding=\"async\" src=\"https:\/\/grandepremio.com\/es\/\/wp-content\/uploads\/2021\/08\/jm2101au282-1-1024x683.jpg\" alt=\"\" class=\"wp-image-32744\"\/><figcaption>Fernando Alonso y Lewis Hamilton protagonizaron una lucha rueda a rueda en Hungr\u00eda. (Foto: Alpine)<\/figcaption><\/figure>\n\n\n\n<p class=\"wp-block-paragraph\">Por \u00faltimo, Rossi coment\u00f3 sobre la actualidad del espa\u00f1ol en la F\u00f3rmula 1, <a href=\"https:\/\/grandepremio.com\/es\/\/f1\/alonso-confirma-renovacion-con-alpine-para-2022-con-mensaje-cifrado\/\">a quien recientemente se le renov\u00f3 su contrato<\/a> por una temporada m\u00e1s. <a href=\"https:\/\/grandepremio.com\/es\/\/f1\/f1-termina-carrera-burlesca-en-spa-de-dos-vueltas-y-verstappen-vencedor\/\">Antes de terminar 11\u00ba en la fallida carrera de B\u00e9lgica<\/a>, Alonso recibi\u00f3 elogios <a href=\"https:\/\/grandepremio.com\/es\/\/f1\/ocon-logra-victoria-increible-en-un-gp-de-hungria-caotico-y-memorable\/\">cuando termin\u00f3 4\u00b0 en Hungr\u00eda tras una batalla con Lewis Hamilton<\/a>.<\/p>\n\n\n\n<p class=\"wp-block-paragraph\">&#8220;Me gustar\u00eda tener 20 personas como \u00e9l, que exige la excelencia y aporta rendimiento a cambio. Es una leyenda del deporte. Si rinde as\u00ed el a\u00f1o que viene, para m\u00ed ser\u00eda un error profesional no seguir con \u00e9l. \u00bfPor qu\u00e9 no iba a considerarlo? Es un lujo tener a Fernando Alonso con este nivel de rendimiento&#8221;, finaliz\u00f3 Rossi.<\/p>\n","protected":false},"excerpt":{"rendered":"<p>Incluso volviendo a la F\u00f3rmula 1, Fernando Alonso nunca ocult\u00f3 sus planes de sobresalir en la Indy y ganar las 500 millas de Indian\u00e1polis. El espa\u00f1ol tiene como gran anhelo conquistar la Triple Corona e igualar al legendario Graham Hill, y este mi\u00e9rcoles recibi\u00f3 la buena noticia de que tendr\u00eda el apoyo de Alpine para [&hellip;]<\/p>\n","protected":false},"author":0,"featured_media":1010033678,"comment_status":"closed","ping_status":"closed","sticky":false,"template":"","format":"standard","meta":{"42wp_featured_image_caption":"","42wp_featured_image_credits":"","42wp_featured_video":"","42wp_featured_image_hidden":false,"42wp_authors_list":[],"footnotes":""},"categories":[5],"tags":[598,181,184,179,322,599,1500,311],"42wp_author":[14223],"class_list":["post-25528","post","type-post","status-publish","format-standard","has-post-thumbnail","hentry","category-f1","tag-500-millas-de-indianapolis","tag-f1","tag-fernando-alonso","tag-formula-1","tag-imsa","tag-indy500","tag-laurent-rossi","tag-wec","42wp_author-esteban-nieto"],"_links":{"self":[{"href":"https:\/\/grandepremio.com\/es\/wp-json\/wp\/v2\/posts\/25528","targetHints":{"allow":["GET"]}}],"collection":[{"href":"https:\/\/grandepremio.com\/es\/wp-json\/wp\/v2\/posts"}],"about":[{"href":"https:\/\/grandepremio.com\/es\/wp-json\/wp\/v2\/types\/post"}],"replies":[{"embeddable":true,"href":"https:\/\/grandepremio.com\/es\/wp-json\/wp\/v2\/comments?post=25528"}],"version-history":[{"count":0,"href":"https:\/\/grandepremio.com\/es\/wp-json\/wp\/v2\/posts\/25528\/revisions"}],"wp:featuredmedia":[{"embeddable":true,"href":"https:\/\/grandepremio.com\/es\/wp-json\/wp\/v2\/media\/1010033678"}],"wp:attachment":[{"href":"https:\/\/grandepremio.com\/es\/wp-json\/wp\/v2\/media?parent=25528"}],"wp:term":[{"taxonomy":"category","embeddable":true,"href":"https:\/\/grandepremio.com\/es\/wp-json\/wp\/v2\/categories?post=25528"},{"taxonomy":"post_tag","embeddable":true,"href":"https:\/\/grandepremio.com\/es\/wp-json\/wp\/v2\/tags?post=25528"},{"taxonomy":"42wp_author","embeddable":true,"href":"https:\/\/grandepremio.com\/es\/wp-json\/wp\/v2\/42wp_author?post=25528"}],"curies":[{"name":"wp","href":"https:\/\/api.w.org\/{rel}","templated":true}]}}