{"id":25529,"date":"2021-09-01T10:01:00","date_gmt":"2021-09-01T13:01:00","guid":{"rendered":"https:\/\/grandepremio.com\/es\/2021\/09\/01\/aprilia-anticipa-debut-y-correra-con-vinales-a-partir-del-gp-de-aragon\/"},"modified":"2021-09-01T12:05:45","modified_gmt":"2021-09-01T15:05:45","slug":"aprilia-anticipa-debut-y-correra-con-vinales-a-partir-del-gp-de-aragon","status":"publish","type":"post","link":"https:\/\/grandepremio.com\/es\/motogp\/aprilia-anticipa-debut-y-correra-con-vinales-a-partir-del-gp-de-aragon\/","title":{"rendered":"Aprilia anticipa debut y pone a Vi\u00f1ales en lugar de Savadori a partir del GP de Arag\u00f3n"},"content":{"rendered":"\n<p class=\"wp-block-paragraph\">Maverick Vi\u00f1ales ya tiene una fecha estipulada para debutar con Aprilia: el 12 de septiembre. La casa de Noale confirm\u00f3 este mi\u00e9rcoles que el espa\u00f1ol tomar\u00e1 el relevo de Lorenzo Savadori y estar\u00e1 junto a Aleix Espargar\u00f3 a partir del GP de Arag\u00f3n, decimotercera prueba de la temporada 2021 de MotoGP.<\/p>\n\n\n\n<p class=\"wp-block-paragraph\">Vi\u00f1ales arrib\u00f3 a Aprilia <a href=\"https:\/\/grandepremio.com\/es\/\/motogp\/vinales-oficializa-salida-de-yamaha-a-fin-de-ano-y-abre-camino-hacia-aprilia\/\">tras el fin anticipado de su relaci\u00f3n con Yamaha<\/a>. Inicialmente, la negociaci\u00f3n se centr\u00f3 en 2022, pero su ruptura del contrato con la terminal japonesa hizo posible el inicio anticipado de la asociaci\u00f3n.<\/p>\n\n\n\n<p class=\"wp-block-paragraph\"><strong>\u00a1Conoce el canal de Gran Premio en\u00a0<a href=\"https:\/\/www.youtube.com\/c\/GrandePremioTV\">YouTube<\/a>!<br>\u00a1Sigue a Gran Premio en\u00a0<a href=\"https:\/\/twitter.com\/granpremioes\" target=\"_blank\" rel=\"noreferrer noopener\">Twitter\u00a0<\/a>y en\u00a0<a href=\"https:\/\/instagram.com\/granpremio_es\" target=\"_blank\" rel=\"noreferrer noopener\">Instagram<\/a>!<\/strong><\/p>\n\n\n\n<p class=\"wp-block-paragraph\"><\/p>\n\n\n\n<figure class=\"wp-block-image size-large\"><img decoding=\"async\" src=\"https:\/\/grandepremio.com\/es\/\/wp-content\/uploads\/2021\/09\/vinales-aprilia2-1.jpg\" alt=\"\" class=\"wp-image-33675\"\/><figcaption>Vi\u00f1ales debutar\u00e1 con la casa de Noale luego de la ruptura de su contrato con Yamaha. (Foto: MotoGP)<\/figcaption><\/figure>\n\n\n\n<p class=\"wp-block-paragraph\">El martes, Maverick realiz\u00f3 su primer test con la RS-GP en Misano y sorprendi\u00f3 positivamente al equipo. En Instagram, el propio piloto confirm\u00f3 que gir\u00f3 en 1min33s0 por primera vez con un motor V4 en MotoGP. El r\u00e9cord de la pista es de 1min31s077, registrado por el propio espa\u00f1ol en 2020.<\/p>\n\n\n\n<p class=\"wp-block-paragraph\">Con el ascenso anticipado del &#8216;Top Gun&#8217; quien pierde su puesto es Lorenzo Savadori, que ya fue confirmado como piloto probador para 2022. Adem\u00e1s, el italiano disfrutar\u00e1 de los wild-cards a los que tiene derecho Aprilia en lo que queda de campeonato. El calendario, sin embargo, s\u00f3lo se definir\u00e1 cuando el piloto <a href=\"https:\/\/grandepremio.com\/es\/\/motogp\/savadori-sufre-fractura-de-tobillo-tras-fuerte-accidente-en-el-gp-de-estiria\/\">se recupere de la lesi\u00f3n que sufri\u00f3 en su tobillo derecho en el GP de Estiria.<\/a><\/p>\n\n\n\n<p class=\"wp-block-paragraph\">El MotoGP volver\u00e1 a la acci\u00f3n el 12 de septiembre, con el GP de Arag\u00f3n en MotorLand. GRANDE PR\u00caMIO sigue todas las actividades del Campeonato del Mundo de MotoGP 2021.<\/p>\n","protected":false},"excerpt":{"rendered":"<p>Maverick Vi\u00f1ales ya tiene una fecha estipulada para debutar con Aprilia: el 12 de septiembre. La casa de Noale confirm\u00f3 este mi\u00e9rcoles que el espa\u00f1ol tomar\u00e1 el relevo de Lorenzo Savadori y estar\u00e1 junto a Aleix Espargar\u00f3 a partir del GP de Arag\u00f3n, decimotercera prueba de la temporada 2021 de MotoGP. Vi\u00f1ales arrib\u00f3 a Aprilia [&hellip;]<\/p>\n","protected":false},"author":0,"featured_media":1010033673,"comment_status":"closed","ping_status":"closed","sticky":false,"template":"","format":"standard","meta":{"42wp_featured_image_caption":"","42wp_featured_image_credits":"","42wp_featured_video":"","42wp_featured_image_hidden":false,"42wp_authors_list":[],"footnotes":""},"categories":[8],"tags":[1394,1571,1522,1391,1293,1309],"42wp_author":[14223],"class_list":["post-25529","post","type-post","status-publish","format-standard","has-post-thumbnail","hentry","category-motogp","tag-aprilia","tag-gp-de-aragon","tag-lorenzo-savadori","tag-maverick-vinales","tag-motogp","tag-yamaha","42wp_author-esteban-nieto"],"_links":{"self":[{"href":"https:\/\/grandepremio.com\/es\/wp-json\/wp\/v2\/posts\/25529","targetHints":{"allow":["GET"]}}],"collection":[{"href":"https:\/\/grandepremio.com\/es\/wp-json\/wp\/v2\/posts"}],"about":[{"href":"https:\/\/grandepremio.com\/es\/wp-json\/wp\/v2\/types\/post"}],"replies":[{"embeddable":true,"href":"https:\/\/grandepremio.com\/es\/wp-json\/wp\/v2\/comments?post=25529"}],"version-history":[{"count":0,"href":"https:\/\/grandepremio.com\/es\/wp-json\/wp\/v2\/posts\/25529\/revisions"}],"wp:featuredmedia":[{"embeddable":true,"href":"https:\/\/grandepremio.com\/es\/wp-json\/wp\/v2\/media\/1010033673"}],"wp:attachment":[{"href":"https:\/\/grandepremio.com\/es\/wp-json\/wp\/v2\/media?parent=25529"}],"wp:term":[{"taxonomy":"category","embeddable":true,"href":"https:\/\/grandepremio.com\/es\/wp-json\/wp\/v2\/categories?post=25529"},{"taxonomy":"post_tag","embeddable":true,"href":"https:\/\/grandepremio.com\/es\/wp-json\/wp\/v2\/tags?post=25529"},{"taxonomy":"42wp_author","embeddable":true,"href":"https:\/\/grandepremio.com\/es\/wp-json\/wp\/v2\/42wp_author?post=25529"}],"curies":[{"name":"wp","href":"https:\/\/api.w.org\/{rel}","templated":true}]}}