{"id":25541,"date":"2021-08-30T12:11:00","date_gmt":"2021-08-30T15:11:00","guid":{"rendered":"https:\/\/grandepremio.com\/es\/2021\/08\/30\/director-de-carrera-propone-discutir-reglas-y-evitar-otro-papelon-en-la-f1\/"},"modified":"2021-08-30T12:15:36","modified_gmt":"2021-08-30T15:15:36","slug":"director-de-carrera-propone-discutir-reglas-y-evitar-otro-papelon-en-la-f1","status":"publish","type":"post","link":"https:\/\/grandepremio.com\/es\/f1\/director-de-carrera-propone-discutir-reglas-y-evitar-otro-papelon-en-la-f1\/","title":{"rendered":"Director de carrera propone discutir reglas con equipos y evitar otro papel\u00f3n en la F1"},"content":{"rendered":"\n<p class=\"wp-block-paragraph\">Director de carrera de la FIA para la F\u00f3rmula 1 desde 2019, Michael Masi vivi\u00f3 este domingo el &#8220;d\u00eda m\u00e1s infernal&#8221; de su carrera. Criticado desde todos los frentes <a href=\"https:\/\/grandepremio.com\/es\/\/f1\/f1-termina-carrera-burlesca-en-spa-de-dos-vueltas-y-verstappen-vencedor\/\">por su decisi\u00f3n de seguir adelante con el GP de B\u00e9lgica<\/a> -una carrera que no fue tal, con el transcurso de s\u00f3lo dos vueltas en r\u00e9gimen de auto de seguridad para que fuera oficialmente v\u00e1lida-, el australiano volvi\u00f3 a defender su actitud, pero prometi\u00f3 hablar con los equipos para cambiar el reglamento y evitar que se repita el escenario ocurrido en Spa-Francorchamps.<\/p>\n\n\n\n<p class=\"wp-block-paragraph\">En una rueda de prensa horas despu\u00e9s de la pol\u00e9mica, Masi dijo que propondr\u00e1 un debate con los equipos de la parrilla para analizar la posibilidad de cambios en el reglamento de la F\u00f3rmula 1. De esta forma, busca ampliar el abanico de opciones ante condiciones clim\u00e1ticas tan extremas como las del pasado domingo.<\/p>\n\n\n\n<p class=\"wp-block-paragraph\"><strong>\u00a1Conoce el canal de Gran Premio en\u00a0<a href=\"https:\/\/www.youtube.com\/c\/GrandePremioTV\">YouTube<\/a>!<br>\u00a1Sigue a Gran Premio en\u00a0<a href=\"https:\/\/twitter.com\/granpremioes\" target=\"_blank\" rel=\"noreferrer noopener\">Twitter\u00a0<\/a>y en\u00a0<a href=\"https:\/\/instagram.com\/granpremio_es\" target=\"_blank\" rel=\"noreferrer noopener\">Instagram<\/a>!<\/strong><\/p>\n\n\n\n<p class=\"wp-block-paragraph\">&#8220;Creo que despu\u00e9s de este fin de semana, y en nuestra pr\u00f3xima reuni\u00f3n para definir el reglamento del a\u00f1o que viene, analizaremos muchas cosas, y luego veremos la opini\u00f3n de cada uno&#8221;, declar\u00f3 el sucesor Charlie Whiring, que muri\u00f3 en marzo de 2019 de una embolia pulmonar en la v\u00edspera del GP de Australia de ese a\u00f1o.<\/p>\n\n\n\n<figure class=\"wp-block-image size-large\"><img decoding=\"async\" src=\"https:\/\/grandepremio.com\/es\/\/wp-content\/uploads\/2021\/08\/masi-1024x576.jpg\" alt=\"\" class=\"wp-image-33606\"\/><figcaption>Michael Masi, director de carrera de la FIA en la F\u00f3rmula 1. (Foto: F1\/Twitter)<\/figcaption><\/figure>\n\n\n\n<p class=\"wp-block-paragraph\">La \u00fanica certeza que tiene el australiano ante todo lo sucedido en Spa-Francorchamps es que el pasado domingo nunca se olvidar\u00e1. &#8220;Fue probablemente el d\u00eda m\u00e1s infernal. Obviamente hemos visto buen y mal tiempo aqu\u00ed todo el fin de semana, pero hoy fue el peor de todos. Fue un reto&#8221;.<\/p>\n\n\n\n<p class=\"wp-block-paragraph\">El director de carrera reiter\u00f3 que llev\u00f3 los autos a la pista, despu\u00e9s de tres horas y de paralizar la carrera, porque vio una ventana meteorol\u00f3gica. Pero, como dijo el propio australiano, &#8220;el tiempo nos gan\u00f3&#8221;.<\/p>\n\n\n\n<p class=\"wp-block-paragraph\">&#8220;Todos est\u00e1bamos mirando una ventana que cre\u00edamos que estar\u00eda all\u00ed. Los equipos vieron que hab\u00eda una franja meteorol\u00f3gica [mejora] en la que pensamos que pod\u00edamos hacer algo. Como todos sab\u00e9n por ser aficionados a la F1, el tiempo cambia muy r\u00e1pido en este lugar. A veces hay lluvia en un lado y por el otro sol&#8221;, explic\u00f3 Michael al recordar las siempre volubles condiciones meteorol\u00f3gicas de Spa.<\/p>\n\n\n\n<p class=\"wp-block-paragraph\">&#8220;Cre\u00edmos que se pod\u00eda largar, pero el tiempo empeor\u00f3 tan bruscamente que, por desgracia, no fue posible&#8221;, se lament\u00f3 Michael Masi.<\/p>\n","protected":false},"excerpt":{"rendered":"<p>Director de carrera de la FIA para la F\u00f3rmula 1 desde 2019, Michael Masi vivi\u00f3 este domingo el &#8220;d\u00eda m\u00e1s infernal&#8221; de su carrera. Criticado desde todos los frentes por su decisi\u00f3n de seguir adelante con el GP de B\u00e9lgica -una carrera que no fue tal, con el transcurso de s\u00f3lo dos vueltas en r\u00e9gimen [&hellip;]<\/p>\n","protected":false},"author":0,"featured_media":1010029358,"comment_status":"closed","ping_status":"closed","sticky":false,"template":"","format":"standard","meta":{"42wp_featured_image_caption":"","42wp_featured_image_credits":"","42wp_featured_video":"","42wp_featured_image_hidden":false,"42wp_authors_list":[],"footnotes":""},"categories":[5],"tags":[1567,181,179,646,449],"42wp_author":[14223],"class_list":["post-25541","post","type-post","status-publish","format-standard","has-post-thumbnail","hentry","category-f1","tag-director-de-carrera","tag-f1","tag-formula-1","tag-gp-de-belgica","tag-michael-masi","42wp_author-esteban-nieto"],"_links":{"self":[{"href":"https:\/\/grandepremio.com\/es\/wp-json\/wp\/v2\/posts\/25541","targetHints":{"allow":["GET"]}}],"collection":[{"href":"https:\/\/grandepremio.com\/es\/wp-json\/wp\/v2\/posts"}],"about":[{"href":"https:\/\/grandepremio.com\/es\/wp-json\/wp\/v2\/types\/post"}],"replies":[{"embeddable":true,"href":"https:\/\/grandepremio.com\/es\/wp-json\/wp\/v2\/comments?post=25541"}],"version-history":[{"count":0,"href":"https:\/\/grandepremio.com\/es\/wp-json\/wp\/v2\/posts\/25541\/revisions"}],"wp:featuredmedia":[{"embeddable":true,"href":"https:\/\/grandepremio.com\/es\/wp-json\/wp\/v2\/media\/1010029358"}],"wp:attachment":[{"href":"https:\/\/grandepremio.com\/es\/wp-json\/wp\/v2\/media?parent=25541"}],"wp:term":[{"taxonomy":"category","embeddable":true,"href":"https:\/\/grandepremio.com\/es\/wp-json\/wp\/v2\/categories?post=25541"},{"taxonomy":"post_tag","embeddable":true,"href":"https:\/\/grandepremio.com\/es\/wp-json\/wp\/v2\/tags?post=25541"},{"taxonomy":"42wp_author","embeddable":true,"href":"https:\/\/grandepremio.com\/es\/wp-json\/wp\/v2\/42wp_author?post=25541"}],"curies":[{"name":"wp","href":"https:\/\/api.w.org\/{rel}","templated":true}]}}