{"id":25546,"date":"2021-08-29T16:38:49","date_gmt":"2021-08-29T19:38:49","guid":{"rendered":"https:\/\/grandepremio.com\/es\/2021\/08\/29\/director-fia-dice-que-no-habia-opcion-y-justifica-no-aplazar-gp-de-belgica\/"},"modified":"2021-08-29T18:20:52","modified_gmt":"2021-08-29T21:20:52","slug":"director-fia-dice-que-no-habia-opcion-y-justifica-no-aplazar-gp-de-belgica","status":"publish","type":"post","link":"https:\/\/grandepremio.com\/es\/f1\/director-fia-dice-que-no-habia-opcion-y-justifica-no-aplazar-gp-de-belgica\/","title":{"rendered":"Director apunta que FIA \u201ctrat\u00f3 de hacer lo mejor\u201d y justifica no aplazar GP de B\u00e9lgica"},"content":{"rendered":"\n<p class=\"wp-block-paragraph\"><a href=\"https:\/\/grandepremio.com\/es\/\/f1\/f1-termina-carrera-burlesca-en-spa-de-dos-vueltas-y-verstappen-vencedor\/\">La ca\u00f3tica carrera del domingo en B\u00e9lgica entr\u00f3 en la historia de la F\u00f3rmula 1<\/a>. Ya sea por la duraci\u00f3n de la carrera, con s\u00f3lo 1 vuelta contabilizada oficialmente por el cronometraje oficial de la FIA (Federaci\u00f3n Internacional del Autom\u00f3vil), o por el confuso y controvertido resultado. El director de carrera, el australiano Michael Masi, entiende que no hab\u00eda otras alternativas, como cancelar la carrera o posponerla para el lunes.<\/p>\n\n\n\n<p class=\"wp-block-paragraph\">La decisi\u00f3n de correrla con s\u00f3lo unas vueltas en r\u00e9gimen de auto de seguridad para que la carrera pudiera considerarse v\u00e1lida, incluso con el reparto de puntos por la mitad, dio como ganador a Max Verstappen, a George Russell como escolta y a Lewis Hamilton en el tercer lugar del podio.<\/p>\n\n\n\n<p class=\"wp-block-paragraph\"><strong>\u00a1Conoce el canal de Gran Premio en\u00a0<a href=\"https:\/\/www.youtube.com\/c\/GrandePremioTV\">YouTube<\/a>!<br>\u00a1Sigue a Gran Premio en\u00a0<a href=\"https:\/\/twitter.com\/granpremioes\" target=\"_blank\" rel=\"noreferrer noopener\">Twitter\u00a0<\/a>y en\u00a0<a href=\"https:\/\/instagram.com\/granpremio_es\" target=\"_blank\" rel=\"noreferrer noopener\">Instagram<\/a>!<\/strong><\/p>\n\n\n\n<figure class=\"wp-block-image size-large\"><img decoding=\"async\" src=\"https:\/\/grandepremio.com\/es\/\/wp-content\/uploads\/2021\/08\/spa1-1024x576.jpg\" alt=\"\" class=\"wp-image-33578\"\/><figcaption>El temporal en Spa-Francorchamps impidi\u00f3 la realizaci\u00f3n del GP de B\u00e9lgica. (Foto: F1\/Twitter) <\/figcaption><\/figure>\n\n\n\n<p class=\"wp-block-paragraph\">Sin embargo, a juicio de Masi, no hab\u00eda opci\u00f3n. &#8220;Fue un d\u00eda largo. Hoy vimos lo peor del clima. Las condiciones no fueron las mejores durante todo el fin de semana, pero hoy el tiempo nos venci\u00f3&#8221;, lament\u00f3 el director en una entrevista emitida por la cadena brit\u00e1nica Sky Sports.<\/p>\n\n\n\n<p class=\"wp-block-paragraph\">&#8220;El asunto era ver c\u00f3mo estaban las condiciones. Estuvimos en contacto constante con nuestro proveedor oficial de informaci\u00f3n meteorol\u00f3gica. Hubo una ventana en la que parec\u00eda posible dar un aviso de 10 minutos&#8221;, dijo Masi sobre el momento en que crey\u00f3 que era posible iniciar la carrera despu\u00e9s de m\u00e1s de tres horas de espera.<\/p>\n\n\n\n<p class=\"wp-block-paragraph\">&#8220;Varios equipos vieron esa ventana, pero luego el clima se impuso&#8221;, lament\u00f3 el australiano.<\/p>\n\n\n\n<figure class=\"wp-block-image size-large\"><img decoding=\"async\" src=\"https:\/\/grandepremio.com\/es\/\/wp-content\/uploads\/2021\/08\/E94QfN6XsAYJYqT-1-1024x576.jpg\" alt=\"\" class=\"wp-image-33582\"\/><figcaption>La F\u00f3rmula 1 disput\u00f3 una carrera de dos vueltas en Spa-Francorchamps. (Foto: F1\/Twitter)<\/figcaption><\/figure>\n\n\n\n<p class=\"wp-block-paragraph\">El directivo se mostr\u00f3 decepcionado por la situaci\u00f3n m\u00e1s extrema a la que se ha enfrentado desde que asumi\u00f3 el cargo de director de carrera de la FIA en la F\u00f3rmula 1. &#8220;Es decepcionante para todos y hemos intentado hacerlo lo mejor posible&#8221;. Sin embargo, Masi reforz\u00f3 que el objetivo principal siempre ha sido garantizar la seguridad de los implicados.<\/p>\n\n\n\n<p class=\"wp-block-paragraph\">&#8220;Desde la perspectiva de la FIA y de la F\u00f3rmula 1, la seguridad es primordial para los pilotos, los equipos y todos los espectadores. Hemos dado todas las oportunidades disponibles dentro de los reglamentos y el C\u00f3digo Deportivo Internacional. Lamentablemente, en este caso, no pudimos recorrer la distancia [de la carrera]&#8221;, a\u00f1adi\u00f3.<\/p>\n\n\n\n<p class=\"wp-block-paragraph\">Preguntado por la posibilidad de reprogramar la carrera al lunes, el director de la FIA justific\u00f3 la decisi\u00f3n, tomada principalmente por razones log\u00edsticas. El Campeonato del Mundo se dirige ahora a Zandvoort, sede del GP de Holanda el pr\u00f3ximo fin de semana. El circuito est\u00e1 a menos de tres horas (o 295,3 km) de Spa-Francorchamps.<\/p>\n\n\n\n<p class=\"wp-block-paragraph\">&#8220;No hay forma de posponer la carrera hasta ma\u00f1ana. Hay toda una lista de razones. Ser\u00edan p\u00e1ginas. Organizadores, todos aqu\u00ed. No se puede posponer a otro d\u00eda&#8221;, concluy\u00f3.<\/p>\n","protected":false},"excerpt":{"rendered":"<p>La ca\u00f3tica carrera del domingo en B\u00e9lgica entr\u00f3 en la historia de la F\u00f3rmula 1. Ya sea por la duraci\u00f3n de la carrera, con s\u00f3lo 1 vuelta contabilizada oficialmente por el cronometraje oficial de la FIA (Federaci\u00f3n Internacional del Autom\u00f3vil), o por el confuso y controvertido resultado. El director de carrera, el australiano Michael Masi, [&hellip;]<\/p>\n","protected":false},"author":0,"featured_media":1010033606,"comment_status":"closed","ping_status":"closed","sticky":false,"template":"","format":"standard","meta":{"42wp_featured_image_caption":"","42wp_featured_image_credits":"","42wp_featured_video":"","42wp_featured_image_hidden":false,"42wp_authors_list":[],"footnotes":""},"categories":[5],"tags":[181,263,179,646,449,637],"42wp_author":[14223],"class_list":["post-25546","post","type-post","status-publish","format-standard","has-post-thumbnail","hentry","category-f1","tag-f1","tag-fia","tag-formula-1","tag-gp-de-belgica","tag-michael-masi","tag-spa-francorchamps","42wp_author-esteban-nieto"],"_links":{"self":[{"href":"https:\/\/grandepremio.com\/es\/wp-json\/wp\/v2\/posts\/25546","targetHints":{"allow":["GET"]}}],"collection":[{"href":"https:\/\/grandepremio.com\/es\/wp-json\/wp\/v2\/posts"}],"about":[{"href":"https:\/\/grandepremio.com\/es\/wp-json\/wp\/v2\/types\/post"}],"replies":[{"embeddable":true,"href":"https:\/\/grandepremio.com\/es\/wp-json\/wp\/v2\/comments?post=25546"}],"version-history":[{"count":0,"href":"https:\/\/grandepremio.com\/es\/wp-json\/wp\/v2\/posts\/25546\/revisions"}],"wp:featuredmedia":[{"embeddable":true,"href":"https:\/\/grandepremio.com\/es\/wp-json\/wp\/v2\/media\/1010033606"}],"wp:attachment":[{"href":"https:\/\/grandepremio.com\/es\/wp-json\/wp\/v2\/media?parent=25546"}],"wp:term":[{"taxonomy":"category","embeddable":true,"href":"https:\/\/grandepremio.com\/es\/wp-json\/wp\/v2\/categories?post=25546"},{"taxonomy":"post_tag","embeddable":true,"href":"https:\/\/grandepremio.com\/es\/wp-json\/wp\/v2\/tags?post=25546"},{"taxonomy":"42wp_author","embeddable":true,"href":"https:\/\/grandepremio.com\/es\/wp-json\/wp\/v2\/42wp_author?post=25546"}],"curies":[{"name":"wp","href":"https:\/\/api.w.org\/{rel}","templated":true}]}}