{"id":25547,"date":"2021-08-29T15:51:01","date_gmt":"2021-08-29T18:51:01","guid":{"rendered":"https:\/\/grandepremio.com\/es\/2021\/08\/29\/williams-apoya-medida-de-la-f1-y-vibra-con-top-3-un-podio-es-un-podio\/"},"modified":"2021-08-29T18:20:18","modified_gmt":"2021-08-29T21:20:18","slug":"williams-apoya-medida-de-la-f1-y-vibra-con-top-3-un-podio-es-un-podio","status":"publish","type":"post","link":"https:\/\/grandepremio.com\/es\/f1\/williams-apoya-medida-de-la-f1-y-vibra-con-top-3-un-podio-es-un-podio\/","title":{"rendered":"Williams defiende decisi\u00f3n de la F1 y vibra con resultado: \u201cUn podio es un podio\u201d"},"content":{"rendered":"\n<p class=\"wp-block-paragraph\">\u00bfQu\u00e9 pas\u00f3 en B\u00e9lgica? <a href=\"https:\/\/grandepremio.com\/es\/\/f1\/f1-termina-carrera-burlesca-en-spa-de-dos-vueltas-y-verstappen-vencedor\/\">La mayor\u00eda de las opiniones son cr\u00edticas con la forma en que la direcci\u00f3n de carrera actu\u00f3 a lo largo de la lluviosa jornada en Spa-Francorchamps<\/a>. Pero tambi\u00e9n, est\u00e1n los que defendieron las circunstancias, sobre todo, aquellos que terminaron beneficiados. Ese fue el caso de Jost Capito, director deportivo de Williams, que se mostr\u00f3 encantado con el resultado.<\/p>\n\n\n\n<p class=\"wp-block-paragraph\">A falta de una verdadera carrera -s\u00f3lo hubo tres vueltas bajo el auto de seguridad-, George Russell termin\u00f3 en el segundo puesto y subi\u00f3 al podio. Este Top-3 es el primero de Williams desde el obtenido por Lance Stroll en el GP de Azerbaiy\u00e1n de 2017, y tambi\u00e9n el primigenio bajo el control de Dorilton Capital, su nueva due\u00f1a tras su compra a la familia Williams.<\/p>\n\n\n\n<p class=\"wp-block-paragraph\"><strong>\u00a1Conoce el canal de Gran Premio en\u00a0<a href=\"https:\/\/www.youtube.com\/c\/GrandePremioTV\">YouTube<\/a>!<br>\u00a1Sigue a Gran Premio en\u00a0<a href=\"https:\/\/twitter.com\/granpremioes\" target=\"_blank\" rel=\"noreferrer noopener\">Twitter\u00a0<\/a>y en\u00a0<a href=\"https:\/\/instagram.com\/granpremio_es\" target=\"_blank\" rel=\"noreferrer noopener\">Instagram<\/a>!<\/strong><\/p>\n\n\n\n<figure class=\"wp-block-image size-large\"><img decoding=\"async\" src=\"https:\/\/grandepremio.com\/es\/\/wp-content\/uploads\/2021\/08\/E94XrGhWQAEd6yZ-1-1024x576.jpg\" alt=\"\" class=\"wp-image-33583\"\/><figcaption>Las condiciones clim\u00e1ticas impidieron correr el GP de B\u00e9lgica. (Foto: F1\/Twitter)<\/figcaption><\/figure>\n\n\n\n<p class=\"wp-block-paragraph\">&#8220;Las condiciones meteorol\u00f3gicas eran tan malas que era imposible hacer una carrera normal. Hicieron todo lo posible para garantizar la seguridad de los conductores y tener un resultado final&#8221;, dijo.<\/p>\n\n\n\n<p class=\"wp-block-paragraph\">&#8220;Al final, un podio es un podio. Es bien merecido. El equipo hizo un trabajo fant\u00e1stico y ser\u00eda decepcionante que no hubiera carrera. Han trabajado mucho, estamos mejorando carrera a carrera. Esto llega en el momento oportuno&#8221;, concluy\u00f3.<\/p>\n\n\n\n<p class=\"wp-block-paragraph\">Adem\u00e1s, no s\u00f3lo Russell tuvo un gran resultado, sino tambi\u00e9n Nicholas Latifi termin\u00f3 noveno. Despu\u00e9s de un largo per\u00edodo sin puntos, Williams puntu\u00f3 con sus dos pilotos en las dos \u00faltimas carreras y ahora tiene 20 en el campeonato, asegurando pr\u00e1cticamente el octavo puesto en el Campeonato Mundial de Constructores.<\/p>\n\n\n\n<p class=\"wp-block-paragraph\">La F\u00f3rmula 1 seguir\u00e1 su actividad el pr\u00f3ximo fin de semana en Zandvoort, en el retorno del GP de Holanda al calendario tras 36 a\u00f1os. La \u00faltima carrera tuvo lugar en 1985 y fue la \u00faltima victoria del tricampe\u00f3n Niki Lauda en la F1.<\/p>\n","protected":false},"excerpt":{"rendered":"<p>\u00bfQu\u00e9 pas\u00f3 en B\u00e9lgica? La mayor\u00eda de las opiniones son cr\u00edticas con la forma en que la direcci\u00f3n de carrera actu\u00f3 a lo largo de la lluviosa jornada en Spa-Francorchamps. Pero tambi\u00e9n, est\u00e1n los que defendieron las circunstancias, sobre todo, aquellos que terminaron beneficiados. Ese fue el caso de Jost Capito, director deportivo de Williams, [&hellip;]<\/p>\n","protected":false},"author":0,"featured_media":1010033603,"comment_status":"closed","ping_status":"closed","sticky":false,"template":"","format":"standard","meta":{"42wp_featured_image_caption":"","42wp_featured_image_credits":"","42wp_featured_video":"","42wp_featured_image_hidden":false,"42wp_authors_list":[],"footnotes":""},"categories":[5],"tags":[181,179,253,646,1222,422,204],"42wp_author":[14223],"class_list":["post-25547","post","type-post","status-publish","format-standard","has-post-thumbnail","hentry","category-f1","tag-f1","tag-formula-1","tag-george-russell","tag-gp-de-belgica","tag-jost-capito","tag-nicholas-latifi","tag-williams","42wp_author-esteban-nieto"],"_links":{"self":[{"href":"https:\/\/grandepremio.com\/es\/wp-json\/wp\/v2\/posts\/25547","targetHints":{"allow":["GET"]}}],"collection":[{"href":"https:\/\/grandepremio.com\/es\/wp-json\/wp\/v2\/posts"}],"about":[{"href":"https:\/\/grandepremio.com\/es\/wp-json\/wp\/v2\/types\/post"}],"replies":[{"embeddable":true,"href":"https:\/\/grandepremio.com\/es\/wp-json\/wp\/v2\/comments?post=25547"}],"version-history":[{"count":0,"href":"https:\/\/grandepremio.com\/es\/wp-json\/wp\/v2\/posts\/25547\/revisions"}],"wp:featuredmedia":[{"embeddable":true,"href":"https:\/\/grandepremio.com\/es\/wp-json\/wp\/v2\/media\/1010033603"}],"wp:attachment":[{"href":"https:\/\/grandepremio.com\/es\/wp-json\/wp\/v2\/media?parent=25547"}],"wp:term":[{"taxonomy":"category","embeddable":true,"href":"https:\/\/grandepremio.com\/es\/wp-json\/wp\/v2\/categories?post=25547"},{"taxonomy":"post_tag","embeddable":true,"href":"https:\/\/grandepremio.com\/es\/wp-json\/wp\/v2\/tags?post=25547"},{"taxonomy":"42wp_author","embeddable":true,"href":"https:\/\/grandepremio.com\/es\/wp-json\/wp\/v2\/42wp_author?post=25547"}],"curies":[{"name":"wp","href":"https:\/\/api.w.org\/{rel}","templated":true}]}}