{"id":2565,"date":"2026-02-20T17:00:16","date_gmt":"2026-02-20T20:00:16","guid":{"rendered":"https:\/\/grandepremio.com\/es\/2026\/02\/20\/colapinto-explica-como-pretemporada-ayuda-mucho-f1-2026\/"},"modified":"2026-02-20T17:00:21","modified_gmt":"2026-02-20T20:00:21","slug":"colapinto-explica-como-pretemporada-ayuda-mucho-f1-2026","status":"publish","type":"post","link":"https:\/\/grandepremio.com\/es\/f1\/colapinto-explica-como-pretemporada-ayuda-mucho-f1-2026\/","title":{"rendered":"Colapinto explica c\u00f3mo pretemporada &#8220;ayuda mucho&#8221; en F1: &#8220;Algo que me falt\u00f3 antes&#8221;"},"content":{"rendered":"\n<p class=\"wp-block-paragraph\">Tras completar finalmente sus primeras pruebas de pretemporada desde su llegada a la <strong>F\u00f3rmula 1<\/strong>, <strong>Franco Colapinto<\/strong> afirm\u00f3 sentirse mucho m\u00e1s preparado para los retos que le esperan con <strong>Alpine<\/strong>. Adem\u00e1s, al analizar el orden de los equipos, el argentino dej\u00f3 claro que hay cuatro escuder\u00edas muy por delante, mientras que la zona media de la parrilla sigue muy ajustada.<\/p>\n\n\n\n<p class=\"wp-block-paragraph\">Cabe recordar que el #43 tuvo su primera oportunidad en la categor\u00eda en <strong>2024<\/strong>, cuando fue elegido para ocupar el puesto que dej\u00f3 <strong>Logan Sargeant<\/strong> en <strong>Williams<\/strong> a partir del <strong>GP de Italia<\/strong>. Sin un puesto en el equipo de <strong>Grove<\/strong>, tras el fichaje de <strong>Carlos Sainz<\/strong>, se convirti\u00f3 en piloto reserva del equipo dirigido por <strong>Flavio Briatore<\/strong> a principios de <strong>2025<\/strong>, recuperando su puesto titular durante el campeonato, esta vez en sustituci\u00f3n de <strong>Jack Doohan<\/strong>, desde el <strong>GP de Emilia-Roma\u00f1a<\/strong>.<\/p>\n\n\n\n<p class=\"wp-block-paragraph\">\ud83d\udfe5&nbsp;<strong><em>\u00a1Todas las novedades te esperan en el canal de&nbsp;<\/em><\/strong><a href=\"https:\/\/www.youtube.com\/@GrandePremioES\"><em>YouTube<\/em><\/a><strong><em>&nbsp;de Grande Pr\u00eamio en Espa\u00f1ol!<\/em><\/strong>&nbsp;\ud83d\udfe8<\/p>\n\n\n\n<figure class=\"wp-block-image size-large\"><img decoding=\"async\" src=\"https:\/\/grandepremio.com\/es\/wp-content\/uploads\/2026\/02\/HBh4fMtWsAAUG1b-1-1024x576.jpg\" alt=\"\" class=\"wp-image-393255\"\/><figcaption class=\"wp-element-caption\">Franco Colapinto celebr\u00f3 haber participado de su primera pretemporada. (Foto: Reproducci\u00f3n\/F1)<\/figcaption><\/figure>\n\n\n\n<p class=\"wp-block-paragraph\">\u23e9&nbsp;<strong><em>\u00a1Seguinos en redes por&nbsp;<\/em><\/strong><a href=\"https:\/\/twitter.com\/grandepremioES\"><em>Twitter&nbsp;<\/em><\/a><strong><em>e&nbsp;<\/em><\/strong><a href=\"https:\/\/www.instagram.com\/grandepremioes\/\"><em>Instagram!<\/em><\/a><br>\u23e9&nbsp;<strong><em>Adem\u00e1s, tenemos nuestro&nbsp;<\/em><\/strong><a href=\"https:\/\/whatsapp.com\/channel\/0029VaDZ5zb0gcfDxuwxBM05\"><em>canal de Whatsapp<\/em><\/a><strong><em>&nbsp;con toda la informaci\u00f3n al instante<\/em><\/strong>&nbsp;\ud83c\udfc1<\/p>\n\n\n\n<p class=\"wp-block-paragraph\">Por ello, el pilarense celebr\u00f3 la oportunidad de participar en las pruebas de <strong>Barcelona<\/strong> y <strong>Bahr\u00e9in<\/strong>. &#8220;Ayuda mucho. Es algo que me faltaba en los dos a\u00f1os anteriores. Es un gran paso. En cuanto a kilometraje, es como haber competido en ocho carreras&#8221;, comenz\u00f3. El argentino no estuvo presente en las actividades del viernes, ya que <strong>Pierre Gasly<\/strong> complet\u00f3 el programa del equipo de <strong>Enstone<\/strong>.<\/p>\n\n\n\n<p class=\"wp-block-paragraph\">Luego, hizo un r\u00e1pido an\u00e1lisis del orden de potencia de la F1 antes del <strong>GP de Australia<\/strong> y detall\u00f3 el proceso de adaptaci\u00f3n a los nuevos coches. &#8220;Hay cuatro equipos muy por delante y luego viene el resto, donde todos est\u00e1n muy cerca. Tendremos que esperar a ver en la primera carrera d\u00f3nde estamos realmente&#8221;, se\u00f1al\u00f3.<\/p>\n\n\n\n<p class=\"wp-block-paragraph\">&#8220;La adaptaci\u00f3n ser\u00e1 una de las claves en esta primera parte de la temporada. De un circuito a otro, todo cambia: la forma de conducir, el uso de la energ\u00eda. Es diferente al a\u00f1o pasado. Pero creo que el progreso es muy significativo. Y, de un d\u00eda para otro, las cosas cambian y el coche se vuelve m\u00e1s r\u00e1pido y se comporta mejor&#8221;, concluy\u00f3.<\/p>\n\n\n\n<p class=\"wp-block-paragraph\">La <strong>F\u00f3rmula 1 <\/strong>regresa del 5 al 8 de marzo a <strong>Melbourne<\/strong>, sede del <strong>Gran Premio de Australia<\/strong>, carrera inaugural de la <strong>temporada 2026<\/strong>.<\/p>\n\n\n\n<figure class=\"wp-block-embed is-type-video is-provider-youtube wp-block-embed-youtube wp-embed-aspect-16-9 wp-has-aspect-ratio\"><div class=\"wp-block-embed__wrapper\">\n<iframe loading=\"lazy\" title=\"EL AN\u00c1LISIS DE LA PRIMERA SEMANA DE TESTS DE F1 2026 EN BAHR\u00c9IN\" width=\"500\" height=\"281\" src=\"https:\/\/www.youtube.com\/embed\/B54NAgovjjM?feature=oembed\" frameborder=\"0\" allow=\"accelerometer; autoplay; clipboard-write; encrypted-media; gyroscope; picture-in-picture; web-share\" referrerpolicy=\"strict-origin-when-cross-origin\" allowfullscreen><\/iframe>\n<\/div><\/figure>\n","protected":false},"excerpt":{"rendered":"<p>Aunque ha competido en la F\u00f3rmula 1 durante los \u00faltimos dos a\u00f1os, Franco Colapinto particip\u00f3 en las pruebas de pretemporada por primera vez en 2026. Por ello, el argentino afirm\u00f3 que ahora se siente m\u00e1s preparado para ayudar a Alpine.<\/p>\n","protected":false},"author":0,"featured_media":1010392356,"comment_status":"closed","ping_status":"closed","sticky":false,"template":"","format":"standard","meta":{"42wp_featured_image_caption":"","42wp_featured_image_credits":"","42wp_featured_video":"","42wp_featured_image_hidden":false,"42wp_authors_list":[],"footnotes":""},"categories":[5],"tags":[13445,678,9997,1680,179,814,427,1095],"42wp_author":[14240],"class_list":["post-2565","post","type-post","status-publish","format-standard","has-post-thumbnail","hentry","category-f1","tag-a526","tag-alpine","tag-bahrein-2","tag-f1-2026","tag-formula-1","tag-franco-colapinto","tag-pierre-gasly","tag-sakhir","42wp_author-ignacio-bogado"],"_links":{"self":[{"href":"https:\/\/grandepremio.com\/es\/wp-json\/wp\/v2\/posts\/2565","targetHints":{"allow":["GET"]}}],"collection":[{"href":"https:\/\/grandepremio.com\/es\/wp-json\/wp\/v2\/posts"}],"about":[{"href":"https:\/\/grandepremio.com\/es\/wp-json\/wp\/v2\/types\/post"}],"replies":[{"embeddable":true,"href":"https:\/\/grandepremio.com\/es\/wp-json\/wp\/v2\/comments?post=2565"}],"version-history":[{"count":0,"href":"https:\/\/grandepremio.com\/es\/wp-json\/wp\/v2\/posts\/2565\/revisions"}],"wp:featuredmedia":[{"embeddable":true,"href":"https:\/\/grandepremio.com\/es\/wp-json\/wp\/v2\/media\/1010392356"}],"wp:attachment":[{"href":"https:\/\/grandepremio.com\/es\/wp-json\/wp\/v2\/media?parent=2565"}],"wp:term":[{"taxonomy":"category","embeddable":true,"href":"https:\/\/grandepremio.com\/es\/wp-json\/wp\/v2\/categories?post=2565"},{"taxonomy":"post_tag","embeddable":true,"href":"https:\/\/grandepremio.com\/es\/wp-json\/wp\/v2\/tags?post=2565"},{"taxonomy":"42wp_author","embeddable":true,"href":"https:\/\/grandepremio.com\/es\/wp-json\/wp\/v2\/42wp_author?post=2565"}],"curies":[{"name":"wp","href":"https:\/\/api.w.org\/{rel}","templated":true}]}}