{"id":25668,"date":"2021-08-07T12:51:11","date_gmt":"2021-08-07T15:51:11","guid":{"rendered":"https:\/\/grandepremio.com\/es\/2021\/08\/07\/marquez-lamenta-su-escasa-evolucion-fisica-tras-el-receso-del-motogp\/"},"modified":"2021-08-07T13:15:08","modified_gmt":"2021-08-07T16:15:08","slug":"marquez-lamenta-su-escasa-evolucion-fisica-tras-el-receso-del-motogp","status":"publish","type":"post","link":"https:\/\/grandepremio.com\/es\/motogp\/marquez-lamenta-su-escasa-evolucion-fisica-tras-el-receso-del-motogp\/","title":{"rendered":"M\u00e1rquez se decepciona con su evoluci\u00f3n f\u00edsica: \u201cImaginaba un paso m\u00e1s grande\u201d"},"content":{"rendered":"\n<p class=\"wp-block-paragraph\">Marc M\u00e1rquez termin\u00f3 decepcionado con su primera jornada en el GP de Estiria tras el receso del MotoGP. El piloto de Honda cre\u00eda que las cinco semanas sin competir iban a mejorar su estado f\u00edsico tras la fractura de brazo que sufri\u00f3 en el inicio de la temporada 2020, pero el tiempo no fue suficiente para el espa\u00f1ol.<\/p>\n\n\n\n<p class=\"wp-block-paragraph\">El a\u00f1o pasado, Marc tuvo una ca\u00edda en el circuito de Jerez de la Frontera y termin\u00f3 con una fractura en el brazo derecho. <a href=\"https:\/\/grandepremio.com\/es\/\/motogp\/marquez-recuerda-lesion-y-preocupacion-por-mi-vida-no-por-las-carreras\/\">El espa\u00f1ol trat\u00f3 de volver demasiado pronto tras una primera intervenci\u00f3n quir\u00fargica, lo que le agrav\u00f3 su cuadro<\/a>. Finalmente, el piloto de Honda necesit\u00f3 tres operaciones y estuvo nueve meses sin correr, antes de volver a la acci\u00f3n en el GP de Portugal, tercera prueba de 2021.<\/p>\n\n\n\n<figure class=\"wp-block-video\"><video class=\"video-js vjs-big-play-centered\" data-gp-vjs=\"1\" controls src=\"https:\/\/www.grandepremio.com\/br\/wp-content\/uploads\/2021\/08\/MotoGP-2021-Valentino-Rossi.mp4\"><\/video><figcaption>Valentino Rossi se retirar\u00e1 del MotoGP cuando finalice la temporada 2021 (V\u00eddeo: MotoGP)<\/figcaption><\/figure>\n\n\n\n<p class=\"wp-block-paragraph\"><strong>\u00a1Conoce el canal de Gran Premio en\u00a0<a href=\"https:\/\/www.youtube.com\/c\/GrandePremioTV\">YouTube<\/a>!<br>\u00a1Sigue a Gran Premio en\u00a0<a href=\"https:\/\/twitter.com\/granpremioes\" target=\"_blank\" rel=\"noreferrer noopener\">Twitter\u00a0<\/a>y en\u00a0<a href=\"https:\/\/instagram.com\/granpremio_es\" target=\"_blank\" rel=\"noreferrer noopener\">Instagram<\/a>!<\/strong><\/p>\n\n\n\n<p class=\"wp-block-paragraph\">Desde su regreso, el hermano de \u00c1lex siente que no est\u00e1 en perfectas condiciones, pero estaba ilusionado en que las vacaciones iban a ser una gran oportunidad para recuperarse. Sin embargo, tras el primer d\u00eda en Spielberg, Marc observ\u00f3 que la mejora no era la esperada.<\/p>\n\n\n\n<p class=\"wp-block-paragraph\">&#8220;Las vacaciones de verano y las semanas de entrenamiento me han venido bien f\u00edsica y mentalmente&#8221;, dijo M\u00e1rquez. &#8220;Pero, sinceramente, pens\u00e9 que hab\u00eda dado un paso m\u00e1s grande en mi recuperaci\u00f3n&#8221;, sigui\u00f3.<\/p>\n\n\n\n<p class=\"wp-block-paragraph\">&#8220;En cuanto sal\u00ed a la primera sesi\u00f3n, sent\u00ed algunas molestias y me di cuenta de que necesito estar sobre una moto de MotoGP para mejorar mi lesi\u00f3n&#8221;, coment\u00f3. &#8220;Puedo hacer flat-track, motocross, ir al gimnasio mil veces, pero sin estar arriba de la Honda, no se pueden simular exactamente los movimientos. Y hab\u00eda algunos m\u00fasculos que estaban mejor en Assen, pens\u00e9 que el paso adelante en la recuperaci\u00f3n ser\u00eda mayor&#8221;, reconoci\u00f3.<\/p>\n\n\n\n<p class=\"wp-block-paragraph\">El s\u00e9xtuple campe\u00f3n de MotoGP admiti\u00f3 que su actual estado f\u00edsico es un golpe para \u00e9l, pero, como en otras oportunidades, habl\u00f3 de ser paciente.<\/p>\n\n\n\n<figure class=\"wp-block-video\"><video class=\"video-js vjs-big-play-centered\" data-gp-vjs=\"1\" controls src=\"https:\/\/www.grandepremio.com\/br\/wp-content\/uploads\/2021\/08\/MotoGP-2021-Estiria-Red-Bull-Ring-Sabado-TL3-Marc-Marquez.mp4\"><\/video><figcaption>Marc M\u00e1rquez esperaba tener una mejor performance en Austria (V\u00eddeo: MotoGP)<\/figcaption><\/figure>\n\n\n\n<p class=\"wp-block-paragraph\">&#8220;La mejora no fue la deseada y eso es un golpe para m\u00ed, porque no lo esperaba. Pero hay que seguir y tener paciencia&#8221;, reflexion\u00f3. &#8220;A pesar de todo, no fui lento, tuve un nivel aceptable, pero no el que buscaba. Siempre se quiere m\u00e1s y se busca la perfecci\u00f3n&#8221;, subray\u00f3.<\/p>\n\n\n\n<p class=\"wp-block-paragraph\">&#8220;Tenemos que seguir trabajando para entender lo que est\u00e1 pasando&#8221;, defendi\u00f3. &#8220;En la primera sesi\u00f3n me sent\u00ed muy mal al principio y luego fui mejorando. Me gustar\u00eda pensar que eso es un punto positivo&#8221;, concluy\u00f3.<\/p>\n","protected":false},"excerpt":{"rendered":"<p>Marc M\u00e1rquez termin\u00f3 decepcionado con su primera jornada en el GP de Estiria tras el receso del MotoGP. El piloto de Honda cre\u00eda que las cinco semanas sin competir iban a mejorar su estado f\u00edsico tras la fractura de brazo que sufri\u00f3 en el inicio de la temporada 2020, pero el tiempo no fue suficiente [&hellip;]<\/p>\n","protected":false},"author":0,"featured_media":1010031415,"comment_status":"closed","ping_status":"closed","sticky":false,"template":"","format":"standard","meta":{"42wp_featured_image_caption":"","42wp_featured_image_credits":"","42wp_featured_video":"","42wp_featured_image_hidden":false,"42wp_authors_list":[],"footnotes":""},"categories":[8],"tags":[360,221,1308,1293],"42wp_author":[14223],"class_list":["post-25668","post","type-post","status-publish","format-standard","has-post-thumbnail","hentry","category-motogp","tag-gp-de-estiria","tag-honda","tag-marc-marquez","tag-motogp","42wp_author-esteban-nieto"],"_links":{"self":[{"href":"https:\/\/grandepremio.com\/es\/wp-json\/wp\/v2\/posts\/25668","targetHints":{"allow":["GET"]}}],"collection":[{"href":"https:\/\/grandepremio.com\/es\/wp-json\/wp\/v2\/posts"}],"about":[{"href":"https:\/\/grandepremio.com\/es\/wp-json\/wp\/v2\/types\/post"}],"replies":[{"embeddable":true,"href":"https:\/\/grandepremio.com\/es\/wp-json\/wp\/v2\/comments?post=25668"}],"version-history":[{"count":0,"href":"https:\/\/grandepremio.com\/es\/wp-json\/wp\/v2\/posts\/25668\/revisions"}],"wp:featuredmedia":[{"embeddable":true,"href":"https:\/\/grandepremio.com\/es\/wp-json\/wp\/v2\/media\/1010031415"}],"wp:attachment":[{"href":"https:\/\/grandepremio.com\/es\/wp-json\/wp\/v2\/media?parent=25668"}],"wp:term":[{"taxonomy":"category","embeddable":true,"href":"https:\/\/grandepremio.com\/es\/wp-json\/wp\/v2\/categories?post=25668"},{"taxonomy":"post_tag","embeddable":true,"href":"https:\/\/grandepremio.com\/es\/wp-json\/wp\/v2\/tags?post=25668"},{"taxonomy":"42wp_author","embeddable":true,"href":"https:\/\/grandepremio.com\/es\/wp-json\/wp\/v2\/42wp_author?post=25668"}],"curies":[{"name":"wp","href":"https:\/\/api.w.org\/{rel}","templated":true}]}}