{"id":25673,"date":"2021-08-06T17:45:18","date_gmt":"2021-08-06T20:45:18","guid":{"rendered":"https:\/\/grandepremio.com\/es\/2021\/08\/06\/jefe-de-la-formula-1-anuncia-tercera-carrera-sprint-en-el-gp-de-sao-paulo\/"},"modified":"2021-08-06T17:51:46","modified_gmt":"2021-08-06T20:51:46","slug":"jefe-de-la-formula-1-anuncia-tercera-carrera-sprint-en-el-gp-de-sao-paulo","status":"publish","type":"post","link":"https:\/\/grandepremio.com\/es\/f1\/jefe-de-la-formula-1-anuncia-tercera-carrera-sprint-en-el-gp-de-sao-paulo\/","title":{"rendered":"Jefe de la F1 anuncia tercera carrera sprint de la temporada en el GP de S\u00e3o Paulo"},"content":{"rendered":"\n<p class=\"wp-block-paragraph\">El director general de la F\u00f3rmula 1, Stefano Domenicali, volvi\u00f3 a hablar sobre el formato de clasificaci\u00f3n sprint, utilizado por primera vez durante el fin de semana del GP de Gran Breta\u00f1a en julio. El jefe hizo un an\u00e1lisis sobre el \u00e9xito de la primera prueba y las siguientes que est\u00e1n por venir en 2021.<\/p>\n\n\n\n<p class=\"wp-block-paragraph\">En una rueda de prensa virtual, Domenicali confirm\u00f3 los planes de llevar a cabo el formato en el GP de Sao Paulo, previsto para noviembre. Con otra prueba pautada en el GP de Italia, el jefe quiere tomar decisiones sobre este tipo de eventos una vez que se celebren los primeros tres, aunque seg\u00fan su punto de vista, el inicio es prometedor.<\/p>\n\n\n\n<p class=\"wp-block-paragraph\"><strong>\u00a1Conoce el canal de Gran Premio en\u00a0<a href=\"https:\/\/www.youtube.com\/c\/GrandePremioTV\">YouTube<\/a>!<br>\u00a1Sigue a Gran Premio en\u00a0<a href=\"https:\/\/twitter.com\/granpremioes\" target=\"_blank\" rel=\"noreferrer noopener\">Twitter\u00a0<\/a>y en\u00a0<a href=\"https:\/\/instagram.com\/granpremio_es\" target=\"_blank\" rel=\"noreferrer noopener\">Instagram<\/a>!<\/strong><\/p>\n\n\n\n<figure class=\"wp-block-video\"><video class=\"video-js vjs-big-play-centered\" data-gp-vjs=\"1\" controls src=\"https:\/\/www.grandepremio.com\/br\/wp-content\/uploads\/2021\/08\/Largada_Hungria.mp4\"><\/video><figcaption>C\u00f3mo fue la ca\u00f3tica largada del GP de Hungr\u00eda de F1 (V\u00eddeo: F1)<\/figcaption><\/figure>\n\n\n\n<p class=\"wp-block-paragraph\">&#8220;En primer lugar, cuando hablamos del formato sprint, la idea era ofrecer algo diferente a todos los interesados en la F\u00f3rmula 1. Hablamos de que quer\u00edamos hacer tres pruebas. Una fue en Silverstone, otra ser\u00e1 en Monza, y otra ser\u00e1 al final de la temporada, en Brasil. Luego de estas competencias, tendremos un plan para ver cu\u00e1l ser\u00e1 el siguiente paso&#8221;, coment\u00f3 Stefano.<\/p>\n\n\n\n<p class=\"wp-block-paragraph\">El GP de S\u00e3o Paulo est\u00e1 previsto para el fin de semana del 12, 13 y 14 de noviembre en el circuito de Interlagos. La carrera a\u00fan corre el riesgo de ser cancelada debido a la indefinici\u00f3n sobre la pandemia de Covid-19.<\/p>\n\n\n\n<figure class=\"wp-block-image size-large\"><img decoding=\"async\" src=\"https:\/\/grandepremio.com\/es\/\/wp-content\/uploads\/2021\/06\/M242096-1024x683.jpg\" alt=\"\" class=\"wp-image-27680\"\/><figcaption>Despu\u00e9s de la primera experiencia en Silverstone, la F1 correr\u00e1 carreras sprint en Monza y S\u00e3o Paulo. (Foto: LAT Images)<\/figcaption><\/figure>\n\n\n\n<p class=\"wp-block-paragraph\">&#8220;Despu\u00e9s de la primera en Silverstone, la respuesta que tuvimos de los pilotos, los equipos y los medios de comunicaci\u00f3n fue muy positiva. La gente que estuvo en el aut\u00f3dromo el viernes ya estaba emocionada por la primera clasificaci\u00f3n&#8221;, continu\u00f3.<\/p>\n\n\n\n<p class=\"wp-block-paragraph\">Domenicali tambi\u00e9n confirm\u00f3 la intenci\u00f3n de mantener el formato sprint en los GPs considerados &#8220;hist\u00f3ricos&#8221;, con premios diferentes. Max Verstappen logr\u00f3 la pole position en Inglaterra, <a href=\"https:\/\/grandepremio.com\/es\/\/f1\/verstappen-se-toca-con-hamilton-golpea-contra-defensas-y-abandona\/\">pero abandon\u00f3 la carrera en Silverstone al despistarse tras un toque con Lewis Hamilton<\/a>.<\/p>\n\n\n\n<p class=\"wp-block-paragraph\">&#8220;Lo que puedo decir es que si vamos en esta direcci\u00f3n en el futuro, no ser\u00e1 en todas las carreras. Tenemos ideas de crear un formato especial para los GPs hist\u00f3ricos, y ciertos tipos de premios especiales que queremos ofrecer, y tambi\u00e9n a\u00f1adir a la incre\u00edble plataforma de la F\u00f3rmula 1&#8221;, concluy\u00f3.<\/p>\n","protected":false},"excerpt":{"rendered":"<p>El director general de la F\u00f3rmula 1, Stefano Domenicali, volvi\u00f3 a hablar sobre el formato de clasificaci\u00f3n sprint, utilizado por primera vez durante el fin de semana del GP de Gran Breta\u00f1a en julio. El jefe hizo un an\u00e1lisis sobre el \u00e9xito de la primera prueba y las siguientes que est\u00e1n por venir en 2021. [&hellip;]<\/p>\n","protected":false},"author":0,"featured_media":1010023493,"comment_status":"closed","ping_status":"closed","sticky":false,"template":"","format":"standard","meta":{"42wp_featured_image_caption":"","42wp_featured_image_credits":"","42wp_featured_video":"","42wp_featured_image_hidden":false,"42wp_authors_list":[],"footnotes":""},"categories":[5],"tags":[1525,181,179,1468,1441,789],"42wp_author":[14223],"class_list":["post-25673","post","type-post","status-publish","format-standard","has-post-thumbnail","hentry","category-f1","tag-carrera-clasificatoria","tag-f1","tag-formula-1","tag-gp-de-sao-paulo","tag-sprint","tag-stefano-domenicali","42wp_author-esteban-nieto"],"_links":{"self":[{"href":"https:\/\/grandepremio.com\/es\/wp-json\/wp\/v2\/posts\/25673","targetHints":{"allow":["GET"]}}],"collection":[{"href":"https:\/\/grandepremio.com\/es\/wp-json\/wp\/v2\/posts"}],"about":[{"href":"https:\/\/grandepremio.com\/es\/wp-json\/wp\/v2\/types\/post"}],"replies":[{"embeddable":true,"href":"https:\/\/grandepremio.com\/es\/wp-json\/wp\/v2\/comments?post=25673"}],"version-history":[{"count":0,"href":"https:\/\/grandepremio.com\/es\/wp-json\/wp\/v2\/posts\/25673\/revisions"}],"wp:featuredmedia":[{"embeddable":true,"href":"https:\/\/grandepremio.com\/es\/wp-json\/wp\/v2\/media\/1010023493"}],"wp:attachment":[{"href":"https:\/\/grandepremio.com\/es\/wp-json\/wp\/v2\/media?parent=25673"}],"wp:term":[{"taxonomy":"category","embeddable":true,"href":"https:\/\/grandepremio.com\/es\/wp-json\/wp\/v2\/categories?post=25673"},{"taxonomy":"post_tag","embeddable":true,"href":"https:\/\/grandepremio.com\/es\/wp-json\/wp\/v2\/tags?post=25673"},{"taxonomy":"42wp_author","embeddable":true,"href":"https:\/\/grandepremio.com\/es\/wp-json\/wp\/v2\/42wp_author?post=25673"}],"curies":[{"name":"wp","href":"https:\/\/api.w.org\/{rel}","templated":true}]}}