{"id":25677,"date":"2021-08-06T12:40:40","date_gmt":"2021-08-06T15:40:40","guid":{"rendered":"https:\/\/grandepremio.com\/es\/2021\/08\/06\/rossi-revela-ganas-de-correr-en-auto-pero-admite-no-se-que-nivel-tengo\/"},"modified":"2021-08-06T12:52:13","modified_gmt":"2021-08-06T15:52:13","slug":"rossi-revela-ganas-de-correr-en-auto-pero-admite-no-se-que-nivel-tengo","status":"publish","type":"post","link":"https:\/\/grandepremio.com\/es\/motogp\/rossi-revela-ganas-de-correr-en-auto-pero-admite-no-se-que-nivel-tengo\/","title":{"rendered":"Rossi revela deseo de hacer automovilismo, pero reconoce: &#8220;No s\u00e9 d\u00f3nde est\u00e1 mi nivel&#8221;"},"content":{"rendered":"\n<p class=\"wp-block-paragraph\"><a href=\"https:\/\/grandepremio.com\/es\/\/motogp\/noticias\/mayor-de-la-historia-o-no-rossi-transformo-y-popularizo-el-motogp\/\">Valentino Rossi anunci\u00f3 que dejar\u00e1 el MotoGP cuando finalice la temporada 2021<\/a>. Pero tambi\u00e9n en la misma rueda de prensa en la que hizo su anuncio, en la previa del GP de Estiria, el italiano admiti\u00f3 que desea dedicarse al automovilismo.<\/p>\n\n\n\n<p class=\"wp-block-paragraph\">En su anuncio, Valentino reconoci\u00f3 que no cuenta con grandes objetivos para su nueva vida posterior al motociclismo, aunque afirm\u00f3 que le gustar\u00eda correr las 24 Horas de Le Mans. No obstante, lo har\u00e1 sin ponerse presi\u00f3n en lo que respecta a victorias y resultados, porque no sabe cu\u00e1l ser\u00e1 su nivel.<\/p>\n\n\n\n<p class=\"wp-block-paragraph\"><strong>\u00a1Conoce el canal de Gran Premio en\u00a0<a href=\"https:\/\/www.youtube.com\/c\/GrandePremioTV\">YouTube<\/a>!<br>\u00a1Sigue a Gran Premio en\u00a0<a href=\"https:\/\/twitter.com\/granpremioes\" target=\"_blank\" rel=\"noreferrer noopener\">Twitter\u00a0<\/a>y en\u00a0<a href=\"https:\/\/instagram.com\/granpremio_es\" target=\"_blank\" rel=\"noreferrer noopener\">Instagram<\/a>!<\/strong><\/p>\n\n\n\n<p class=\"wp-block-paragraph\">&#8220;Siempre me guston los autos de carrera. Empec\u00e9 en el karting, porque mi padre Graziano ten\u00eda miedo de las motos -tuvo muchas lesiones- y pensaba que los autos eran m\u00e1s seguros. Dos o tres a\u00f1os despu\u00e9s, prob\u00e9 la minimoto. Y luego las motos, por suerte&#8221;, expres\u00f3.<\/p>\n\n\n\n<figure class=\"wp-block-video\"><video class=\"video-js vjs-big-play-centered\" data-gp-vjs=\"1\" controls src=\"https:\/\/www.grandepremio.com\/br\/wp-content\/uploads\/2021\/08\/MotoGP-2021-Valentino-Rossi.mp4\"><\/video><figcaption>Valentino Rossi se retirar\u00e1 del MotoGP cuando finalice la temporada 2021 (V\u00eddeo: MotoGP)<\/figcaption><\/figure>\n\n\n\n<p class=\"wp-block-paragraph\">&#8220;Por suerte digo, porque no s\u00e9 si hubiera conseguido tantos resultados con los autos, no lo creo. As\u00ed que fue una buena elecci\u00f3n. De todos modos, est\u00e1 en mi coraz\u00f3n. Durante mi carrera en el motociclismo, siempre intent\u00e9 mejorar mis habilidades con los autos. Corr\u00ed, hice muchos kil\u00f3metros para prepararme para este momento. Pero no s\u00e9, no conozco mi nivel, no es el mismo que en la moto. Pero nunca se corre s\u00f3lo por diversi\u00f3n. Los pilotos compiten para ser fuertes, para ganar y para superar a los dem\u00e1s&#8221;, manifest\u00f3 Rossi.<\/p>\n\n\n\n<p class=\"wp-block-paragraph\">Por el momento, no lo s\u00e9. No s\u00e9 qu\u00e9 coches ni qu\u00e9 carreras. Dije que me gustar\u00eda correr las 24 horas de Le Mans, y hay muchas carreras en todo el mundo. Creo que me va a gustar&#8221;, concluy\u00f3 el italiano.<\/p>\n\n\n\n<p class=\"wp-block-paragraph\">Pero todav\u00eda tiene media temporada por delante en MotoGP. Este fin de semana, en el Red Bull Ring, se celebra el GP de Estiria. Con Valentino.<\/p>\n","protected":false},"excerpt":{"rendered":"<p>Valentino Rossi anunci\u00f3 que dejar\u00e1 el MotoGP cuando finalice la temporada 2021. Pero tambi\u00e9n en la misma rueda de prensa en la que hizo su anuncio, en la previa del GP de Estiria, el italiano admiti\u00f3 que desea dedicarse al automovilismo. En su anuncio, Valentino reconoci\u00f3 que no cuenta con grandes objetivos para su nueva [&hellip;]<\/p>\n","protected":false},"author":0,"featured_media":1010031305,"comment_status":"closed","ping_status":"closed","sticky":false,"template":"","format":"standard","meta":{"42wp_featured_image_caption":"","42wp_featured_image_credits":"","42wp_featured_video":"","42wp_featured_image_hidden":false,"42wp_authors_list":[],"footnotes":""},"categories":[8],"tags":[360,1293,1295],"42wp_author":[14223],"class_list":["post-25677","post","type-post","status-publish","format-standard","has-post-thumbnail","hentry","category-motogp","tag-gp-de-estiria","tag-motogp","tag-valentino-rossi","42wp_author-esteban-nieto"],"_links":{"self":[{"href":"https:\/\/grandepremio.com\/es\/wp-json\/wp\/v2\/posts\/25677","targetHints":{"allow":["GET"]}}],"collection":[{"href":"https:\/\/grandepremio.com\/es\/wp-json\/wp\/v2\/posts"}],"about":[{"href":"https:\/\/grandepremio.com\/es\/wp-json\/wp\/v2\/types\/post"}],"replies":[{"embeddable":true,"href":"https:\/\/grandepremio.com\/es\/wp-json\/wp\/v2\/comments?post=25677"}],"version-history":[{"count":0,"href":"https:\/\/grandepremio.com\/es\/wp-json\/wp\/v2\/posts\/25677\/revisions"}],"wp:featuredmedia":[{"embeddable":true,"href":"https:\/\/grandepremio.com\/es\/wp-json\/wp\/v2\/media\/1010031305"}],"wp:attachment":[{"href":"https:\/\/grandepremio.com\/es\/wp-json\/wp\/v2\/media?parent=25677"}],"wp:term":[{"taxonomy":"category","embeddable":true,"href":"https:\/\/grandepremio.com\/es\/wp-json\/wp\/v2\/categories?post=25677"},{"taxonomy":"post_tag","embeddable":true,"href":"https:\/\/grandepremio.com\/es\/wp-json\/wp\/v2\/tags?post=25677"},{"taxonomy":"42wp_author","embeddable":true,"href":"https:\/\/grandepremio.com\/es\/wp-json\/wp\/v2\/42wp_author?post=25677"}],"curies":[{"name":"wp","href":"https:\/\/api.w.org\/{rel}","templated":true}]}}